{"id":264757,"date":"2025-07-22T03:58:24","date_gmt":"2025-07-22T03:58:24","guid":{"rendered":"https:\/\/www.europesays.com\/fr\/264757\/"},"modified":"2025-07-22T03:58:24","modified_gmt":"2025-07-22T03:58:24","slug":"lolympique-de-marseille-accroche-par-un-club-belge-amical-royal-olympic-club-de-charleroi-olympique-de-marseille-1-1","status":"publish","type":"post","link":"https:\/\/www.europesays.com\/fr\/264757\/","title":{"rendered":"L&rsquo;Olympique de Marseille accroch\u00e9 par un club belge &#8211; Amical &#8211; Royal Olympic Club de Charleroi-Olympique de Marseille (1-1)"},"content":{"rendered":"<p><a target=\"_blank\" href=\"https:\/\/www.sofoot.com\/breves\/mercato-valentin-rongier-est-un-joueur-du-stade-rennais\" rel=\"nofollow noopener\">La vie sans Rongier, c\u2019est tout de suite plus compliqu\u00e9e.<\/a><\/p>\n<p>Apr\u00e8s s\u2019\u00eatre largement impos\u00e9 face \u00e0 l\u2019Excelsior Maassluis (5-0), modeste formation de troisi\u00e8me division n\u00e9erlandaise, dimanche, <strong>l\u2019Olympique de Marseille a eu bien plus de mal face au Royal Olympic Club de Charleroi ce lundi<\/strong>. Les hommes de Roberto De Zerbi n\u2019ont pu faire mieux qu\u2019<strong>un match nul face \u00e0 la formation belge, qui \u00e9volue en deuxi\u00e8me division (1-1).<\/strong><\/p>\n<p>Une expulsion pour du beurre et un top but<\/p>\n<p>Avec un <strong>onze tr\u00e8s remani\u00e9<\/strong>, positionn\u00e9 en 3-4-2-1, les Phoc\u00e9ens ont d\u2019abord encaiss\u00e9 un but d\u00e8s la 23\u1d49 minute avant qu\u2019Amir Murillo ne re\u00e7oive deux cartons jaunes cons\u00e9cutifs. Pour ne pas fausser la rencontre, les Olympiens ont pu continuer la rencontre \u00e0 onze. Servi par Pierre-Emile H\u00f8jbjerg c\u00f4t\u00e9 droit, <strong>Mason Greenwood a inscrit un nouveau but en logeant le cuir en pleine lucarne oppos\u00e9e gr\u00e2ce \u00e0 une frappe surpuissante, permettant aux siens d\u2019obtenir le nul et de signer un quatri\u00e8me pion en deux matchs de pr\u00e9paration.<\/strong><\/p>\n<p><a target=\"_blank\" href=\"https:\/\/x.com\/Beye13\/status\/1947355664960950723\" rel=\"nofollow\">Prochain rendez-vous samedi face \u00e0 G\u00e9rone.<\/a><\/p>\n<p>\t\t\t\t\t\t\t\t\t\t<a class=\"lien-connexe\" href=\"https:\/\/www.sofoot.com\/breves\/ligue-des-champions-franck-haise-juge-que-nice-ne-pouvait-pas-tomber-sur-un-pire-tirage\" rel=\"nofollow noopener\" target=\"_blank\">Franck Haise juge que Nice ne pouvait pas tomber sur un pire tirage<\/a>\t\t\t\t\t<\/p>\n","protected":false},"excerpt":{"rendered":"La vie sans Rongier, c\u2019est tout de suite plus compliqu\u00e9e. Apr\u00e8s s\u2019\u00eatre largement impos\u00e9 face \u00e0 l\u2019Excelsior Maassluis&hellip;\n","protected":false},"author":2,"featured_media":264758,"comment_status":"","ping_status":"","sticky":false,"template":"","format":"standard","meta":{"footnotes":""},"categories":[2814],"tags":[1111,47,11,61,69,65,64,1777,674,63,1011,27,68,66,884,12,62,70,882,25,67],"class_list":{"0":"post-264757","1":"post","2":"type-post","3":"status-publish","4":"format-standard","5":"has-post-thumbnail","7":"category-marseille","8":"tag-actu","9":"tag-actualite","10":"tag-actualites","11":"tag-actus-football","12":"tag-bundesliga","13":"tag-championnats-europeens","14":"tag-equipe-de-france","15":"tag-eu","16":"tag-europe","17":"tag-football","18":"tag-fr","19":"tag-france","20":"tag-ligua","21":"tag-ligue-1","22":"tag-marseille","23":"tag-news","24":"tag-news-foot","25":"tag-premier-league","26":"tag-provence-alpes-cote-dazur","27":"tag-republique-francaise","28":"tag-serie-a"},"share_on_mastodon":{"url":"https:\/\/pubeurope.com\/@fr\/114894884246359008","error":""},"_links":{"self":[{"href":"https:\/\/www.europesays.com\/fr\/wp-json\/wp\/v2\/posts\/264757","targetHints":{"allow":["GET"]}}],"collection":[{"href":"https:\/\/www.europesays.com\/fr\/wp-json\/wp\/v2\/posts"}],"about":[{"href":"https:\/\/www.europesays.com\/fr\/wp-json\/wp\/v2\/types\/post"}],"author":[{"embeddable":true,"href":"https:\/\/www.europesays.com\/fr\/wp-json\/wp\/v2\/users\/2"}],"replies":[{"embeddable":true,"href":"https:\/\/www.europesays.com\/fr\/wp-json\/wp\/v2\/comments?post=264757"}],"version-history":[{"count":0,"href":"https:\/\/www.europesays.com\/fr\/wp-json\/wp\/v2\/posts\/264757\/revisions"}],"wp:featuredmedia":[{"embeddable":true,"href":"https:\/\/www.europesays.com\/fr\/wp-json\/wp\/v2\/media\/264758"}],"wp:attachment":[{"href":"https:\/\/www.europesays.com\/fr\/wp-json\/wp\/v2\/media?parent=264757"}],"wp:term":[{"taxonomy":"category","embeddable":true,"href":"https:\/\/www.europesays.com\/fr\/wp-json\/wp\/v2\/categories?post=264757"},{"taxonomy":"post_tag","embeddable":true,"href":"https:\/\/www.europesays.com\/fr\/wp-json\/wp\/v2\/tags?post=264757"}],"curies":[{"name":"wp","href":"https:\/\/api.w.org\/{rel}","templated":true}]}}