{"id":264764,"date":"2025-07-22T04:04:27","date_gmt":"2025-07-22T04:04:27","guid":{"rendered":"https:\/\/www.europesays.com\/fr\/264764\/"},"modified":"2025-07-22T04:04:27","modified_gmt":"2025-07-22T04:04:27","slug":"cest-quoi-ce-superette-gate-qui-dechaine-le-6e-arrondissement-et-bientot-toute-la-france","status":"publish","type":"post","link":"https:\/\/www.europesays.com\/fr\/264764\/","title":{"rendered":"C\u2019est quoi ce \u00ab sup\u00e9rette-gate \u00bb qui d\u00e9cha\u00eene le 6e arrondissement (et bient\u00f4t toute la France) ?"},"content":{"rendered":"<p><strong>Au carrefour des classes &#8211; L\u2019installation \u00e0 venir d\u2019un Carrefour city dans le quartier de Notre-Dame des Champs \u00e0 Paris prend des airs de fable sociale en raison des c\u00e9l\u00e9brit\u00e9s impliqu\u00e9es et de leur opposition \u00e0 ce type de commerces<\/strong><\/p>\n<p>Quand une simple affaire de quartier tourne \u00e0 la <a href=\"https:\/\/www.20minutes.fr\/societe\/1836551-20160429-lutte-classes-realite-toujours-actualite-69-francais?at_medium=RSS%20feed&amp;at_campaign=ynews&amp;utm_source=yahoo&amp;utm_medium=rss&amp;utm_campaign=news_feed&amp;utm_content=in_article_link\" rel=\"nofollow noopener\" target=\"_blank\" data-ylk=\"slk:lutte des classes;elm:context_link;itc:0;sec:content-canvas\" class=\"link \">lutte des classes<\/a>. Depuis plusieurs jours, l\u2019installation d\u2019un <a href=\"https:\/\/www.20minutes.fr\/economie\/carrefour\/?at_medium=RSS%20feed&amp;at_campaign=ynews&amp;utm_source=yahoo&amp;utm_medium=rss&amp;utm_campaign=news_feed&amp;utm_content=in_article_link\" rel=\"nofollow noopener\" target=\"_blank\" data-ylk=\"slk:Carrefour city;elm:context_link;itc:0;sec:content-canvas\" class=\"link \">Carrefour city<\/a> dans le 6e\u00a0arrondissement de <a href=\"https:\/\/www.20minutes.fr\/paris\/?at_medium=RSS%20feed&amp;at_campaign=ynews&amp;utm_source=yahoo&amp;utm_medium=rss&amp;utm_campaign=news_feed&amp;utm_content=in_article_link\" rel=\"nofollow noopener\" target=\"_blank\" data-ylk=\"slk:Paris;elm:context_link;itc:0;sec:content-canvas\" class=\"link \">Paris <\/a>d\u00e9cha\u00eene les passions dans un feuilleton de l\u2019\u00e9t\u00e9 digne de \u00ab\u00a0<a href=\"https:\/\/www.tf1.fr\/tf1\/dolmen?at_medium=RSS%20feed&amp;at_campaign=ynews&amp;utm_source=yahoo&amp;utm_medium=rss&amp;utm_campaign=news_feed&amp;utm_content=in_article_link\" rel=\"nofollow noopener\" target=\"_blank\" data-ylk=\"slk:Dolmen\u00a0;elm:context_link;itc:0;sec:content-canvas\" class=\"link \">Dolmen\u00a0<\/a>\u00bb ou \u00ab\u00a0C\u0153ur Cara\u00efbes\u00a0\u00bb tant par son sujet que par l\u2019identit\u00e9 des protagonistes.<\/p>\n<p>Depuis plusieurs semaines, une rumeur agite le quartier de Notre-Dame-Des-Champs, dans le 6e\u00a0arrondissement de Paris. A quelques encablures du <a href=\"https:\/\/www.20minutes.fr\/tempo\/escapade\/4164246-20250719-meilleurs-endroits-pique-niquer-paris?at_medium=RSS%20feed&amp;at_campaign=ynews&amp;utm_source=yahoo&amp;utm_medium=rss&amp;utm_campaign=news_feed&amp;utm_content=in_article_link\" rel=\"nofollow noopener\" target=\"_blank\" data-ylk=\"slk:jardin du Luxembourg;elm:context_link;itc:0;sec:content-canvas\" class=\"link \">jardin du Luxembourg<\/a>, situ\u00e9e entre la rue Br\u00e9a et la rue Vavin, la petite place pav\u00e9e \u00ab\u00a0Laurent Terzieff et Pascale de Boysson\u00a0\u00bb, pourrait changer de visage.<\/p>\n<p>Un petit march\u00e9 vu comme une \u00ab\u00a0nuisance\u00a0\u00bb par 3.000 signataires<\/p>\n<p>Il se dit que le local commercial situ\u00e9 \u00e0 l\u2019angle des deux rues pourrait accueillir au courant de l\u2019\u00e9t\u00e9 (l\u2019installation serait pr\u00e9vue le 21\u00a0ao\u00fbt) un Carrefour City, l\u00e0 o\u00f9, il y a quelques mois encore, tr\u00f4nait un magasin de jouets Oxybul. Une h\u00e9r\u00e9sie pour les habitants du quartier qui voient cette installation d\u2019un tr\u00e8s mauvais \u0153il.<\/p>\n<p>D\u2019abord parce qu\u2019elle jurerait avec les caf\u00e9s, la fontaine Wallace et l\u2019immeuble class\u00e9 d\u2019Henri Sauvage. Mais surtout parce que les riverains craignent pour \u00ab\u00a0les nuisances\u00a0\u00bb, \u00ab\u00a0les risques pour leur s\u00e9curit\u00e9\u00a0\u00bb ou \u00ab\u00a0la peur de voir les d\u00e9chets s\u2019accumuler\u00a0\u00bb, citant p\u00eale-m\u00eale la mendicit\u00e9, une nouvelle population tent\u00e9e de venir se fournir en alcool le soir,\u00a0etc.<\/p>\n<p>Aussi, pour sauver leur quotidien en p\u00e9ril, nombre d\u2019entre eux (environ 3.000 selon les diff\u00e9rentes sources), ont sign\u00e9 la p(&#8230;)<\/p>\n<p><a href=\"https:\/\/www.20minutes.fr\/paris\/4164590-20250721-paris-quoi-superette-gate-dechaine-6e-arrondissement-bientot-toute-france?at_medium=RSS%20feed&amp;at_campaign=ynews&amp;utm_source=yahoo&amp;utm_medium=rss&amp;utm_campaign=news_feed&amp;utm_content=read_more_link&quot;\" rel=\"nofollow noopener\" target=\"_blank\" data-ylk=\"slk:Lire la suite sur 20minutes;elm:context_link;itc:0;sec:content-canvas\" class=\"link \">Lire la suite sur 20minutes<\/a><\/p>\n<p>\u00c0 lire aussi :<br \/><a href=\"https:\/\/www.20minutes.fr\/paris\/4164336-20250721-paris-comment-ratp-compte-faire-cohabiter-bus-velos?at_medium=RSS%20feed&amp;at_campaign=ynews&amp;utm_source=yahoo&amp;utm_medium=rss&amp;utm_campaign=news_feed&amp;utm_content=related_content_link\" rel=\"nofollow noopener\" target=\"_blank\" data-ylk=\"slk:Paris\u00a0: Comment la RATP compte faire cohabiter les bus et les v\u00e9los\u00a0?;elm:context_link;itc:0;sec:content-canvas\" class=\"link \">Paris\u00a0: Comment la RATP compte faire cohabiter les bus et les v\u00e9los\u00a0?<\/a><br \/><a href=\"https:\/\/www.20minutes.fr\/paris\/4163349-20250711-justice-ordonne-demolition-terrains-padel-situes-pres-parc-chateau-versailles?at_medium=RSS%20feed&amp;at_campaign=ynews&amp;utm_source=yahoo&amp;utm_medium=rss&amp;utm_campaign=news_feed&amp;utm_content=related_content_link\" rel=\"nofollow noopener\" target=\"_blank\" data-ylk=\"slk:Versailles: La justice ordonne la d\u00e9molition de terrains de padel situ\u00e9s pr\u00e8s du parc du ch\u00e2teau;elm:context_link;itc:0;sec:content-canvas\" class=\"link \">Versailles: La justice ordonne la d\u00e9molition de terrains de padel situ\u00e9s pr\u00e8s du parc du ch\u00e2teau<\/a><\/p>\n","protected":false},"excerpt":{"rendered":"Au carrefour des classes &#8211; L\u2019installation \u00e0 venir d\u2019un Carrefour city dans le quartier de Notre-Dame des Champs&hellip;\n","protected":false},"author":2,"featured_media":264765,"comment_status":"","ping_status":"","sticky":false,"template":"","format":"standard","meta":{"footnotes":""},"categories":[1888],"tags":[15222,1111,1928,11,1927,4304,1777,674,1011,27,40436,40437,40435,12,1926,40434,626,1925,25],"class_list":{"0":"post-264764","1":"post","2":"type-post","3":"status-publish","4":"format-standard","5":"has-post-thumbnail","7":"category-paris","8":"tag-6e-arrondissement","9":"tag-actu","10":"tag-actu-paris","11":"tag-actualites","12":"tag-actualites-paris","13":"tag-carrefour","14":"tag-eu","15":"tag-europe","16":"tag-fr","17":"tag-france","18":"tag-jardin-du-luxembourg","19":"tag-laurent-terzieff","20":"tag-lutte-des-classes","21":"tag-news","22":"tag-news-paris","23":"tag-notre-dame-des-champs","24":"tag-paris","25":"tag-paris-news","26":"tag-republique-francaise"},"share_on_mastodon":{"url":"https:\/\/pubeurope.com\/@fr\/114894907870259564","error":""},"_links":{"self":[{"href":"https:\/\/www.europesays.com\/fr\/wp-json\/wp\/v2\/posts\/264764","targetHints":{"allow":["GET"]}}],"collection":[{"href":"https:\/\/www.europesays.com\/fr\/wp-json\/wp\/v2\/posts"}],"about":[{"href":"https:\/\/www.europesays.com\/fr\/wp-json\/wp\/v2\/types\/post"}],"author":[{"embeddable":true,"href":"https:\/\/www.europesays.com\/fr\/wp-json\/wp\/v2\/users\/2"}],"replies":[{"embeddable":true,"href":"https:\/\/www.europesays.com\/fr\/wp-json\/wp\/v2\/comments?post=264764"}],"version-history":[{"count":0,"href":"https:\/\/www.europesays.com\/fr\/wp-json\/wp\/v2\/posts\/264764\/revisions"}],"wp:featuredmedia":[{"embeddable":true,"href":"https:\/\/www.europesays.com\/fr\/wp-json\/wp\/v2\/media\/264765"}],"wp:attachment":[{"href":"https:\/\/www.europesays.com\/fr\/wp-json\/wp\/v2\/media?parent=264764"}],"wp:term":[{"taxonomy":"category","embeddable":true,"href":"https:\/\/www.europesays.com\/fr\/wp-json\/wp\/v2\/categories?post=264764"},{"taxonomy":"post_tag","embeddable":true,"href":"https:\/\/www.europesays.com\/fr\/wp-json\/wp\/v2\/tags?post=264764"}],"curies":[{"name":"wp","href":"https:\/\/api.w.org\/{rel}","templated":true}]}}