{"id":264770,"date":"2025-07-22T04:07:11","date_gmt":"2025-07-22T04:07:11","guid":{"rendered":"https:\/\/www.europesays.com\/fr\/264770\/"},"modified":"2025-07-22T04:07:11","modified_gmt":"2025-07-22T04:07:11","slug":"nous-prisonniers-politiques-russes-navons-pas-perdu-notre-voix","status":"publish","type":"post","link":"https:\/\/www.europesays.com\/fr\/264770\/","title":{"rendered":"\u00ab\u00a0Nous, prisonniers politiques russes, n\u2019avons pas perdu notre voix\u00a0\u00bb"},"content":{"rendered":"\n<p class=\"article__paragraph  \">Nous, prisonniers politiques russes, nous nous adressons \u00e0\u00a0tous les\u00a0responsables politiques \u00e9trangers qui ne sont pas indiff\u00e9rents aux souffrances inflig\u00e9es \u00e0 certains en raison de leurs convictions politiques. Nous sommes au moins 10\u00a0000\u00a0personnes, prisonniers politiques russes et civils ukrainiens en otage. Nous avons une chose en commun\u00a0: nous avons \u00e9t\u00e9 punis pour avoir eu une prise de position civique.<\/p>\n<p>                              Lire aussi |  Article r\u00e9serv\u00e9 \u00e0 nos abonn\u00e9s  <a href=\"https:\/\/www.lemonde.fr\/idees\/article\/2025\/02\/20\/un-an-apres-la-mort-d-alexei-navalny-plus-de-1-500-prisonniers-politiques-croupissent-dans-les-geoles-russes_6556290_3232.html\" class=\"js-article-read-also catcher--favoris__link\" data-premium=\"1\" id=\"article-title-3410885\" rel=\"nofollow noopener\" target=\"_blank\">\u00ab\u00a0Un an apr\u00e8s la mort d\u2019Alexe\u00ef Navalny, plus de 1\u00a0500\u00a0prisonniers politiques croupissent dans les ge\u00f4les russes\u00a0\u00bb<\/a>    <\/p>\n<p>   Lire plus tard  <\/p>\n<p class=\"article__paragraph  \">Le terme \u00ab\u00a0justice\u00a0\u00bb, qu\u2019il s\u2019agisse du syst\u00e8me judiciaire ou de la justice sociale, n\u2019a plus aucune signification en Russie, o\u00f9 n\u2019importe qui peut se retrouver derri\u00e8re les barreaux pour avoir le\u00a0courage de penser de fa\u00e7on critique. La\u00a0l\u00e9gislation r\u00e9pressive, mise en place avec l\u2019objectif de\u00a0supprimer toute pens\u00e9e non conforme, est renforc\u00e9e de mani\u00e8re syst\u00e9matique depuis 2012. Entre 2018 et 2022, plus de 50\u00a0lois ont \u00e9t\u00e9 adopt\u00e9es en ce sens, et encore plus de\u00a060 l\u2019ont \u00e9t\u00e9 depuis f\u00e9vrier\u00a02022\u00a0[point de d\u00e9part de la tentative d\u2019invasion de l\u2019Ukraine par les troupes russes].<\/p>\n<p class=\"article__paragraph  \">Dans les proc\u00e8s politiques en Russie, les accus\u00e9s ne sont jamais relax\u00e9s. Les peines prononc\u00e9es sont de plus en plus cruelles \u2013 des condamnations \u00e0 dix, quinze ou vingt\u00a0ans de prison n\u2019\u00e9tonnent plus personne. Au sein de la Douma [la Chambre basse du Parlement russe], on entend r\u00e9guli\u00e8rement des appels \u00e0 r\u00e9tablir la peine de mort.<\/p>\n<p>           Actes de torture           <\/p>\n<p class=\"article__paragraph  \">Il y avait d\u00e9j\u00e0 peu de chances d\u2019avoir un proc\u00e8s \u00e9quitable pour une personne impliqu\u00e9e dans ce genre d\u2019affaires. Les recours ont d\u00e9finitivement disparu en\u00a02022, lorsque la Russie a refus\u00e9 d\u2019ex\u00e9cuter les d\u00e9cisions de la Cour europ\u00e9enne des droits de l\u2019homme. Les instituts de d\u00e9fense des droits humains ont, dans la Russie d\u2019aujourd\u2019hui, ont \u00e9t\u00e9 remplac\u00e9s par des organes qui ne font qu\u2019imiter les activit\u00e9s de d\u00e9fense des droits.<\/p>\n<p class=\"article__paragraph  \">Par\u00a0cons\u00e9quent, la sant\u00e9 et la vie des personnes d\u00e9tenues sont menac\u00e9es, les actes de torture ou de violence \u00e0 leur rencontre ne font g\u00e9n\u00e9ralement l\u2019objet ni d\u2019enqu\u00eate ni de jugements. Les prisonniers politiques sont<strong> <\/strong>fr\u00e9quemment d\u00e9tenus dans des conditions plus strictes que les autres, se voient priv\u00e9s de la possibilit\u00e9 de demander un am\u00e9nagement de leur peine ou de meilleures conditions de d\u00e9tention. Une pratique fr\u00e9quente consiste \u00e0 ouvrir une nouvelle affaire contre un d\u00e9tenu sur d\u00e9lation d\u2019un autre condamn\u00e9.<\/p>\n<p class=\"reading-mode-only \"><strong>Il vous reste 56.52% de cet article \u00e0 lire. La suite est r\u00e9serv\u00e9e aux abonn\u00e9s.<\/strong><\/p>\n","protected":false},"excerpt":{"rendered":"Nous, prisonniers politiques russes, nous nous adressons \u00e0\u00a0tous les\u00a0responsables politiques \u00e9trangers qui ne sont pas indiff\u00e9rents aux souffrances&hellip;\n","protected":false},"author":2,"featured_media":264771,"comment_status":"","ping_status":"","sticky":false,"template":"","format":"standard","meta":{"footnotes":""},"categories":[1591],"tags":[11,1887,12,1885,1886,132],"class_list":{"0":"post-264770","1":"post","2":"type-post","3":"status-publish","4":"format-standard","5":"has-post-thumbnail","7":"category-russie","8":"tag-actualites","9":"tag-federation-de-russie","10":"tag-news","11":"tag-russia","12":"tag-russian-federation","13":"tag-russie"},"share_on_mastodon":{"url":"https:\/\/pubeurope.com\/@fr\/114894919664457199","error":""},"_links":{"self":[{"href":"https:\/\/www.europesays.com\/fr\/wp-json\/wp\/v2\/posts\/264770","targetHints":{"allow":["GET"]}}],"collection":[{"href":"https:\/\/www.europesays.com\/fr\/wp-json\/wp\/v2\/posts"}],"about":[{"href":"https:\/\/www.europesays.com\/fr\/wp-json\/wp\/v2\/types\/post"}],"author":[{"embeddable":true,"href":"https:\/\/www.europesays.com\/fr\/wp-json\/wp\/v2\/users\/2"}],"replies":[{"embeddable":true,"href":"https:\/\/www.europesays.com\/fr\/wp-json\/wp\/v2\/comments?post=264770"}],"version-history":[{"count":0,"href":"https:\/\/www.europesays.com\/fr\/wp-json\/wp\/v2\/posts\/264770\/revisions"}],"wp:featuredmedia":[{"embeddable":true,"href":"https:\/\/www.europesays.com\/fr\/wp-json\/wp\/v2\/media\/264771"}],"wp:attachment":[{"href":"https:\/\/www.europesays.com\/fr\/wp-json\/wp\/v2\/media?parent=264770"}],"wp:term":[{"taxonomy":"category","embeddable":true,"href":"https:\/\/www.europesays.com\/fr\/wp-json\/wp\/v2\/categories?post=264770"},{"taxonomy":"post_tag","embeddable":true,"href":"https:\/\/www.europesays.com\/fr\/wp-json\/wp\/v2\/tags?post=264770"}],"curies":[{"name":"wp","href":"https:\/\/api.w.org\/{rel}","templated":true}]}}