{"id":264772,"date":"2025-07-22T04:08:10","date_gmt":"2025-07-22T04:08:10","guid":{"rendered":"https:\/\/www.europesays.com\/fr\/264772\/"},"modified":"2025-07-22T04:08:10","modified_gmt":"2025-07-22T04:08:10","slug":"en-ukraine-a-la-recherche-des-fantomes-de-la-foret-de-boutcha","status":"publish","type":"post","link":"https:\/\/www.europesays.com\/fr\/264772\/","title":{"rendered":"En Ukraine, \u00e0 la recherche des fant\u00f4mes de la for\u00eat de Boutcha"},"content":{"rendered":"\n<p>Dmitro Haptchenko, employ\u00e9 municipal, fut l\u2019un des premiers captifs des soldats russes <a href=\"https:\/\/www.courrierinternational.com\/article\/guerre-en-ukraine-dans-la-ville-liberee-de-boutcha-l-horreur\" target=\"_blank\" rel=\"noopener\">qui ont envahi Boutcha \u00e0 la fin de f\u00e9vrier\u00a02022<\/a>. Les militaires l\u2019ont d\u00e9tenu dans une cave avec six membres de sa famille. Yeux band\u00e9s, mains ligot\u00e9es dans le dos et debout contre un mur, il entendait ses ravisseurs d\u00e9battre pour savoir s\u2019ils allaient les tuer sur place ou les emmener \u00e0 la lisi\u00e8re de la for\u00eat pour les ex\u00e9cuter et les enterrer. \u201cIls n\u2019en parlaient pas comme s\u2019ils essayaient de nous intimider, mais discutaient objectivement\u201d, se rem\u00e9more Dmitro, au volant de son 4\u00a0\u00d7\u00a04.<\/p>\n<p>Les soldats ont finalement d\u00e9cid\u00e9 d\u2019attendre qu\u2019un officier du FSB, le service du renseignement russe, vienne les interroger. Mais ce jour-l\u00e0, il n\u2019est pas venu, et Dmitro a pu profiter d\u2019un moment d\u2019inattention pour fuir, se cachant chez son p\u00e8re durant le reste de l\u2019occupation. D\u2019autres n\u2019ont pas eu cette chance. Autour des positions russes, dans les bois pr\u00e8s de la ville, les forces ukrainiennes ont trouv\u00e9 neuf civils tortur\u00e9s et ex\u00e9cut\u00e9s, puis trois autres corps non loin de l\u00e0.<\/p>\n<p> B\u00e2ton et d\u00e9tecteur de m\u00e9taux <\/p>\n<p>Dans Boutcha, les militaires ukrainiens ont \u00e9t\u00e9 accueillis par un spectacle encore plus horrible. Des civils gisaient dans les rues, les cours et les appartements, ex\u00e9cut\u00e9s sans distinction de sexe et d\u2019\u00e2ge.<\/p>\n","protected":false},"excerpt":{"rendered":"Dmitro Haptchenko, employ\u00e9 municipal, fut l\u2019un des premiers captifs des soldats russes qui ont envahi Boutcha \u00e0 la&hellip;\n","protected":false},"author":2,"featured_media":264773,"comment_status":"","ping_status":"","sticky":false,"template":"","format":"standard","meta":{"footnotes":""},"categories":[1590],"tags":[11,1081,1777,674,1892,131,12,220],"class_list":{"0":"post-264772","1":"post","2":"type-post","3":"status-publish","4":"format-standard","5":"has-post-thumbnail","7":"category-ukraine","8":"tag-actualites","9":"tag-crimes-de-guerre","10":"tag-eu","11":"tag-europe","12":"tag-gu00e9opolitique","13":"tag-guerre-en-ukraine","14":"tag-news","15":"tag-ukraine"},"share_on_mastodon":{"url":"https:\/\/pubeurope.com\/@fr\/114894923598264426","error":""},"_links":{"self":[{"href":"https:\/\/www.europesays.com\/fr\/wp-json\/wp\/v2\/posts\/264772","targetHints":{"allow":["GET"]}}],"collection":[{"href":"https:\/\/www.europesays.com\/fr\/wp-json\/wp\/v2\/posts"}],"about":[{"href":"https:\/\/www.europesays.com\/fr\/wp-json\/wp\/v2\/types\/post"}],"author":[{"embeddable":true,"href":"https:\/\/www.europesays.com\/fr\/wp-json\/wp\/v2\/users\/2"}],"replies":[{"embeddable":true,"href":"https:\/\/www.europesays.com\/fr\/wp-json\/wp\/v2\/comments?post=264772"}],"version-history":[{"count":0,"href":"https:\/\/www.europesays.com\/fr\/wp-json\/wp\/v2\/posts\/264772\/revisions"}],"wp:featuredmedia":[{"embeddable":true,"href":"https:\/\/www.europesays.com\/fr\/wp-json\/wp\/v2\/media\/264773"}],"wp:attachment":[{"href":"https:\/\/www.europesays.com\/fr\/wp-json\/wp\/v2\/media?parent=264772"}],"wp:term":[{"taxonomy":"category","embeddable":true,"href":"https:\/\/www.europesays.com\/fr\/wp-json\/wp\/v2\/categories?post=264772"},{"taxonomy":"post_tag","embeddable":true,"href":"https:\/\/www.europesays.com\/fr\/wp-json\/wp\/v2\/tags?post=264772"}],"curies":[{"name":"wp","href":"https:\/\/api.w.org\/{rel}","templated":true}]}}