{"id":264774,"date":"2025-07-22T04:09:12","date_gmt":"2025-07-22T04:09:12","guid":{"rendered":"https:\/\/www.europesays.com\/fr\/264774\/"},"modified":"2025-07-22T04:09:12","modified_gmt":"2025-07-22T04:09:12","slug":"sarepta-suspend-les-expeditions-de-la-therapie-genique-elevidys-aux-etats-unis-22-07-2025-a-0338","status":"publish","type":"post","link":"https:\/\/www.europesays.com\/fr\/264774\/","title":{"rendered":"Sarepta suspend les exp\u00e9ditions de la th\u00e9rapie g\u00e9nique Elevidys aux \u00c9tats-Unis &#8211; 22\/07\/2025 \u00e0 03:38"},"content":{"rendered":"<p>\n ((Traduction automatis\u00e9e par Reuters \u00e0 l&rsquo;aide de l&rsquo;apprentissage<br \/>\nautomatique et de l&rsquo;IA g\u00e9n\u00e9rative, veuillez vous r\u00e9f\u00e9rer \u00e0<br \/>\nl&rsquo;avertissement suivant: https:\/\/bit.ly\/rtrsauto))\n<\/p>\n<p>\n (Refonte avec d\u00e9tails et contexte)\n<\/p>\n<p>\n Sarepta Therapeutics<br \/>\n <a href=\"https:\/\/www.boursorama.com\/cours\/SRPT\/\" rel=\"nofollow noopener\" target=\"_blank\"><br \/>\n  SRPT.O<br \/>\n <\/a><br \/>\n a<br \/>\nd\u00e9clar\u00e9 lundi qu&rsquo;elle allait interrompre toutes les exp\u00e9ditions<br \/>\nd&rsquo;Elevidys aux \u00c9tats-Unis apr\u00e8s que deux adolescents atteints<br \/>\nd&rsquo;une maladie rare appel\u00e9e dystrophie musculaire de Duchenne,<br \/>\nqui avaient re\u00e7u la th\u00e9rapie g\u00e9nique de la soci\u00e9t\u00e9, sont d\u00e9c\u00e9d\u00e9s<br \/>\nd&rsquo;une insuffisance h\u00e9patique cette ann\u00e9e.\n<\/p>\n<p>\n Vendredi, la Food and Drug Administration a demand\u00e9 \u00e0<br \/>\nSarepta d&rsquo;interrompre volontairement les exp\u00e9ditions de sa<br \/>\nth\u00e9rapie g\u00e9nique sur le site . Sarepta a r\u00e9pondu qu&rsquo;elle<br \/>\ncontinuerait \u00e0 fournir des traitements \u00e0 ses clients.\n<\/p>\n<p>\n Sarepta a r\u00e9pondu qu&rsquo;elle continuerait \u00e0 fournir le<br \/>\ntraitement aux patients ambulatoires, tout en maintenant l&rsquo;arr\u00eat<br \/>\nqu&rsquo;elle avait mis en place le 15 juin pour les patients non<br \/>\nambulatoires.\n<\/p>\n<p>\n Les actions de Sarepta sont en baisse de 8,6 %, \u00e0 12,17<br \/>\ndollars, apr\u00e8s la fermeture de la bourse. L&rsquo;action s&rsquo;est<br \/>\neffondr\u00e9e vendredi  apr\u00e8s la r\u00e9v\u00e9lation du d\u00e9c\u00e8s d&rsquo;un<br \/>\ntroisi\u00e8me patient ayant re\u00e7u une th\u00e9rapie g\u00e9nique exp\u00e9rimentale,<br \/>\nce qui a renforc\u00e9 les inqui\u00e9tudes des investisseurs concernant<br \/>\nles traitements de l&rsquo;entreprise.\n<\/p>\n<p>\n Bien que l&rsquo;homme de 51 ans atteint de dystrophie musculaire<br \/>\ndes ceintures qui est d\u00e9c\u00e9d\u00e9 r\u00e9cemment ne prenait pas Elevidys,<br \/>\nla th\u00e9rapie exp\u00e9rimentale qu&rsquo;il avait suivie \u00e9tait bas\u00e9e sur une<br \/>\ntechnologie g\u00e9n\u00e9tique similaire, a d\u00e9clar\u00e9 la FDA.\n<\/p>\n<p>\n La FDA a suspendu les essais cliniques de Sarepta pour la<br \/>\ndystrophie musculaire des ceintures en raison de probl\u00e8mes de<br \/>\ns\u00e9curit\u00e9.\n<\/p>\n<p>\n Toutes les exp\u00e9ditions d&rsquo;Elevidys pour la dystrophie<br \/>\nmusculaire de Duchenne seront temporairement interrompues<br \/>\njusqu&rsquo;\u00e0 la fermeture des bureaux mardi, a d\u00e9clar\u00e9 Sarepta lundi.\n<\/p>\n<p>\n Sarepta a d\u00e9clar\u00e9 que cette pause lui donnerait \u00ab\u00a0le temps de<br \/>\nr\u00e9pondre \u00e0 toute demande d&rsquo;information et permettrait \u00e0 Sarepta<br \/>\net \u00e0 la FDA d&rsquo;achever le processus de suppl\u00e9ment d&rsquo;\u00e9tiquetage de<br \/>\ns\u00e9curit\u00e9 d&rsquo;Elevidys.\u00a0\u00bb\n<\/p>\n<p>\n Sarepta a d\u00e9clar\u00e9 qu&rsquo;elle pr\u00e9voyait un examen et un dialogue<br \/>\navec la FDA.\n<\/p>\n<p>\n La FDA n&rsquo;a pas r\u00e9pondu imm\u00e9diatement \u00e0 une demande de<br \/>\ncommentaire de Reuters.\n<\/p>\n<p>\n Apr\u00e8s les deux premiers d\u00e9c\u00e8s, Sarepta a suspendu en juin<br \/>\nl&rsquo;utilisation d&rsquo;Elevidys pour les patients dont la maladie avait<br \/>\nprogress\u00e9 au point de n\u00e9cessiter un fauteuil roulant.\n<\/p>\n<p>\n Elevidys b\u00e9n\u00e9ficie d&rsquo;une autorisation compl\u00e8te de la FDA<br \/>\npour les enfants atteints de DMD qui sont encore capables de<br \/>\nmarcher, et d&rsquo;une autorisation conditionnelle pour les patients<br \/>\nnon ambulatoires.\n<\/p>\n<p>\n La semaine derni\u00e8re, Sarepta a indiqu\u00e9 qu&rsquo;elle ajoutait un<br \/>\navertissement sur l&rsquo;\u00e9tiquette d&rsquo;Elevidys concernant le risque de<br \/>\nl\u00e9sions h\u00e9patiques aigu\u00ebs et d&rsquo;insuffisance h\u00e9patique chez les<br \/>\npatients atteints de DMD qui peuvent marcher. Elle a \u00e9galement<br \/>\nannonc\u00e9 500 suppressions d&#8217;emplois et interrompu le<br \/>\nd\u00e9veloppement de plusieurs th\u00e9rapies g\u00e9niques pour la dystrophie<br \/>\nmusculaire des ceintures.\n<\/p>\n<p>\n Par ailleurs, le Children&rsquo;s Hospital Los Angeles , a<br \/>\nd\u00e9clar\u00e9 lundi qu&rsquo;il avait interrompu l&rsquo;utilisation d&rsquo;Elevidys<br \/>\nchez tous les patients atteints de dystrophie musculaire.<\/p>\n","protected":false},"excerpt":{"rendered":"((Traduction automatis\u00e9e par Reuters \u00e0 l&rsquo;aide de l&rsquo;apprentissage automatique et de l&rsquo;IA g\u00e9n\u00e9rative, veuillez vous r\u00e9f\u00e9rer \u00e0 l&rsquo;avertissement&hellip;\n","protected":false},"author":2,"featured_media":264775,"comment_status":"","ping_status":"","sticky":false,"template":"","format":"standard","meta":{"footnotes":""},"categories":[1589],"tags":[400,11,398,408,405,73,1866,403,402,399,404,12,401,406,1864,1865,1863,308,407],"class_list":{"0":"post-264774","1":"post","2":"type-post","3":"status-publish","4":"format-standard","5":"has-post-thumbnail","7":"category-etats-unis","8":"tag-action-cac-40","9":"tag-actualites","10":"tag-bourse-de-paris","11":"tag-boursorama","12":"tag-cotations","13":"tag-etats-unis","14":"tag-etats-unis-damerique","15":"tag-indices-devises","16":"tag-investir","17":"tag-investissement","18":"tag-marche-boursier","19":"tag-news","20":"tag-sicav","21":"tag-trackers","22":"tag-united-states","23":"tag-united-states-of-america","24":"tag-us","25":"tag-usa","26":"tag-warrants"},"share_on_mastodon":{"url":"https:\/\/pubeurope.com\/@fr\/114894927608596138","error":""},"_links":{"self":[{"href":"https:\/\/www.europesays.com\/fr\/wp-json\/wp\/v2\/posts\/264774","targetHints":{"allow":["GET"]}}],"collection":[{"href":"https:\/\/www.europesays.com\/fr\/wp-json\/wp\/v2\/posts"}],"about":[{"href":"https:\/\/www.europesays.com\/fr\/wp-json\/wp\/v2\/types\/post"}],"author":[{"embeddable":true,"href":"https:\/\/www.europesays.com\/fr\/wp-json\/wp\/v2\/users\/2"}],"replies":[{"embeddable":true,"href":"https:\/\/www.europesays.com\/fr\/wp-json\/wp\/v2\/comments?post=264774"}],"version-history":[{"count":0,"href":"https:\/\/www.europesays.com\/fr\/wp-json\/wp\/v2\/posts\/264774\/revisions"}],"wp:featuredmedia":[{"embeddable":true,"href":"https:\/\/www.europesays.com\/fr\/wp-json\/wp\/v2\/media\/264775"}],"wp:attachment":[{"href":"https:\/\/www.europesays.com\/fr\/wp-json\/wp\/v2\/media?parent=264774"}],"wp:term":[{"taxonomy":"category","embeddable":true,"href":"https:\/\/www.europesays.com\/fr\/wp-json\/wp\/v2\/categories?post=264774"},{"taxonomy":"post_tag","embeddable":true,"href":"https:\/\/www.europesays.com\/fr\/wp-json\/wp\/v2\/tags?post=264774"}],"curies":[{"name":"wp","href":"https:\/\/api.w.org\/{rel}","templated":true}]}}