{"id":264776,"date":"2025-07-22T04:10:18","date_gmt":"2025-07-22T04:10:18","guid":{"rendered":"https:\/\/www.europesays.com\/fr\/264776\/"},"modified":"2025-07-22T04:10:18","modified_gmt":"2025-07-22T04:10:18","slug":"les-francais-ne-sont-pas-des-tire-au-flanc-juste-dexcellents-vacanciers","status":"publish","type":"post","link":"https:\/\/www.europesays.com\/fr\/264776\/","title":{"rendered":"Les Fran\u00e7ais ne sont pas des tire-au-flanc, juste d\u2019excellents vacanciers"},"content":{"rendered":"\n<p>Il ne vous aura pas \u00e9chapp\u00e9 que, pour r\u00e9duire les 3\u00a0300\u00a0milliards de dette de la France (qui augmenterait par ailleurs, semble-t-il, de 5\u00a0000\u00a0euros par seconde), le Premier ministre fran\u00e7ais, Fran\u00e7ois Bayrou, a <a href=\"https:\/\/www.courrierinternational.com\/article\/vu-du-royaume-uni-budget-2026-la-france-va-tout-droit-vers-de-nouvelles-legislatives-dont-personne-ne-veut_233178\" target=\"_blank\" rel=\"noopener\">propos\u00e9, entre autres mesures, de supprimer deux jours f\u00e9ri\u00e9s<\/a>.<\/p>\n<p>\u00c0 partir de maintenant, les Fran\u00e7ais vont [peut-\u00eatre] devoir redoubler d\u2019efforts dans l\u2019int\u00e9r\u00eat de la nation, en travaillant le lundi de P\u00e2ques et le 8\u00a0Mai, qui comm\u00e9more l\u2019armistice de la Seconde Guerre mondiale.<\/p>\n<p>Bayrou n\u2019a pas dit\u00a0: \u201cMes chers compatriotes, ne demandez pas ce que votre pays peut faire pour vous, demandez-vous ce que vous pouvez faire pour votre pays\u201d [comme John Fitzgerald Kennedy, en 1961], mais on n\u2019est pas pass\u00e9s loin. Et les r\u00e9actions, pr\u00e9visibles, ne se sont pas fait attendre.<\/p>\n<p>Certains parmi les plus \u00e2g\u00e9s, dont les souvenirs remontent donc plus loin, ont bien compris la r\u00e9f\u00e9rence. D\u2019autres, interview\u00e9s par la t\u00e9l\u00e9vision (\u00e9trangement) depuis leur transat sur une plage de M\u00e9diterran\u00e9e, ont fait comprendre qu\u2019il leur \u00e9tait tout \u00e0 fait inconcevable de travailler ne serait-ce qu\u2019une heure de plus sans r\u00e9tribution. L\u2019\u00e9puisement les guette d\u00e9j\u00e0. Et, de toute fa\u00e7on, comm\u00e9morer la d\u00e9faite du nazisme n\u00e9cessite une journ\u00e9e ch\u00f4m\u00e9e (m\u00eame si, curieusement, \u00e7a n\u2019a jamais \u00e9t\u00e9 le cas au Royaume-Uni).<\/p>\n<p> Ac                                     <strong class=\"paywall-title\">Cet article est r\u00e9serv\u00e9 aux\u00a0abonn\u00e9s.<\/strong>   <\/p>\n<p class=\"paywall-text\">Profitez de\u00a0l\u2019offre sp\u00e9ciale num\u00e9rique pour acc\u00e9der \u00e0\u00a0l\u2019int\u00e9gralit\u00e9 de\u00a0nos contenus en\u00a0illimit\u00e9.<\/p>\n<p class=\"article-authors\">                         <a href=\"https:\/\/www.courrierinternational.com\/auteur\/anthony-peregrine\" target=\"_blank\" rel=\"noopener\">Anthony Peregrine<\/a>    <\/p>\n<p class=\"article-vo\"><a href=\"https:\/\/www.telegraph.co.uk\/travel\/comment\/why-the-french-do-their-holidays-better-than-us\/\" rel=\"noopener\" target=\"_blank\">Lire l\u2019article original<\/a><\/p>\n<p>Source de l\u2019article<\/p>\n<p>   <img decoding=\"async\" class=\"source-logo\" src=\"https:\/\/www.europesays.com\/fr\/wp-content\/uploads\/2025\/05\/8be5236_1643653611956-the-daily-telegraph.jpg\"  alt=\"Logo\" loading=\"lazy\" width=\"32\" height=\"32\"\/>  The Daily Telegraph  (Londres)       <\/p>\n<p>Atlantiste et eurosceptique sur le fond, pugnace et engag\u00e9 sur la forme, c\u2019est le journal conservateur de r\u00e9f\u00e9rence. Fond\u00e9 en 1855, comme le\u00a0rappelle son titre en\u00a0hommage \u00e0 une technologie de\u00a0communication alors r\u00e9volutionnaire, il est le dernier des quotidiens nationaux d\u2019envergure \u00e0 ne pas avoir abandonn\u00e9 le grand format.<\/p>\n<p>D\u00e9tenu jusqu\u2019au d\u00e9but de 2004 par le magnat de la presse Conrad Black, le titre a ensuite \u00e9t\u00e9 la propri\u00e9t\u00e9 des fr\u00e8res milliardaires David et Frederick Barclay. En 2023, sur fond de bras de fer financier, le journal a \u00e9t\u00e9 saisi par les cr\u00e9anciers de la famille Barclay, qui lui cherchent d\u00e9sormais un nouveau propri\u00e9taire, ainsi qu\u2019\u00e0 The Sunday Telegraph, regroup\u00e9s au sein du Telegraph Media Group Holdings Ltd.<\/p>\n<p>Son agenda est tr\u00e8s pris\u00e9, en raison notamment du Court Circular, qui pr\u00e9sente tous les jours les activit\u00e9s de la famille royale. Un autre rendez-vous tr\u00e8s attendu est le petit dessin de Matt, toujours \u00e9l\u00e9gant et dr\u00f4le, publi\u00e9 en premi\u00e8re page.<\/p>\n<p>      <a href=\"https:\/\/www.courrierinternational.com\/notule-source\/the-daily-telegraph-0\" class=\"source-link\" target=\"_blank\" rel=\"noopener\">Lire la suite<\/a>                 <\/p>\n<p>Nos services<\/p>\n","protected":false},"excerpt":{"rendered":"Il ne vous aura pas \u00e9chapp\u00e9 que, pour r\u00e9duire les 3\u00a0300\u00a0milliards de dette de la France (qui augmenterait&hellip;\n","protected":false},"author":2,"featured_media":264777,"comment_status":"","ping_status":"","sticky":false,"template":"","format":"standard","meta":{"footnotes":""},"categories":[1588],"tags":[11,1777,674,27,15763,3821,12,316,473,1853,1857,3847,1851,1850,1852,2528],"class_list":{"0":"post-264776","1":"post","2":"type-post","3":"status-publish","4":"format-standard","5":"has-post-thumbnail","7":"category-royaume-uni","8":"tag-actualites","9":"tag-eu","10":"tag-europe","11":"tag-france","12":"tag-franu00e7ois-bayrou","13":"tag-la-france-vue-de-lu2019u00e9tranger","14":"tag-news","15":"tag-politique","16":"tag-royaume-uni","17":"tag-royaume-uni-de-grande-bretagne-et-dirlande-du-nord","18":"tag-sociu00e9tu00e9","19":"tag-travail","20":"tag-uk","21":"tag-united-kingdom","22":"tag-united-kingdom-of-great-britain-and-northern-ireland","23":"tag-vacances"},"share_on_mastodon":{"url":"https:\/\/pubeurope.com\/@fr\/114894931465254683","error":""},"_links":{"self":[{"href":"https:\/\/www.europesays.com\/fr\/wp-json\/wp\/v2\/posts\/264776","targetHints":{"allow":["GET"]}}],"collection":[{"href":"https:\/\/www.europesays.com\/fr\/wp-json\/wp\/v2\/posts"}],"about":[{"href":"https:\/\/www.europesays.com\/fr\/wp-json\/wp\/v2\/types\/post"}],"author":[{"embeddable":true,"href":"https:\/\/www.europesays.com\/fr\/wp-json\/wp\/v2\/users\/2"}],"replies":[{"embeddable":true,"href":"https:\/\/www.europesays.com\/fr\/wp-json\/wp\/v2\/comments?post=264776"}],"version-history":[{"count":0,"href":"https:\/\/www.europesays.com\/fr\/wp-json\/wp\/v2\/posts\/264776\/revisions"}],"wp:featuredmedia":[{"embeddable":true,"href":"https:\/\/www.europesays.com\/fr\/wp-json\/wp\/v2\/media\/264777"}],"wp:attachment":[{"href":"https:\/\/www.europesays.com\/fr\/wp-json\/wp\/v2\/media?parent=264776"}],"wp:term":[{"taxonomy":"category","embeddable":true,"href":"https:\/\/www.europesays.com\/fr\/wp-json\/wp\/v2\/categories?post=264776"},{"taxonomy":"post_tag","embeddable":true,"href":"https:\/\/www.europesays.com\/fr\/wp-json\/wp\/v2\/tags?post=264776"}],"curies":[{"name":"wp","href":"https:\/\/api.w.org\/{rel}","templated":true}]}}