{"id":264778,"date":"2025-07-22T04:11:10","date_gmt":"2025-07-22T04:11:10","guid":{"rendered":"https:\/\/www.europesays.com\/fr\/264778\/"},"modified":"2025-07-22T04:11:10","modified_gmt":"2025-07-22T04:11:10","slug":"la-facture-du-reseau-electrique-a-plus-que-double-en-dix-ans","status":"publish","type":"post","link":"https:\/\/www.europesays.com\/fr\/264778\/","title":{"rendered":"la facture du r\u00e9seau \u00e9lectrique a plus que doubl\u00e9 en dix ans"},"content":{"rendered":"<p style=\"text-align: justify;\"><strong>Alors que l\u2019Allemagne poursuit sa transition \u00e9nerg\u00e9tique \u00e0 marche forc\u00e9e du fait d\u2019une id\u00e9ologie folle, la r\u00e9alit\u00e9 \u00e9conomique rattrape le discours politique : selon les chiffres officiels, le co\u00fbt d\u2019utilisation du r\u00e9seau \u00e9lectrique pour les m\u00e9nages et les entreprises a explos\u00e9, cons\u00e9quence directe des choix \u00e9nerg\u00e9tiques faits depuis une d\u00e9cennie.<\/strong><\/p>\n<p style=\"text-align: justify;\">Dix ans apr\u00e8s le lancement d\u2019une politique ambitieuse ax\u00e9e sur le d\u00e9veloppement des \u00e9nergies renouvelables, l\u2019addition commence s\u00e9rieusement \u00e0 peser sur les \u00e9paules des Allemands. Selon l\u2019Agence f\u00e9d\u00e9rale des r\u00e9seaux, les frais de fonctionnement du r\u00e9seau \u00e9lectrique ont atteint cette ann\u00e9e <strong>33 milliards d\u2019euros<\/strong>, contre\u00a0<strong>15,9 milliards en 2015<\/strong>. Soit plus du double.<\/p>\n<p style=\"text-align: justify;\">Cette hausse spectaculaire s\u2019explique essentiellement par l\u2019adaptation du r\u00e9seau aux \u00e9nergies dites \u00ab vertes \u00bb : l\u2019irr\u00e9gularit\u00e9 de la production \u00e9olienne et solaire a n\u00e9cessit\u00e9 des investissements colossaux pour moderniser l\u2019infrastructure, afin d\u2019assurer une distribution stable malgr\u00e9 les fluctuations. Probl\u00e8me :\u00a0<strong>ce co\u00fbt est largement r\u00e9percut\u00e9 sur les consommateurs<\/strong>.<\/p>\n<p><strong>Une facture sal\u00e9e pour les m\u00e9nages<\/strong><\/p>\n<p style=\"text-align: justify;\">En 2015, un foyer allemand payait en moyenne\u00a0<strong>6,59 centimes d\u2019euro par kilowattheure<\/strong>\u00a0pour les seuls frais de r\u00e9seau. En 2025, cette somme s\u2019\u00e9l\u00e8ve d\u00e9sormais \u00e0\u00a0<strong>11,62 centimes<\/strong>, sans m\u00eame tenir compte du prix de l\u2019\u00e9nergie elle-m\u00eame. L\u2019Allemagne figure aujourd\u2019hui parmi les pays les plus chers du monde en mati\u00e8re d\u2019\u00e9lectricit\u00e9.<\/p>\n<p style=\"text-align: justify;\">Cette situation alarme une partie de la classe politique, y compris \u00e0 gauche. Le parti BSW de Sahra Wagenknecht, issu d\u2019une scission de la gauche populiste allemande, d\u00e9nonce une \u00ab faillite de la politique \u00e9nerg\u00e9tique \u00bb :<\/p>\n<blockquote>\n<p>\u00ab Ce n\u2019est pas une surprise, mais une cons\u00e9quence directe des choix gouvernementaux. Tant que l\u2019\u00c9tat laissera les op\u00e9rateurs surfacturer l\u2019acheminement de l\u2019\u00e9lectricit\u00e9, les prix ne baisseront pas \u00bb, d\u00e9clare la d\u00e9put\u00e9e.<\/p>\n<\/blockquote>\n<p style=\"text-align: justify;\">Elle appelle \u00e0\u00a0<strong>la suppression pure et simple des frais de r\u00e9seau<\/strong>, et \u00e0\u00a0<strong>une renationalisation du syst\u00e8me \u00e9lectrique<\/strong>, pour reprendre le contr\u00f4le d\u2019un secteur strat\u00e9gique devenu trop co\u00fbteux pour la population.<\/p>\n<p><strong>Le poids des choix id\u00e9ologiques<\/strong><\/p>\n<p style=\"text-align: justify;\">Au-del\u00e0 du surco\u00fbt, c\u2019est\u00a0<strong>l\u2019efficacit\u00e9 environnementale<\/strong>\u00a0de cette transition qui est d\u00e9sormais remise en question. Selon une \u00e9tude men\u00e9e par l\u2019ing\u00e9nieur norv\u00e9gien Jan Emblemsv\u00e5g, l\u2019Allemagne aurait pu r\u00e9duire ses \u00e9missions de CO\u2082\u00a0<strong>trois fois plus efficacement<\/strong>\u00a0en misant sur le nucl\u00e9aire plut\u00f4t que sur les renouvelables. Le chercheur estime que\u00a0<strong>600 milliards d\u2019euros<\/strong>\u00a0auraient pu \u00eatre \u00e9conomis\u00e9s si Berlin avait simplement maintenu son parc nucl\u00e9aire existant, au lieu de l\u2019abandonner.<\/p>\n<p style=\"text-align: justify;\">Mais en 2023, le gouvernement Scholz, sous pression \u00e9cologiste, a d\u00e9finitivement ferm\u00e9 les derni\u00e8res centrales nucl\u00e9aires allemandes, au moment m\u00eame o\u00f9 la guerre en Ukraine tarissait l\u2019approvisionnement en gaz russe. La fermeture du nucl\u00e9aire, combin\u00e9e \u00e0 la d\u00e9pendance aux importations et \u00e0 des investissements hasardeux dans l\u2019\u00e9olien offshore, alourdit encore la facture nationale.<\/p>\n<p style=\"text-align: justify;\">Alors que la France h\u00e9site encore sur la voie \u00e0 suivre \u2013 entre relance nucl\u00e9aire et d\u00e9veloppement du solaire \u2013 l\u2019exemple allemand offre une mise en garde concr\u00e8te :\u00a0<strong>la transition \u00e9nerg\u00e9tique, si elle est men\u00e9e sans pragmatisme \u00e9conomique ni vision industrielle coh\u00e9rente, peut se transformer en pi\u00e8ge budg\u00e9taire pour les contribuables<\/strong>.<\/p>\n<p style=\"text-align: justify;\">Et dans un contexte de tensions sociales croissantes, cette envol\u00e9e des co\u00fbts pourrait bien raviver une contestation populaire d\u00e9j\u00e0 sensible aux hausses de l\u2019\u00e9nergie, aux in\u00e9galit\u00e9s territoriales et au recul du pouvoir d\u2019achat.<\/p>\n<p style=\"text-align: justify;\">Cr\u00e9dit photo : DR (photo d\u2019illustration)<br \/>[cc] Breizh-info.com, 2025, d\u00e9p\u00eaches libres de copie et de diffusion sous r\u00e9serve de mention et de lien vers la source d\u2019origine<\/p>\n","protected":false},"excerpt":{"rendered":"Alors que l\u2019Allemagne poursuit sa transition \u00e9nerg\u00e9tique \u00e0 marche forc\u00e9e du fait d\u2019une id\u00e9ologie folle, la r\u00e9alit\u00e9 \u00e9conomique&hellip;\n","protected":false},"author":2,"featured_media":264779,"comment_status":"","ping_status":"","sticky":false,"template":"","format":"standard","meta":{"footnotes":""},"categories":[1587],"tags":[11,672,1804,1805,1803,579,1777,674,1801,12,1802],"class_list":{"0":"post-264778","1":"post","2":"type-post","3":"status-publish","4":"format-standard","5":"has-post-thumbnail","7":"category-allemagne","8":"tag-actualites","9":"tag-allemagne","10":"tag-bundesrepublik-deutschland","11":"tag-de","12":"tag-deutschland","13":"tag-electricite","14":"tag-eu","15":"tag-europe","16":"tag-germany","17":"tag-news","18":"tag-republique-federale-dallemagne"},"share_on_mastodon":{"url":"https:\/\/pubeurope.com\/@fr\/114894935411957856","error":""},"_links":{"self":[{"href":"https:\/\/www.europesays.com\/fr\/wp-json\/wp\/v2\/posts\/264778","targetHints":{"allow":["GET"]}}],"collection":[{"href":"https:\/\/www.europesays.com\/fr\/wp-json\/wp\/v2\/posts"}],"about":[{"href":"https:\/\/www.europesays.com\/fr\/wp-json\/wp\/v2\/types\/post"}],"author":[{"embeddable":true,"href":"https:\/\/www.europesays.com\/fr\/wp-json\/wp\/v2\/users\/2"}],"replies":[{"embeddable":true,"href":"https:\/\/www.europesays.com\/fr\/wp-json\/wp\/v2\/comments?post=264778"}],"version-history":[{"count":0,"href":"https:\/\/www.europesays.com\/fr\/wp-json\/wp\/v2\/posts\/264778\/revisions"}],"wp:featuredmedia":[{"embeddable":true,"href":"https:\/\/www.europesays.com\/fr\/wp-json\/wp\/v2\/media\/264779"}],"wp:attachment":[{"href":"https:\/\/www.europesays.com\/fr\/wp-json\/wp\/v2\/media?parent=264778"}],"wp:term":[{"taxonomy":"category","embeddable":true,"href":"https:\/\/www.europesays.com\/fr\/wp-json\/wp\/v2\/categories?post=264778"},{"taxonomy":"post_tag","embeddable":true,"href":"https:\/\/www.europesays.com\/fr\/wp-json\/wp\/v2\/tags?post=264778"}],"curies":[{"name":"wp","href":"https:\/\/api.w.org\/{rel}","templated":true}]}}