{"id":264784,"date":"2025-07-22T04:14:19","date_gmt":"2025-07-22T04:14:19","guid":{"rendered":"https:\/\/www.europesays.com\/fr\/264784\/"},"modified":"2025-07-22T04:14:19","modified_gmt":"2025-07-22T04:14:19","slug":"les-raisons-de-lechec-dhugo-ekitike-au-psg","status":"publish","type":"post","link":"https:\/\/www.europesays.com\/fr\/264784\/","title":{"rendered":"Les raisons de l\u2019\u00e9chec d\u2019Hugo Ekitike au PSG &#8211;"},"content":{"rendered":"<p>Hugo Ekikite va bient\u00f4t rejoindre Liverpool. Un transfert<br \/>\nqui va rapporter de l\u2019argent au PSG, qui avait n\u00e9goci\u00e9 un<br \/>\npourcentage sur la plus-value de la revente. Hugo Ekitike-PSG, un<br \/>\nmariage qui n\u2019a jamais r\u00e9ussi \u00e0 fonctionner.<\/p>\n<p>Apr\u00e8s une belle saison sous le maillot du <strong>Stade de<br \/>\nReims<\/strong> (28 matches toutes comp\u00e9titions confondues, 11<br \/>\nbuts), <strong>Hugo Ekitike<\/strong> avait rejoint le<br \/>\n<strong>PSG<\/strong> lors du mercato estival 2022. Mais au sein du<br \/>\nclub de la capitale, l\u2019attaquant n\u2019a jamais r\u00e9ussi \u00e0 s\u2019imposer face<br \/>\n\u00e0 la triplette <strong>Lionel Messi, Kylian Mbapp\u00e9<\/strong> et<br \/>\n<strong>Neymar<\/strong>. En une saison, il aura particip\u00e9 \u00e0 32<br \/>\nmatches toutes comp\u00e9titions confondues pour quatre buts. Lors de<br \/>\nl\u2019\u00e9t\u00e9 2023, il n\u2019entre pas dans les plans du nouvel entra\u00eeneur<br \/>\nparisien, <strong>Luis Enrique<\/strong>. Apr\u00e8s une apparition, il<br \/>\nreste \u00e9cart\u00e9 du groupe avant de rejoindre l\u2019<strong>Eintracht<br \/>\nFrancfort<\/strong> en pr\u00eat en janvier 2024.<\/p>\n<p>A voir aussi : <a href=\"https:\/\/canal-supporters.com\/le-transfert-dekitike-va-rapporter-une-belle-somme-au-psg\/\" title=\"\" rel=\"nofollow noopener\" target=\"_blank\">Mercato : Le transfert d\u2019Ekitike rapportera plus que pr\u00e9vu<br \/>\nau PSG<\/a><\/p>\n<p><a href=\"https:\/\/x.com\/CanalSupporters\" target=\"_blank\" rel=\"noopener nofollow\" title=\"\">canalsupporters.com<\/a><\/p>\n<p>Il voulait<br \/>\nmontrer son talent quitte \u00e0 d\u00e9naturer son jeu<\/p>\n<p>Ce lundi, avant l\u2019officialisation de son transfert \u00e0<br \/>\n<strong><a href=\"https:\/\/canal-supporters.com\/mercato-hugo-ekitike-vers-liverpool-un-pourcentage-pour-le-psg\/\" title=\"\" rel=\"nofollow noopener\" target=\"_blank\">Liverpool<\/a><\/strong>, <a href=\"https:\/\/www.lequipe.fr\/Football\/Article\/Temps-de-jeu-reduit-frustration-mise-a-l-ecart-les-raisons-de-l-echec-d-hugo-ekitike-au-psg\/1579526\" target=\"_blank\" rel=\"noopener nofollow\" title=\"\">L\u2019Equipe<\/a> revient<br \/>\nsur les difficult\u00e9s <strong>d\u2019Hugo Ekitike<\/strong> lors de son<br \/>\n<a href=\"https:\/\/canal-supporters.com\/anciens-hugo-ekitike-revient-sur-son-passage-au-psg\/\" title=\"\" rel=\"nofollow noopener\" target=\"_blank\">passage<\/a> au <strong>PSG<\/strong>. Apr\u00e8s dix-huit mois,<br \/>\ndont les six derniers pass\u00e9s par l\u2019attaquant au placard,<br \/>\n<strong>Luis Campos<\/strong>, \u00e0 l\u2019origine de son arriv\u00e9e, a act\u00e9<br \/>\nl\u2019erreur de casting. Tout en soufflant \u00e0 certains de ses<br \/>\ninterlocuteurs sa conviction qu\u2019<strong>Ekitike<\/strong> r\u00e9ussira<br \/>\nailleurs. \u00ab\u00a0Quand il d\u00e9barque au <strong>Camp des<br \/>\nLoges<\/strong>, <strong>Ekitike<\/strong> doit g\u00e9rer un nouveau<br \/>\ncadre. Et un nouveau statut, surtout, celui de jeune qui doit<br \/>\npatienter. Mais l\u2019attaquant, 20\u00a0ans alors, a tous les codes de<br \/>\ncette g\u00e9n\u00e9ration\u00a0: celle qui ne doute pas de son talent et qui<br \/>\nveut jouer tout, et tout de suite. Les premi\u00e8res semaines sur le<br \/>\nbanc font na\u00eetre de la frustration.\u00a0\u00bb Dans les s\u00e9ances,<br \/>\nl\u2019ancien R\u00e9mois veut montrer son talent, quitte \u00e0 d\u00e9naturer son<br \/>\njeu. Les entr\u00e9es au Parc sont laborieuses. <strong>Ekitike<\/strong><br \/>\nsurjoue et perd confiance. Il doit attendre trois mois avant de<br \/>\nmarquer son premier but (5-0 contre <strong>Auxerre<\/strong>, en<br \/>\nnovembre). La relation avec <strong>Christophe Galtier<\/strong>,<br \/>\nsans \u00eatre ex\u00e9crable, manque de continuit\u00e9. Le technicien fran\u00e7ais a<br \/>\nd\u2019autres combats \u00e0 mener. Et estime que ses dialogues n\u2019impriment<br \/>\npas toujours chez son attaquant, indique le quotidien sportif. Les<br \/>\nmois passent et la frustration grimpe. Dans le vestiaire, le jeune<br \/>\ntalent la verbalise. Les critiques du public et des observateurs<br \/>\nsont parfois dures. L\u2019int\u00e9ress\u00e9 ne comprend pas ce qu\u2019il per\u00e7oit<br \/>\nalors comme un acharnement injustifi\u00e9. D\u00e8s la fin de sa premi\u00e8re<br \/>\nsaison au <strong>PSG<\/strong>, chez les dirigeants, l\u2019id\u00e9e d\u2019un<br \/>\nd\u00e9part fait son chemin. Le\u00a0faux d\u00e9part fin ao\u00fbt 2023\u00a0tend<br \/>\nla relation entre les parties. Malgr\u00e9 une campagne de pr\u00e9saison<br \/>\nmarqu\u00e9e par des s\u00e9quences int\u00e9ressantes lors de la tourn\u00e9e au<br \/>\n<strong>Japon<\/strong> dans les premi\u00e8res semaines de l\u2019\u00e8re<br \/>\n<strong>Luis Enrique<\/strong>, <strong>Ekitike<\/strong> est plac\u00e9<br \/>\ndans le loft. Il lui faudra six mois pour en sortir, conclut<br \/>\nL\u2019Equipe.<\/p><\/p>\n","protected":false},"excerpt":{"rendered":"Hugo Ekikite va bient\u00f4t rejoindre Liverpool. Un transfert qui va rapporter de l\u2019argent au PSG, qui avait n\u00e9goci\u00e9&hellip;\n","protected":false},"author":2,"featured_media":264785,"comment_status":"","ping_status":"","sticky":false,"template":"","format":"standard","meta":{"footnotes":""},"categories":[2],"tags":[11,8132,21941,81,40438,40439,1011,27,3099,40440,3490,12,626,91,92,93,25,96],"class_list":{"0":"post-264784","1":"post","2":"type-post","3":"status-publish","4":"format-standard","5":"has-post-thumbnail","7":"category-actualites","8":"tag-actualites","9":"tag-anciens","10":"tag-anciens-psg","11":"tag-canal-supporters","12":"tag-eintracht-francfort","13":"tag-ekitike","14":"tag-fr","15":"tag-france","16":"tag-francfort","17":"tag-hugo-ekitike","18":"tag-liverpool","19":"tag-news","20":"tag-paris","21":"tag-paris-saint-germain","22":"tag-paris-sg","23":"tag-psg","24":"tag-republique-francaise","25":"tag-une"},"share_on_mastodon":{"url":"https:\/\/pubeurope.com\/@fr\/114894947296061960","error":""},"_links":{"self":[{"href":"https:\/\/www.europesays.com\/fr\/wp-json\/wp\/v2\/posts\/264784","targetHints":{"allow":["GET"]}}],"collection":[{"href":"https:\/\/www.europesays.com\/fr\/wp-json\/wp\/v2\/posts"}],"about":[{"href":"https:\/\/www.europesays.com\/fr\/wp-json\/wp\/v2\/types\/post"}],"author":[{"embeddable":true,"href":"https:\/\/www.europesays.com\/fr\/wp-json\/wp\/v2\/users\/2"}],"replies":[{"embeddable":true,"href":"https:\/\/www.europesays.com\/fr\/wp-json\/wp\/v2\/comments?post=264784"}],"version-history":[{"count":0,"href":"https:\/\/www.europesays.com\/fr\/wp-json\/wp\/v2\/posts\/264784\/revisions"}],"wp:featuredmedia":[{"embeddable":true,"href":"https:\/\/www.europesays.com\/fr\/wp-json\/wp\/v2\/media\/264785"}],"wp:attachment":[{"href":"https:\/\/www.europesays.com\/fr\/wp-json\/wp\/v2\/media?parent=264784"}],"wp:term":[{"taxonomy":"category","embeddable":true,"href":"https:\/\/www.europesays.com\/fr\/wp-json\/wp\/v2\/categories?post=264784"},{"taxonomy":"post_tag","embeddable":true,"href":"https:\/\/www.europesays.com\/fr\/wp-json\/wp\/v2\/tags?post=264784"}],"curies":[{"name":"wp","href":"https:\/\/api.w.org\/{rel}","templated":true}]}}