{"id":264786,"date":"2025-07-22T04:15:19","date_gmt":"2025-07-22T04:15:19","guid":{"rendered":"https:\/\/www.europesays.com\/fr\/264786\/"},"modified":"2025-07-22T04:15:19","modified_gmt":"2025-07-22T04:15:19","slug":"une-tornade-sabat-sur-laeroport-de-tours","status":"publish","type":"post","link":"https:\/\/www.europesays.com\/fr\/264786\/","title":{"rendered":"Une tornade s\u2019abat sur l\u2019a\u00e9roport de Tours"},"content":{"rendered":"<p>Le ciel s\u2019est d\u00e9cha\u00een\u00e9 ce lundi matin au-dessus de la ville de Tours. Vers 10h21, une tornade s\u2019est abattue sur le secteur nord de la commune, provoquant des d\u00e9g\u00e2ts l\u00e9gers mais spectaculaires, notamment autour de l\u2019a\u00e9roport de Tours. Un ph\u00e9nom\u00e8ne <a href=\"https:\/\/www.20minutes.fr\/sciences\/meteorologie\/\" target=\"_blank\" class=\"color-ultramarine c-link\" rel=\"nofollow noopener\">m\u00e9t\u00e9orologique<\/a> rare dans la r\u00e9gion, qui s\u2019est d\u00e9velopp\u00e9 au sein d\u2019une supercellule orageuse.<\/p>\n<p>Selon le site <a href=\"https:\/\/www.keraunos.org\/actualites\/fil-infos\/2025\/juillet\/tornade-tours-21-juillet-2025-orage-indre-et-loire-aeroport\" rel=\"nofollow noopener\" target=\"_blank\" class=\"color-ultramarine c-link\">Keraunos<\/a>, l\u2019Observatoire fran\u00e7ais des tornades et orages violents, la tornade a \u00e9t\u00e9 g\u00e9n\u00e9r\u00e9e par une cellule convective n\u00e9e vers 8 heures dans le d\u00e9partement voisin du <a href=\"https:\/\/www.20minutes.fr\/dossier\/maine-et-loire\" target=\"_blank\" class=\"color-ultramarine c-link\" rel=\"nofollow noopener\">Maine-et-Loire<\/a>. En analysant les images radar Doppler, les m\u00e9t\u00e9orologues ont constat\u00e9 que cette cellule avait progressivement acquis les caract\u00e9ristiques d\u2019une supercellule LT (\u00ab low topped\u00a0\u00bb), c\u2019est-\u00e0-dire une cellule orageuse avec une rotation durable mais des sommets relativement bas.<\/p>\n<\/p>\n<p>L\u2019\u00e9valuation des d\u00e9g\u00e2ts en cours<\/p>\n<p>La rotation s\u2019est intensifi\u00e9e \u00e0 l\u2019approche de Tours, se concentrant particuli\u00e8rement lors du passage de la cellule sur le nord de la <a href=\"https:\/\/www.20minutes.fr\/dossier\/ville\" target=\"_blank\" class=\"color-ultramarine c-link\" rel=\"nofollow noopener\">ville<\/a>. C\u2019est \u00e0 ce moment pr\u00e9cis qu\u2019a \u00e9t\u00e9 observ\u00e9e la tornade \u00e0 l\u2019<a href=\"https:\/\/www.20minutes.fr\/dossier\/aeroport\" target=\"_blank\" class=\"color-ultramarine c-link\" rel=\"nofollow noopener\">a\u00e9roport<\/a>. Sur place, les t\u00e9moins ont vu une impressionnante colonne d\u2019air en rotation, accompagn\u00e9e de projections de d\u00e9bris.<\/p>\n<p class=\"mb-xxl@xs color-ultramarine font-weight-semi-bold@xs font-source-serif-pro heading-s@xs\">L\u2019acc\u00e8s \u00e0 ce contenu a \u00e9t\u00e9 bloqu\u00e9 afin de respecter votre choix de consentement<\/p>\n<p class=\"mb-m@xs text-l@xs\">En cliquant sur\u00ab J\u2019accepte \u00bb, vous acceptez le d\u00e9p\u00f4t de cookies par des services externes et aurez ainsi acc\u00e8s aux contenus de nos partenaires.<\/p>\n<p class=\"mb-xl@xs text-s@xs\">Plus d\u2019informations sur la page<a href=\"https:\/\/www.20minutes.fr\/gestion-cookies\" class=\"mx-xxs@xs color-ultramarine\" rel=\"nofollow noopener\" target=\"_blank\">Politique de gestion des cookies<\/a><\/p>\n<p>J\u2019accepte<\/p>\n<p>Les premiers constats font \u00e9tat de d\u00e9g\u00e2ts principalement v\u00e9g\u00e9taux, notamment des branches arrach\u00e9es, mais l\u2019\u00e9valuation compl\u00e8te reste \u00e0 venir. Une enqu\u00eate a \u00e9t\u00e9 ouverte afin de d\u00e9terminer avec pr\u00e9cision l\u2019intensit\u00e9 et la trajectoire du ph\u00e9nom\u00e8ne.<\/p>\n<p><a href=\"https:\/\/www.20minutes.fr\/dossier\/tempete\" target=\"_blank\" class=\"c-link c-btn c-btn--primary\" rel=\"nofollow noopener\">Notre dossier sur les temp\u00eates<\/a><\/p>\n<p>Keraunos souligne \u00e9galement la pr\u00e9sence d\u2019un dip\u00f4le de vitesses radiales bien visible sur les images Doppler, un marqueur typique des tornades associ\u00e9es aux supercellules.<\/p>\n","protected":false},"excerpt":{"rendered":"Le ciel s\u2019est d\u00e9cha\u00een\u00e9 ce lundi matin au-dessus de la ville de Tours. Vers 10h21, une tornade s\u2019est&hellip;\n","protected":false},"author":2,"featured_media":264787,"comment_status":"","ping_status":"","sticky":false,"template":"","format":"standard","meta":{"footnotes":""},"categories":[2],"tags":[11,7343,1011,27,1387,3059,8527,12,52,25,7747,1390],"class_list":{"0":"post-264786","1":"post","2":"type-post","3":"status-publish","4":"format-standard","5":"has-post-thumbnail","7":"category-actualites","8":"tag-actualites","9":"tag-centre-val-de-loire","10":"tag-fr","11":"tag-france","12":"tag-indre-et-loire","13":"tag-intemperies","14":"tag-meteorologie","15":"tag-news","16":"tag-planete","17":"tag-republique-francaise","18":"tag-tempete","19":"tag-tours"},"share_on_mastodon":{"url":"https:\/\/pubeurope.com\/@fr\/114894951127035298","error":""},"_links":{"self":[{"href":"https:\/\/www.europesays.com\/fr\/wp-json\/wp\/v2\/posts\/264786","targetHints":{"allow":["GET"]}}],"collection":[{"href":"https:\/\/www.europesays.com\/fr\/wp-json\/wp\/v2\/posts"}],"about":[{"href":"https:\/\/www.europesays.com\/fr\/wp-json\/wp\/v2\/types\/post"}],"author":[{"embeddable":true,"href":"https:\/\/www.europesays.com\/fr\/wp-json\/wp\/v2\/users\/2"}],"replies":[{"embeddable":true,"href":"https:\/\/www.europesays.com\/fr\/wp-json\/wp\/v2\/comments?post=264786"}],"version-history":[{"count":0,"href":"https:\/\/www.europesays.com\/fr\/wp-json\/wp\/v2\/posts\/264786\/revisions"}],"wp:featuredmedia":[{"embeddable":true,"href":"https:\/\/www.europesays.com\/fr\/wp-json\/wp\/v2\/media\/264787"}],"wp:attachment":[{"href":"https:\/\/www.europesays.com\/fr\/wp-json\/wp\/v2\/media?parent=264786"}],"wp:term":[{"taxonomy":"category","embeddable":true,"href":"https:\/\/www.europesays.com\/fr\/wp-json\/wp\/v2\/categories?post=264786"},{"taxonomy":"post_tag","embeddable":true,"href":"https:\/\/www.europesays.com\/fr\/wp-json\/wp\/v2\/tags?post=264786"}],"curies":[{"name":"wp","href":"https:\/\/api.w.org\/{rel}","templated":true}]}}