{"id":264790,"date":"2025-07-22T04:19:12","date_gmt":"2025-07-22T04:19:12","guid":{"rendered":"https:\/\/www.europesays.com\/fr\/264790\/"},"modified":"2025-07-22T04:19:12","modified_gmt":"2025-07-22T04:19:12","slug":"le-pays-de-galles-a-trouve-son-nouveau-selectionneur","status":"publish","type":"post","link":"https:\/\/www.europesays.com\/fr\/264790\/","title":{"rendered":"le pays de Galles a trouv\u00e9 son nouveau s\u00e9lectionneur"},"content":{"rendered":"<p>Steve Tandy, ancien entra\u00eeneur adjoint de l\u2019Ecosse, a \u00e9t\u00e9 nomm\u00e9 ce lundi au poste de s\u00e9lectionneur du pays de Galles. Sa mission est claire\u00a0: redonner des couleurs \u00e0 une s\u00e9lection en perte de vitesse.<\/p>\n<p class=\"fig-paragraph\">Fum\u00e9e blanche \u00e0 Cardiff. Steve Tandy a \u00e9t\u00e9 d\u00e9sign\u00e9 s\u00e9lectionneur de l&rsquo;\u00e9quipe de rugby du pays de Galles et prendra officiellement ses fonctions le 1er septembre, a annonc\u00e9 lundi la f\u00e9d\u00e9ration galloise. Ancien entra\u00eeneur-adjoint de l&rsquo;\u00c9cosse, il aura la lourde t\u00e2che de\u00a0<a href=\"http:\/\/www.lefigaro.fr\/sports\/rugby\/rugby-le-pays-de-galles-met-un-terme-a-sa-terrible-serie-de-18-defaites-consecutives-en-s-offrant-le-japon-20250712\" data-fig-type=\"NewsFlash\" data-gtm-custom-categorie=\"navigation\" data-gtm-custom-action=\"crossclick\" data-gtm-custom-label=\"Contextuel\" data-gtm-event=\"customEventSPE\" data-fig-domain=\"LEFIGARO\" rel=\"nofollow noopener\" target=\"_blank\">redonner du lustre au XV du Poirea<\/a>u, qui vient de mettre fin \u00e0 une s\u00e9rie de 18 d\u00e9faites en battant difficilement le Japon 31-22 le 12 juillet \u00e0 Kobe. Les Gallois ne s&rsquo;\u00e9taient plus impos\u00e9s depuis leur victoire contre la G\u00e9orgie en phase de poules du Mondial-2023.<\/p>\n<p class=\"fig-paragraph\">Le bapt\u00eame du feu de cet ancien flanker gallois \u00e2g\u00e9 de 45 ans aura lieu contre l&rsquo;Argentine le 9 novembre \u00e0 Cardiff dans le cadre des tourn\u00e9es de novembre des nations de l&rsquo;h\u00e9misph\u00e8re sud. Les Gallois se frotteront ensuite \u00e0 la Nouvelle-Z\u00e9lande, finaliste de la derni\u00e8re Coupe du monde, et \u00e0 l&rsquo;Afrique du Sud championne du monde.<\/p>\n<p>                                    <a class=\"fig-a11y-skip a11y-hidden\" href=\"#fig-a11y-skip-main-inarticle\"><br \/>\n        Passer la publicit\u00e9<br \/>\n    <\/a><\/p>\n<p>Succ\u00e9der \u00e0 Gatland et redonner des couleurs au pays de Galles<\/p>\n<p class=\"fig-paragraph\">\u00abDevenir s\u00e9lectionneur de l&rsquo;\u00e9quipe de mon pays est un honneur et un privil\u00e8ge\u00bb, a d\u00e9clar\u00e9 Tandy. \u00abJ&rsquo;ai h\u00e2te de m&rsquo;investir dans la phase de reconstruction du rugby gallois, et de rendre de nouveau l&rsquo;\u00e9quipe nationale comp\u00e9titive avec les meilleures nations mondiales\u00bb, a ajout\u00e9 celui qui a \u00e9t\u00e9 l&rsquo;entra\u00eeneur de la franchise galloise des Ospreys de 2012 \u00e0 2018, puis l&rsquo;entra\u00eeneur de la d\u00e9fense de la franchise australienne des NSW Waratahs.<\/p>\n<p class=\"fig-paragraph\">Steve Tandy a aussi fait partie du staff de Warren Gatland lorsque celui-ci a dirig\u00e9 les Lions britanniques et irlandais lors leur tourn\u00e9e en Afrique du Sud en 2021. La f\u00e9d\u00e9ration galloise avait mis fin au contrat de Gatland \u00e0 la t\u00eate de sa s\u00e9lection en f\u00e9vrier apr\u00e8s la d\u00e9faite contre l&rsquo;Italie 22-15 lors de la deuxi\u00e8me journ\u00e9e du Tournoi des Six Nations. Matt Sherratt assurait depuis l&rsquo;int\u00e9rim.<\/p>\n","protected":false},"excerpt":{"rendered":"Steve Tandy, ancien entra\u00eeneur adjoint de l\u2019Ecosse, a \u00e9t\u00e9 nomm\u00e9 ce lundi au poste de s\u00e9lectionneur du pays&hellip;\n","protected":false},"author":2,"featured_media":264791,"comment_status":"","ping_status":"","sticky":false,"template":"","format":"standard","meta":{"footnotes":""},"categories":[1416],"tags":[2306,525,2309,1981,2313,1089,451,814,1011,27,955,2308,2311,1980,479,1468,2259,2307,60,478,2310,2312,513],"class_list":{"0":"post-264790","1":"post","2":"type-post","3":"status-publish","4":"format-standard","5":"has-post-thumbnail","7":"category-rugby","8":"tag-6-nations","9":"tag-calendrier","10":"tag-challenge-europeen","11":"tag-classement","12":"tag-clermont","13":"tag-coupe-deurope","14":"tag-coupe-du-monde","15":"tag-direct","16":"tag-fr","17":"tag-france","18":"tag-match","19":"tag-pro-d2","20":"tag-racing","21":"tag-resultats","22":"tag-rugby","23":"tag-rugby-football","24":"tag-score","25":"tag-six-nations","26":"tag-sports","27":"tag-top-14","28":"tag-toulon","29":"tag-toulouse","30":"tag-xv-de-france"},"share_on_mastodon":{"url":"https:\/\/pubeurope.com\/@fr\/114894966827501614","error":""},"_links":{"self":[{"href":"https:\/\/www.europesays.com\/fr\/wp-json\/wp\/v2\/posts\/264790","targetHints":{"allow":["GET"]}}],"collection":[{"href":"https:\/\/www.europesays.com\/fr\/wp-json\/wp\/v2\/posts"}],"about":[{"href":"https:\/\/www.europesays.com\/fr\/wp-json\/wp\/v2\/types\/post"}],"author":[{"embeddable":true,"href":"https:\/\/www.europesays.com\/fr\/wp-json\/wp\/v2\/users\/2"}],"replies":[{"embeddable":true,"href":"https:\/\/www.europesays.com\/fr\/wp-json\/wp\/v2\/comments?post=264790"}],"version-history":[{"count":0,"href":"https:\/\/www.europesays.com\/fr\/wp-json\/wp\/v2\/posts\/264790\/revisions"}],"wp:featuredmedia":[{"embeddable":true,"href":"https:\/\/www.europesays.com\/fr\/wp-json\/wp\/v2\/media\/264791"}],"wp:attachment":[{"href":"https:\/\/www.europesays.com\/fr\/wp-json\/wp\/v2\/media?parent=264790"}],"wp:term":[{"taxonomy":"category","embeddable":true,"href":"https:\/\/www.europesays.com\/fr\/wp-json\/wp\/v2\/categories?post=264790"},{"taxonomy":"post_tag","embeddable":true,"href":"https:\/\/www.europesays.com\/fr\/wp-json\/wp\/v2\/tags?post=264790"}],"curies":[{"name":"wp","href":"https:\/\/api.w.org\/{rel}","templated":true}]}}