{"id":264794,"date":"2025-07-22T04:22:09","date_gmt":"2025-07-22T04:22:09","guid":{"rendered":"https:\/\/www.europesays.com\/fr\/264794\/"},"modified":"2025-07-22T04:22:09","modified_gmt":"2025-07-22T04:22:09","slug":"motogp-deception-tricolore-a-brno-tech3-passe-tout-pres-suite-au-crash-de-bastianini","status":"publish","type":"post","link":"https:\/\/www.europesays.com\/fr\/264794\/","title":{"rendered":"MotoGP d\u00e9ception tricolore \u00e0 Brno, Tech3 passe tout pr\u00e8s, suite au crash de Bastianini !"},"content":{"rendered":"<p>Apr\u00e8s son podium de samedi, dans le sprint MotoGP de Tch\u00e9quie, En\u00e9a Bastianini \u00e9tait tout proche de doubler la mise, dimanche. Une nouvelle fois auteur d\u2019une belle remontada, l\u2019Italien a finalement chut\u00e9, alors qu\u2019il \u00e9tait quatri\u00e8me de l\u2019\u00e9preuve. D\u00e9cevant, sur le papier mais l\u2019essentiel n\u2019est pas l\u00e0. Car, enfin, l\u2019ancien pilote Ducati a pris la mesure de sa KTM, qu\u2019il est d\u00e9sormais capable de qualifier plus haut sur la grille et donc, de jouer non loin du podium.<\/p>\n<p>MotoGP : Pol Espargaro r\u00e9colte pour Tech3 !<\/p>\n<p>Pour Tech3, il est encourageant de constater que les deux pilotes sont d\u00e9sormais en mesure de se battre dans le peloton de t\u00eate, en MotoGP. Reste \u00e0 esp\u00e9rer que Maverick Vinal\u00e8s sera de retour, lors du Grand-Prix d\u2019Autriche. En attendant, <a href=\"https:\/\/lemagsportauto.ouest-france.fr\/tag\/pol-espargaro\/\" target=\"_blank\" rel=\"noopener\">Pol Espargaro<\/a> a plus que fait son son job, en terminant dans le top dix samedi comme dimanche. A la faveur du d\u00e9classement de Fermin Aledguer, le rempla\u00e7ant de Vinal\u00e8s a m\u00eame gagn\u00e9 une place, pour conclure la manche de Brno \u00e0 la neuvi\u00e8me place. Impressionnant, pour un pigiste\u2026<\/p>\n<p>\u00ab La course s\u2019est malheureusement termin\u00e9e t\u00f4t pour moi, mais nos premiers tours ont \u00e9t\u00e9 excellents\u201c, relatait En\u00e9a Bastianini dimanche, peu de temps apr\u00e8s sa chute. \u201cNotre d\u00e9part n\u2019\u00e9tait pas aussi bon qu\u2019hier, mais nous avons r\u00e9ussi \u00e0 revenir gr\u00e2ce \u00e0 de tr\u00e8s bons d\u00e9passements. Une fois quatri\u00e8me, je roulais pour la premi\u00e8re fois de la course sans aspiration. J\u2019ai frein\u00e9 fort, avec beaucoup d\u2019angle \u00e0 l\u2019entr\u00e9e, et j\u2019ai malheureusement commis une erreur au virage 3. Quoi qu\u2019il en soit, nous avons pass\u00e9 un bon week-end, c\u2019\u00e9tait vraiment bien pour nous. C\u2019\u00e9tait agr\u00e9able d\u2019arriver sur un nouveau circuit, de le d\u00e9couvrir sans autre r\u00e9f\u00e9rence. Notre moto a tr\u00e8s bien fonctionn\u00e9, je suis donc satisfait des progr\u00e8s r\u00e9alis\u00e9s ! J\u2019ai essay\u00e9 de me battre une fois de plus pour le podium, mais nous r\u00e9essayerons la prochaine fois. \u00bb, ajoutait le pilote Tech3 KTM.<\/p>\n<blockquote class=\"twitter-tweet\">\n<p dir=\"ltr\" lang=\"en\">We have had a good weekend. It was nice to arrive at a new track, to discover it without any other reference. Our bike worked really well, so I am happy with the steps made! I tried to fight once again for the podium, but we will try again next time. <a href=\"https:\/\/twitter.com\/hashtag\/CzechGP?src=hash&amp;ref_src=twsrc%5Etfw\" target=\"_blank\" rel=\"noopener\">#CzechGP<\/a> <a href=\"https:\/\/t.co\/MfTTSEicZl\">pic.twitter.com\/MfTTSEicZl<\/a><\/p>\n<p>\u2014 Enea Bastianini (@Bestia23) <a href=\"https:\/\/twitter.com\/Bestia23\/status\/1946975115910004746?ref_src=twsrc%5Etfw\" target=\"_blank\" rel=\"noopener\">July 20, 2025<\/a><\/p>\n<\/blockquote>\n<p>\u00ab La moto fonctionne bien ici depuis le d\u00e9but du week-end, et aujourd\u2019hui, en course, c\u2019\u00e9tait g\u00e9nial !\u201c, s\u2019enthousiasmait Pol Espargaro, apr\u00e8s son beau r\u00e9sultat de Tch\u00e9quie. \u201cJ\u2019ai malheureusement pris un tr\u00e8s mauvais d\u00e9part. Ce week-end, nous testions un nouveau syst\u00e8me de d\u00e9part. Hier, c\u2019\u00e9tait bien, mais il nous manque encore des connaissances dans certains domaines, et aujourd\u2019hui, nous l\u2019avons vu ! Sans compter ce mauvais d\u00e9part, notre rythme \u00e9tait vraiment bon, similaire aux 5e et 6e positions, et j\u2019en suis ravi. J\u2019ai r\u00e9alis\u00e9 de tr\u00e8s beaux d\u00e9passements et j\u2019ai beaucoup appr\u00e9ci\u00e9 ce week-end. Maverick aurait fait un excellent travail ici, car ce circuit aurait parfaitement convenu \u00e0 son style de pilotage, mais je sais qu\u2019il fait tout pour revenir avec nous ! \u00bb, concluait l\u2019Espagnol, n\u2019oubliant pas de saluer le pilote qu\u2019il rempla\u00e7ait ce week-end.<\/p>\n<p>Pour Nicolas Goyon, Team Manager de l\u2019\u00e9curie fran\u00e7aise, il confirmait l\u2019ascenseur \u00e9motionnel v\u00e9cu tout au long du Grand-Prix de Tch\u00e9quie de MotoGP 2025 : \u00ab Cette course a \u00e9t\u00e9 une v\u00e9ritable montagne russe d\u2019\u00e9motions pour nous. Nous savions qu\u2019Enea Bastianini avait le potentiel pour faire une course solide. Il a pris un bon d\u00e9part, mais il a rapidement remont\u00e9 de nombreuses positions jusqu\u2019\u00e0 la 4e place. Malheureusement, il a chut\u00e9 au 7e tour, ce qui est vraiment dommage, mais je veux vraiment garder le positif de ce week-end. Enea a atteint la Q2 pour la premi\u00e8re fois et a sign\u00e9 son premier podium avec nous hier. C\u2019\u00e9tait donc son meilleur week-end de la saison, ce qui est de bon augure pour la seconde moiti\u00e9 de 2025 ! <\/p>\n<p>Ensuite, je tiens \u00e0 f\u00e9liciter chaleureusement Pol Espargaro pour sa performance ! Il a pris un mauvais d\u00e9part et \u00e9tait 20e, mais il a remont\u00e9 des positions jusqu\u2019\u00e0 la 9e place gr\u00e2ce \u00e0 un rythme vraiment solide. C\u2019est une performance impressionnante pour un pilote qui n\u2019a pas couru depuis des mois, nous tenons donc \u00e0 remercier chaleureusement Pol pour sa pr\u00e9sence ce week-end et pour tout le travail accompli. Il est maintenant temps pour nous de profiter d\u2019une pause estivale bien m\u00e9rit\u00e9e, de recharger les batteries et de nous pr\u00e9parer pour ce qui s\u2019annonce comme une seconde moiti\u00e9 de saison passionnante. saison ! Rendez-vous en Autriche dans 3 semaines !\u201c, commentait finalement le tricolore.<\/p>\n<p>Article publi\u00e9 le 22\/07\/2025 \u00e0 6h19<\/p>\n<p>                                                            <script async src=\"https:\/\/platform.twitter.com\/widgets.js\" charset=\"utf-8\"><\/script><\/p>\n","protected":false},"excerpt":{"rendered":"Apr\u00e8s son podium de samedi, dans le sprint MotoGP de Tch\u00e9quie, En\u00e9a Bastianini \u00e9tait tout proche de doubler&hellip;\n","protected":false},"author":2,"featured_media":264795,"comment_status":"","ping_status":"","sticky":false,"template":"","format":"standard","meta":{"footnotes":""},"categories":[1413],"tags":[1011,27,1457,1456,1458,60,1580],"class_list":{"0":"post-264794","1":"post","2":"type-post","3":"status-publish","4":"format-standard","5":"has-post-thumbnail","7":"category-moto","8":"tag-fr","9":"tag-france","10":"tag-moto","11":"tag-motocycle","12":"tag-motogp","13":"tag-sports","14":"tag-tech3"},"share_on_mastodon":{"url":"https:\/\/pubeurope.com\/@fr\/114894978697989911","error":""},"_links":{"self":[{"href":"https:\/\/www.europesays.com\/fr\/wp-json\/wp\/v2\/posts\/264794","targetHints":{"allow":["GET"]}}],"collection":[{"href":"https:\/\/www.europesays.com\/fr\/wp-json\/wp\/v2\/posts"}],"about":[{"href":"https:\/\/www.europesays.com\/fr\/wp-json\/wp\/v2\/types\/post"}],"author":[{"embeddable":true,"href":"https:\/\/www.europesays.com\/fr\/wp-json\/wp\/v2\/users\/2"}],"replies":[{"embeddable":true,"href":"https:\/\/www.europesays.com\/fr\/wp-json\/wp\/v2\/comments?post=264794"}],"version-history":[{"count":0,"href":"https:\/\/www.europesays.com\/fr\/wp-json\/wp\/v2\/posts\/264794\/revisions"}],"wp:featuredmedia":[{"embeddable":true,"href":"https:\/\/www.europesays.com\/fr\/wp-json\/wp\/v2\/media\/264795"}],"wp:attachment":[{"href":"https:\/\/www.europesays.com\/fr\/wp-json\/wp\/v2\/media?parent=264794"}],"wp:term":[{"taxonomy":"category","embeddable":true,"href":"https:\/\/www.europesays.com\/fr\/wp-json\/wp\/v2\/categories?post=264794"},{"taxonomy":"post_tag","embeddable":true,"href":"https:\/\/www.europesays.com\/fr\/wp-json\/wp\/v2\/tags?post=264794"}],"curies":[{"name":"wp","href":"https:\/\/api.w.org\/{rel}","templated":true}]}}