{"id":264796,"date":"2025-07-22T04:23:12","date_gmt":"2025-07-22T04:23:12","guid":{"rendered":"https:\/\/www.europesays.com\/fr\/264796\/"},"modified":"2025-07-22T04:23:12","modified_gmt":"2025-07-22T04:23:12","slug":"f1-le-film-vers-une-suite-du-blockbuster-de-lete","status":"publish","type":"post","link":"https:\/\/www.europesays.com\/fr\/264796\/","title":{"rendered":"F1 Le Film : vers une suite du blockbuster de l&rsquo;\u00e9t\u00e9"},"content":{"rendered":"<p>Le dernier projet cin\u00e9matographique de Joseph Kosinski, intitul\u00e9 F1 Le Film et port\u00e9 par la star hollywoodienne Brad Pitt, est en passe de red\u00e9finir les ambitions d\u2019Apple Studios dans l\u2019univers du cin\u00e9ma. D\u00e9voil\u00e9 en salles le 27 juin sur le march\u00e9 international (le 25 juin pour la France), ce long-m\u00e9trage aux effets sp\u00e9ciaux \u00e9poustouflants a connu une entr\u00e9e triomphale, r\u00e9coltant plus de 150 millions de dollars \u00e0 l\u2019\u00e9chelle mondiale en seulement quelques jours, sachant que ce chiffre pourrait cro\u00eetre rapidement au vu de sa dynamique en salle.<\/p>\n<p>Avec un budget estim\u00e9 entre <strong>200 et 300 millions de dollars<\/strong>, <strong><a title=\"F1\" href=\" https:\/\/lesvoitures.fr\/formule1\/\">F1<\/a> Le Film<\/strong> repr\u00e9sentait un pari audacieux pour <strong>Apple Studios<\/strong>, surtout apr\u00e8s plusieurs d\u00e9convenues commerciales. Les attentes \u00e9taient \u00e9lev\u00e9es, mais le <strong>studio<\/strong> n\u2019avait jusqu\u2019ici pas r\u00e9ussi \u00e0 enregistrer un v\u00e9ritable succ\u00e8s populaire en salles.\u00a0Des productions ambitieuses telles que<strong> Killers of the Flower Moon<\/strong> de <strong>Martin Scorsese<\/strong> ou <strong>Napol\u00e9on <\/strong>de <strong>Ridley Scott<\/strong> n\u2019avaient pas r\u00e9pondu aux espoirs plac\u00e9s en elles, tandis que d\u2019autres projets comme <strong>To The Moon<\/strong> et <strong>Argylle<\/strong> ont connu des performances d\u00e9cevantes, voire des \u00e9checs cinglants. Pr\u00e9cisons que <strong><a title=\"F1\" href=\" https:\/\/lesvoitures.fr\/formule1\/\">F1<\/a> Le Film<\/strong> est distribu\u00e9 dans les salles obscures du monde entier par <strong>Warner Bros. Pictures<\/strong>.<\/p>\n<p><img loading=\"lazy\" decoding=\"async\" class=\"alignnone wp-image-469438 size-medium\" src=\"https:\/\/www.europesays.com\/fr\/wp-content\/uploads\/2025\/07\/Bandde-annonce-Film-F1-25-juin-France-785x523.jpg\" alt=\"F1 Le Film F1 Formule 1 Brad Pitt Apple Studios\" width=\"785\" height=\"523\"  \/><\/p>\n<p>Le d\u00e9marrage tonitruant r\u00e9alis\u00e9 par <strong>F1 Le Film<\/strong> pourrait rebattre les cartes pour la <strong>strat\u00e9gie cin\u00e9matographique men\u00e9e par Apple Studios<\/strong>, et les producteurs semblent d\u00e9j\u00e0 <strong>r\u00e9fl\u00e9chir \u00e0 prolonger le succ\u00e8s<\/strong>. Un article du m\u00e9dia sp\u00e9cialis\u00e9 <a href=\"https:\/\/variety.com\/2025\/film\/box-office\/f1-box-office-success-apple-movie-strategy-1236443690\/\" target=\"_blank\" rel=\"noopener\"><strong>Variety<\/strong><\/a>, publi\u00e9 <strong>fin juin<\/strong>, laisse entendre que <strong>l\u2019id\u00e9e d\u2019une suite pourrait \u00eatre s\u00e9rieusement envisag\u00e9e<\/strong>, tant le potentiel narratif et commercial para\u00eet solide.<\/p>\n<p><img loading=\"lazy\" decoding=\"async\" class=\"alignnone wp-image-469391 size-medium\" src=\"https:\/\/www.europesays.com\/fr\/wp-content\/uploads\/2025\/06\/Film-F1-25-juin-cinema-785x324.png\" alt=\"Apple Studios \" width=\"785\" height=\"324\"  \/><\/p>\n<p>Dans ce premier volet, <strong>Brad Pitt<\/strong> incarne <strong>Sonny Hayes<\/strong>, une l\u00e9gende de la <strong>Formule 1<\/strong> contrainte de quitter les circuits apr\u00e8s un accident dramatique. Trente ans apr\u00e8s, il est sollicit\u00e9 pour venir en aide \u00e0 l\u2019\u00e9curie dirig\u00e9e par son ancien co\u00e9quipier, camp\u00e9 par <strong>Javier Bardem<\/strong>. \u00c0 travers ce retour inattendu, il tente de retrouver sa place dans l\u2019univers impitoyable de la<strong> F1<\/strong> tout en nouant une relation complexe avec son <strong>nouveau partenaire au sein de l\u2019\u00e9curie <a href=\"https:\/\/lesvoitures.fr\/film-f1-mercedes-amg-gt-apxgp-edition-brad-pitt\/\" target=\"_blank\" rel=\"noopener\">APXGP<\/a><\/strong>, interpr\u00e9t\u00e9 par <strong>Damson Idris<\/strong>. Ce r\u00e9cit m\u00eale intensit\u00e9, nostalgie et r\u00e9demption, ce qui explique sans doute son excellente r\u00e9ception par les spectateurs. Face \u00e0 <strong>l\u2019engouement du public<\/strong> et \u00e0 la <strong>possibilit\u00e9 d\u2019une franchise<\/strong>, <strong>Joseph Kosinski s\u2019est montr\u00e9 ouvert<\/strong> tout en rappelant que l\u2019avenir du film ne d\u00e9pendait pas uniquement de lui. Interrog\u00e9 par le magazine <a href=\"https:\/\/www.gq-magazine.co.uk\/article\/f1-ending-interview\" target=\"_blank\" rel=\"noopener\"><strong>GQ<\/strong><\/a>, \u00e9galement en <strong>juin dernier<\/strong>, il a pr\u00e9cis\u00e9 :<\/p>\n<blockquote>\n<p>\u00ab\u00a0C\u2019est au public de d\u00e9cider. Je pense que nous laissons une fin tr\u00e8s ouverte pour Sonny, pour Kate [jou\u00e9e par Kerry Condon] et pour Joshua. Alors oui, je pense qu\u2019il y a certainement plus \u00e0 dire sur l\u2019\u00e9quipe APXGP, et sur ce que Sonny Hayes va faire \u00e0 partir de maintenant. Mais ce n\u2019est pas moi qui d\u00e9cide.\u00a0\u00bb<\/p>\n<\/blockquote>\n<p>Enfin, avec un <strong>univers encore largement exploitable<\/strong>, des personnages bien install\u00e9s et une base de fans d\u00e9j\u00e0 conquise,<strong> F1 Le Film<\/strong> a tout pour devenir le point de d\u00e9part d\u2019une <strong>s\u00e9rie cin\u00e9matographique autour de la mythologie des circuits<\/strong>. Pour <strong>Apple Studios<\/strong>, il pourrait s\u2019agir d\u2019un tournant majeur, voire du d\u00e9but d\u2019une saga \u00e0 succ\u00e8s qui r\u00e9\u00e9quilibre son image dans l\u2019industrie du cin\u00e9ma en salle. Concluons en <a title=\"vid\u00e9o\" href=\" https:\/\/lesvoitures.fr\/videos\/\">vid\u00e9o<\/a> avec la bande-annonce de <strong>F1 Le Film<\/strong>.<\/p>\n<p>\u00a0<\/p>\n<\/p>\n<p>La r\u00e9daction<\/p>\n<p><a title=\"Photos\" href=\" https:\/\/lesvoitures.fr\/photos\/\">Photos<\/a> : Warnes Bros. Pictures<\/p>\n","protected":false},"excerpt":{"rendered":"Le dernier projet cin\u00e9matographique de Joseph Kosinski, intitul\u00e9 F1 Le Film et port\u00e9 par la star hollywoodienne Brad&hellip;\n","protected":false},"author":2,"featured_media":264797,"comment_status":"","ping_status":"","sticky":false,"template":"","format":"standard","meta":{"footnotes":""},"categories":[1412],"tags":[40442,2134,1451,40441,1452,1453,1454,1455,1011,27,60],"class_list":{"0":"post-264796","1":"post","2":"type-post","3":"status-publish","4":"format-standard","5":"has-post-thumbnail","7":"category-f1","8":"tag-apple-studios","9":"tag-brad-pitt","10":"tag-f1","11":"tag-f1-le-film","12":"tag-formula-1","13":"tag-formula1","14":"tag-formule-1","15":"tag-formule1","16":"tag-fr","17":"tag-france","18":"tag-sports"},"share_on_mastodon":{"url":"https:\/\/pubeurope.com\/@fr\/114894982675085809","error":""},"_links":{"self":[{"href":"https:\/\/www.europesays.com\/fr\/wp-json\/wp\/v2\/posts\/264796","targetHints":{"allow":["GET"]}}],"collection":[{"href":"https:\/\/www.europesays.com\/fr\/wp-json\/wp\/v2\/posts"}],"about":[{"href":"https:\/\/www.europesays.com\/fr\/wp-json\/wp\/v2\/types\/post"}],"author":[{"embeddable":true,"href":"https:\/\/www.europesays.com\/fr\/wp-json\/wp\/v2\/users\/2"}],"replies":[{"embeddable":true,"href":"https:\/\/www.europesays.com\/fr\/wp-json\/wp\/v2\/comments?post=264796"}],"version-history":[{"count":0,"href":"https:\/\/www.europesays.com\/fr\/wp-json\/wp\/v2\/posts\/264796\/revisions"}],"wp:featuredmedia":[{"embeddable":true,"href":"https:\/\/www.europesays.com\/fr\/wp-json\/wp\/v2\/media\/264797"}],"wp:attachment":[{"href":"https:\/\/www.europesays.com\/fr\/wp-json\/wp\/v2\/media?parent=264796"}],"wp:term":[{"taxonomy":"category","embeddable":true,"href":"https:\/\/www.europesays.com\/fr\/wp-json\/wp\/v2\/categories?post=264796"},{"taxonomy":"post_tag","embeddable":true,"href":"https:\/\/www.europesays.com\/fr\/wp-json\/wp\/v2\/tags?post=264796"}],"curies":[{"name":"wp","href":"https:\/\/api.w.org\/{rel}","templated":true}]}}