{"id":264799,"date":"2025-07-22T04:25:12","date_gmt":"2025-07-22T04:25:12","guid":{"rendered":"https:\/\/www.europesays.com\/fr\/264799\/"},"modified":"2025-07-22T04:25:12","modified_gmt":"2025-07-22T04:25:12","slug":"anciens-le-beau-cadeau-du-psg-envers-neymar","status":"publish","type":"post","link":"https:\/\/www.europesays.com\/fr\/264799\/","title":{"rendered":"Anciens \u2013 Le beau cadeau du PSG envers Neymar &#8211;"},"content":{"rendered":"<p><img width=\"780\" height=\"470\" src=\"https:\/\/www.europesays.com\/fr\/wp-content\/uploads\/2025\/07\/neymar-780x470.jpeg\" class=\"attachment-jannah-image-post size-jannah-image-post wp-post-image\" alt=\"Neymar\" is_main_img=\"1\" decoding=\"async\" fetchpriority=\"high\"\/><\/p>\n<p>Neymar a jou\u00e9 pendant six ans au PSG. Si apr\u00e8s son d\u00e9part en<br \/>\n2023, des tensions ont pu appara\u00eetre entre les deux parties, cela<br \/>\nsemble s\u2019\u00eatre d\u00e9tendu depuis quelques mois.\u00a0<\/p>\n<p>Lors de l\u2019\u00e9t\u00e9 2017, le <strong>PSG<\/strong> avait frapp\u00e9 un tr\u00e8s<br \/>\ngrand coup en s\u2019offrant <strong>Neymar.<\/strong> Le club de la<br \/>\ncapitale avait lev\u00e9 sa clause lib\u00e9ratoire de 222 millions d\u2019euros<br \/>\ndans son contrat avec le <strong>FC Barcelone<\/strong>.<br \/>\nL\u2019international br\u00e9silien passera six ans au <strong>PSG<\/strong>,<br \/>\npour 173 matches toutes comp\u00e9titions confondues, 118 buts et 70<br \/>\npasses d\u00e9cisives. Mais son <a href=\"https:\/\/canal-supporters.com\/neymar-sr-neymar-ne-veut-pas-effacer-son-histoire-avec-le-psg\/\" title=\"\" target=\"_blank\" rel=\"noopener\">histoire parisienne<\/a> a \u00e9t\u00e9 marqu\u00e9e par de nombreuses<br \/>\nblessures. \u00c0 la fin de son histoire au <strong>PSG<\/strong>, il<br \/>\navait \u00e9t\u00e9 pris en grippe par certains supporters du PSG, qui ont<br \/>\nm\u00eame \u00e9t\u00e9 devant chez lui pour lui demander de partir.\u00a0<\/p>\n<p>A voir aussi : <a href=\"https:\/\/canal-supporters.com\/anciens-neymar-le-repete-et-insiste-sa-meilleure-forme-etait-au-psg\/\" title=\"\" target=\"_blank\" rel=\"noopener\">Neymar le r\u00e9p\u00e8te et insiste, sa meilleure forme \u00e9tait au<br \/>\nPSG<\/a><\/p>\n<p><a href=\"https:\/\/x.com\/CanalSupporters\" target=\"_blank\" rel=\"noopener\" title=\"\">canalsupporters.com<\/a><\/p>\n<p>Des maillots du<br \/>\nPSG saison 2025-2026 floqu\u00e9s aux noms de ses enfants<\/p>\n<p>Il quittera finalement le <strong>PSG<\/strong> lors du mercato<br \/>\nestival 2023 pour rejoindre <strong>Al Hilal<\/strong> contre 90<br \/>\nmillions d\u2019euros. Si les relations semblaient un peu tendues \u00e0 la<br \/>\nfin de son aventure parisienne, cela semble s\u2019\u00eatre apais\u00e9 ces<br \/>\nderniers mois. Dans plusieurs interviews, il a expliqu\u00e9 que le<br \/>\nprime de sa carri\u00e8re \u00e9tait au <strong>PSG<\/strong> et qu\u2019il<br \/>\n<a href=\"https:\/\/canal-supporters.com\/neymar-je-respecte-le-psg-et-je-vais-toujours-les-soutenir\/\" title=\"\" target=\"_blank\" rel=\"noopener\">soutenait toujours<\/a> le <strong>PSG<\/strong>. Dans une<br \/>\n<a href=\"https:\/\/www.instagram.com\/stories\/neymarjr\/3681085032669815729\/\" target=\"_blank\" rel=\"noopener\" title=\"\">story Instagram<\/a>,<br \/>\n<strong>Neymar<\/strong> a post\u00e9 une photo avec des maillots<br \/>\ndomicile de la saison 2025-2026 du club de la capitale envoy\u00e9s par<br \/>\nle champion d\u2019<strong>Europe<\/strong> pour sa famille et lui, avec<br \/>\nles flocages \u00e0 leurs noms : <strong>Davi Lucca<\/strong>,<br \/>\n<strong>Mavie<\/strong>, <strong>Helena<\/strong> et<br \/>\n<strong>Mel<\/strong>. Touch\u00e9 par ce geste, le Br\u00e9silien a donc<br \/>\npubli\u00e9 une story Instagram avec un simple mot :<br \/>\n\u00ab\u00a0Merci <strong>PSG<\/strong>.\u00a0\u00bb<\/p>\n<p> <img loading=\"lazy\" decoding=\"async\" width=\"583\" height=\"1024\" src=\"https:\/\/www.europesays.com\/fr\/wp-content\/uploads\/2025\/07\/Neymar-Instagram-583x1024.jpeg\" alt=\"Neymar instagram\" class=\"wp-image-577017\"  \/><\/p>\n<p><script async src=\"\/\/www.instagram.com\/embed.js\"><\/script><\/p>\n","protected":false},"excerpt":{"rendered":"Neymar a jou\u00e9 pendant six ans au PSG. Si apr\u00e8s son d\u00e9part en 2023, des tensions ont pu&hellip;\n","protected":false},"author":2,"featured_media":264800,"comment_status":"","ping_status":"","sticky":false,"template":"","format":"standard","meta":{"footnotes":""},"categories":[1410],"tags":[81,787,63,1011,27,2440,23921,32219,626,91,92,93,938,60,40443,96],"class_list":{"0":"post-264799","1":"post","2":"type-post","3":"status-publish","4":"format-standard","5":"has-post-thumbnail","7":"category-football","8":"tag-canal-supporters","9":"tag-cs","10":"tag-football","11":"tag-fr","12":"tag-france","13":"tag-instagram","14":"tag-neymar","15":"tag-neymar-jr","16":"tag-paris","17":"tag-paris-saint-germain","18":"tag-paris-sg","19":"tag-psg","20":"tag-reseaux-sociaux","21":"tag-sports","22":"tag-story-instagram","23":"tag-une"},"share_on_mastodon":{"url":"https:\/\/pubeurope.com\/@fr\/114894990520001278","error":""},"_links":{"self":[{"href":"https:\/\/www.europesays.com\/fr\/wp-json\/wp\/v2\/posts\/264799","targetHints":{"allow":["GET"]}}],"collection":[{"href":"https:\/\/www.europesays.com\/fr\/wp-json\/wp\/v2\/posts"}],"about":[{"href":"https:\/\/www.europesays.com\/fr\/wp-json\/wp\/v2\/types\/post"}],"author":[{"embeddable":true,"href":"https:\/\/www.europesays.com\/fr\/wp-json\/wp\/v2\/users\/2"}],"replies":[{"embeddable":true,"href":"https:\/\/www.europesays.com\/fr\/wp-json\/wp\/v2\/comments?post=264799"}],"version-history":[{"count":0,"href":"https:\/\/www.europesays.com\/fr\/wp-json\/wp\/v2\/posts\/264799\/revisions"}],"wp:featuredmedia":[{"embeddable":true,"href":"https:\/\/www.europesays.com\/fr\/wp-json\/wp\/v2\/media\/264800"}],"wp:attachment":[{"href":"https:\/\/www.europesays.com\/fr\/wp-json\/wp\/v2\/media?parent=264799"}],"wp:term":[{"taxonomy":"category","embeddable":true,"href":"https:\/\/www.europesays.com\/fr\/wp-json\/wp\/v2\/categories?post=264799"},{"taxonomy":"post_tag","embeddable":true,"href":"https:\/\/www.europesays.com\/fr\/wp-json\/wp\/v2\/tags?post=264799"}],"curies":[{"name":"wp","href":"https:\/\/api.w.org\/{rel}","templated":true}]}}