{"id":264803,"date":"2025-07-22T04:27:28","date_gmt":"2025-07-22T04:27:28","guid":{"rendered":"https:\/\/www.europesays.com\/fr\/264803\/"},"modified":"2025-07-22T04:27:28","modified_gmt":"2025-07-22T04:27:28","slug":"jetais-curieux-du-geste-des-mains-au-travail-des-photos-de-felix-le-garrec-sur-les-femmes-a-lusine-dans-les-annees-70-exposees-a-treffiagat-lechiagat","status":"publish","type":"post","link":"https:\/\/www.europesays.com\/fr\/264803\/","title":{"rendered":"\u00ab\u00a0J\u2019\u00e9tais curieux du geste des mains au travail\u00a0\u00bb\u00a0: des photos de F\u00e9lix Le Garrec sur les femmes \u00e0 l\u2019usine dans les ann\u00e9es 70 expos\u00e9es \u00e0 Treffiagat-L\u00e9chiagat"},"content":{"rendered":"<p>F\u00e9lix Le Garrec \u00e0 l\u2019honneur. Cette ann\u00e9e, dans le cadre <a href=\"https:\/\/www.letelegramme.fr\/finistere\/le-guilvinec-29730\/au-guilvinec-la-15e-edition-du-festival-de-lhomme-et-la-mer-sera-feminin-6800842.php\" target=\"_blank\" rel=\"noopener\">du festival photo Les femmes et la mer<\/a>, qui se tient entre Le Guilvinec et Treffiagat-L\u00e9chiagat jusqu\u2019au 31 octobre, une quinzaine de photos de l\u2019artiste sont pr\u00e9sent\u00e9es au niveau du phare de la pointe, \u00e0 L\u00e9chiagat. Il s\u2019agit de clich\u00e9s pris dans les ann\u00e9es 70, \u00e0 l\u2019usine Raphalen de Plon\u00e9our-Lanvern (d\u00e9tenue alors par son grand-p\u00e8re), pour mettre en avant le travail des femmes.<\/p>\n<p>Affaibli, du haut de ses 95 ans, F\u00e9lix Le Garrec s\u2019est pr\u00e9sent\u00e9, mercredi 16 juillet, devant une trentaine de personnes captiv\u00e9es par son travail tout autant que par ses anecdotes sur chacun de ses clich\u00e9s. Gr\u00e2ce \u00e0 la s\u00e9lection r\u00e9alis\u00e9e par l\u2019association Les amis de Nicole et F\u00e9lix Le Garrec, le but est de montrer toute la cha\u00eene, de l\u2019arriv\u00e9e des femmes dans l\u2019usine \u00e0 la sortie des aliments. Ainsi, certaines photos montrent le pointage des salari\u00e9es arrivant au travail, d\u2019autres la mise en bo\u00eete des sardines. Mais pourquoi avoir fait ce choix de s\u2019int\u00e9resser aux femmes \u00e0 l\u2019\u00e9poque\u00a0? \u00ab\u00a0J\u2019\u00e9tais curieux du geste des mains au travail\u00a0\u00bb, r\u00e9pond-il simplement.<\/p>\n<p><img decoding=\"async\" src=\"https:\/\/www.europesays.com\/fr\/wp-content\/uploads\/2025\/07\/687d0527368ec34cb2080622.1.jpeg\" width=\"480\" height=\"300\" class=\"web_golden_m\" loading=\"lazy\" alt=\"F\u00e9lix Le Garrec s\u2019est arr\u00eat\u00e9 devant chacun de ses clich\u00e9s pour \u00e9voquer les souvenirs li\u00e9s \u00e0 ces derniers.\"\/>F\u00e9lix Le Garrec s\u2019est arr\u00eat\u00e9 devant chacun de ses clich\u00e9s pour \u00e9voquer les souvenirs li\u00e9s \u00e0 ces derniers. (Le T\u00e9l\u00e9gramme\/Antoine Gegat)Des souvenirs marquants<\/p>\n<p>F\u00e9lix Le Garrec a pris le temps de s\u2019arr\u00eater un instant sur chaque photo, en allant chercher des \u00ab\u00a0souvenirs lointains\u00a0\u00bb dans sa m\u00e9moire, comme il le dit. Une sc\u00e8ne semble l\u2019avoir relativement marqu\u00e9. \u00ab\u00a0Un jour, une femme a commenc\u00e9 \u00e0 chanter d\u2019une magnifique et douce voix. Ses coll\u00e8gues se sont arr\u00eat\u00e9es avant de pousser la chansonnette avec elle, c\u2019\u00e9tait formidable. Et les patrons \u00e9taient contents de voir cette sc\u00e8ne. Cela voulait dire que les femmes \u00e9taient heureuses au travail.\u00a0\u00bb Le contraste avec la p\u00e9riode actuelle a \u00e9t\u00e9 relev\u00e9. Aujourd\u2019hui, dans les usines, il est davantage compliqu\u00e9 de communiquer avec le bruit des machines, par exemple.<\/p>\n<p>F\u00e9lix Le Garrec ne s\u2019est pas content\u00e9 d\u2019aborder les photos de l\u2019exposition. Il a \u00e9galement fait part de sa passion pour la photographie en g\u00e9n\u00e9ral. Ce qui lui a permis, comme il le dit si bien, \u00ab\u00a0de conna\u00eetre des situations fantastiques\u00a0\u00bb. P\u00eale-m\u00eale, il a \u00e9voqu\u00e9 la photo d\u2019un papy d\u00e9c\u00e9d\u00e9 sur son lit de mort, ou encore ses voyages en Am\u00e9rique du Sud.<\/p>\n<p>Pratique<\/p>\n<p class=\"note\">Exposition visible au niveau du phare de la pointe, \u00e0 L\u00e9chiagat, jusqu\u2019au 31 octobre. Gratuit.<\/p>\n","protected":false},"excerpt":{"rendered":"F\u00e9lix Le Garrec \u00e0 l\u2019honneur. Cette ann\u00e9e, dans le cadre du festival photo Les femmes et la mer,&hellip;\n","protected":false},"author":2,"featured_media":264804,"comment_status":"","ping_status":"","sticky":false,"template":"","format":"standard","meta":{"footnotes":""},"categories":[1358],"tags":[1348,1384,1385,1386,58,59,1011,27,1756,3323,26334],"class_list":{"0":"post-264803","1":"post","2":"type-post","3":"status-publish","4":"format-standard","5":"has-post-thumbnail","7":"category-arts-et-design","8":"tag-arts","9":"tag-arts-and-design","10":"tag-arts-et-design","11":"tag-design","12":"tag-divertissement","13":"tag-entertainment","14":"tag-fr","15":"tag-france","16":"tag-photographie","17":"tag-pont-labbe","18":"tag-treffiagat-lechiagat"},"share_on_mastodon":{"url":"https:\/\/pubeurope.com\/@fr\/114894998263819225","error":""},"_links":{"self":[{"href":"https:\/\/www.europesays.com\/fr\/wp-json\/wp\/v2\/posts\/264803","targetHints":{"allow":["GET"]}}],"collection":[{"href":"https:\/\/www.europesays.com\/fr\/wp-json\/wp\/v2\/posts"}],"about":[{"href":"https:\/\/www.europesays.com\/fr\/wp-json\/wp\/v2\/types\/post"}],"author":[{"embeddable":true,"href":"https:\/\/www.europesays.com\/fr\/wp-json\/wp\/v2\/users\/2"}],"replies":[{"embeddable":true,"href":"https:\/\/www.europesays.com\/fr\/wp-json\/wp\/v2\/comments?post=264803"}],"version-history":[{"count":0,"href":"https:\/\/www.europesays.com\/fr\/wp-json\/wp\/v2\/posts\/264803\/revisions"}],"wp:featuredmedia":[{"embeddable":true,"href":"https:\/\/www.europesays.com\/fr\/wp-json\/wp\/v2\/media\/264804"}],"wp:attachment":[{"href":"https:\/\/www.europesays.com\/fr\/wp-json\/wp\/v2\/media?parent=264803"}],"wp:term":[{"taxonomy":"category","embeddable":true,"href":"https:\/\/www.europesays.com\/fr\/wp-json\/wp\/v2\/categories?post=264803"},{"taxonomy":"post_tag","embeddable":true,"href":"https:\/\/www.europesays.com\/fr\/wp-json\/wp\/v2\/tags?post=264803"}],"curies":[{"name":"wp","href":"https:\/\/api.w.org\/{rel}","templated":true}]}}