{"id":264805,"date":"2025-07-22T04:28:24","date_gmt":"2025-07-22T04:28:24","guid":{"rendered":"https:\/\/www.europesays.com\/fr\/264805\/"},"modified":"2025-07-22T04:28:24","modified_gmt":"2025-07-22T04:28:24","slug":"la-fouillade-ultime-ligne-droite-pour-le-festival-des-livres-de-ce-week-end","status":"publish","type":"post","link":"https:\/\/www.europesays.com\/fr\/264805\/","title":{"rendered":"La Fouillade. Ultime ligne droite pour le festival des livres de ce week-end"},"content":{"rendered":"<p>Ils ont des parcours bien diff\u00e9rents, mais une m\u00eame passion pour les mots. Trois nouveaux auteurs rejoignent l\u2019affiche du Festival des livres de La Fouillade, qui se tiendra le samedi 26 juillet. Une belle occasion de d\u00e9couvrir des voix singuli\u00e8res, venues enrichir ce rendez-vous 6litt\u00e9raire devenu incontournable en Aveyron.<\/p>\n<p>Isabelle Cailhau se pr\u00e9sente comme \u00ab\u00a0auteure en f\u00e9erie\u00a0\u00bb. Elle proposera aux jeunes lecteurs un album intitul\u00e9 Aussi haute que trois pommes, une histoire po\u00e9tique et initiatique, o\u00f9 la nature occupe une place centrale. Le merveilleux s\u2019y d\u00e9voile doucement, page apr\u00e8s page, dans un univers sensible et onirique.<\/p>\n<p>Autre ambiance avec Pierre Carayon. Ancien aubergiste, il s\u2019est reconverti en slameur et auteur, publiant plusieurs ouvrages d\u00e9di\u00e9s \u00e0 de grandes figures qui ont travers\u00e9 sa vie : de Gaulle, Jaur\u00e8s, et plus r\u00e9cemment Michel Sardou. Avec sa plume libre, il m\u00eale souvenirs de comptoir et portraits d\u2019hommes, dans un style direct et sinc\u00e8re.<\/p>\n<p>Enfin, Reine Carcenac viendra avec son compagnon de plume, Yves Carcenac. \u00c9crivaine depuis l\u2019enfance, elle a publi\u00e9 de nombreux romans, nouvelles et recueils de po\u00e9sie. Ensemble, ils signent une s\u00e9rie de polars loufoques, o\u00f9 l\u2019humour et l\u2019absurde s\u2019invitent dans l\u2019intrigue, pour le plus grand plaisir des lecteurs.<\/p>\n<p>Trois auteurs, trois styles, une m\u00eame envie de rencontrer leur public. Le festival promet, encore cette ann\u00e9e, des \u00e9changes riches et conviviaux au c\u0153ur de l\u2019\u00e9t\u00e9 fouilladais.<\/p>\n<p>De plus, sur le coup de midi, d\u2019imposantes tables seront dress\u00e9es sur la place jouxtant le march\u00e9 de l\u2019\u00e9t\u00e9, mani\u00e8re pour les personnes qui le souhaitent de composer leurs repas et de d\u00e9jeuner sur place, en \u00e9coutant le groupe d\u2019Hugues Cayrade, \u00ab\u00a0Nuit d\u2019ivresse\u00a0\u00bb.<\/p>\n","protected":false},"excerpt":{"rendered":"Ils ont des parcours bien diff\u00e9rents, mais une m\u00eame passion pour les mots. Trois nouveaux auteurs rejoignent l\u2019affiche&hellip;\n","protected":false},"author":2,"featured_media":264806,"comment_status":"","ping_status":"","sticky":false,"template":"","format":"standard","meta":{"footnotes":""},"categories":[1357],"tags":[1379,58,59,1011,27,1380],"class_list":{"0":"post-264805","1":"post","2":"type-post","3":"status-publish","4":"format-standard","5":"has-post-thumbnail","7":"category-livres","8":"tag-books","9":"tag-divertissement","10":"tag-entertainment","11":"tag-fr","12":"tag-france","13":"tag-livres"},"share_on_mastodon":{"url":"https:\/\/pubeurope.com\/@fr\/114895002376263984","error":""},"_links":{"self":[{"href":"https:\/\/www.europesays.com\/fr\/wp-json\/wp\/v2\/posts\/264805","targetHints":{"allow":["GET"]}}],"collection":[{"href":"https:\/\/www.europesays.com\/fr\/wp-json\/wp\/v2\/posts"}],"about":[{"href":"https:\/\/www.europesays.com\/fr\/wp-json\/wp\/v2\/types\/post"}],"author":[{"embeddable":true,"href":"https:\/\/www.europesays.com\/fr\/wp-json\/wp\/v2\/users\/2"}],"replies":[{"embeddable":true,"href":"https:\/\/www.europesays.com\/fr\/wp-json\/wp\/v2\/comments?post=264805"}],"version-history":[{"count":0,"href":"https:\/\/www.europesays.com\/fr\/wp-json\/wp\/v2\/posts\/264805\/revisions"}],"wp:featuredmedia":[{"embeddable":true,"href":"https:\/\/www.europesays.com\/fr\/wp-json\/wp\/v2\/media\/264806"}],"wp:attachment":[{"href":"https:\/\/www.europesays.com\/fr\/wp-json\/wp\/v2\/media?parent=264805"}],"wp:term":[{"taxonomy":"category","embeddable":true,"href":"https:\/\/www.europesays.com\/fr\/wp-json\/wp\/v2\/categories?post=264805"},{"taxonomy":"post_tag","embeddable":true,"href":"https:\/\/www.europesays.com\/fr\/wp-json\/wp\/v2\/tags?post=264805"}],"curies":[{"name":"wp","href":"https:\/\/api.w.org\/{rel}","templated":true}]}}