{"id":26481,"date":"2025-04-15T12:15:13","date_gmt":"2025-04-15T12:15:13","guid":{"rendered":"https:\/\/www.europesays.com\/fr\/26481\/"},"modified":"2025-04-15T12:15:13","modified_gmt":"2025-04-15T12:15:13","slug":"lsd-ecstasy-cannabis-a-cergy-les-epiciers-de-la-drogue-sillonnaient-lile-de-france","status":"publish","type":"post","link":"https:\/\/www.europesays.com\/fr\/26481\/","title":{"rendered":"LSD, ecstasy, cannabis\u00a0: \u00e0 Cergy, les \u00e9piciers de la drogue sillonnaient l\u2019\u00cele-de-France"},"content":{"rendered":"<p class=\"paragraph text_align_left\">Ils en avaient pour tous les go\u00fbts et pour toutes les modes, du LSD des ann\u00e9es 1970 \u00e0 la derni\u00e8re drogue de synth\u00e8se en vogue chez les f\u00e9rus de chemsex, une v\u00e9ritable \u00e9picerie qu\u2019ils livraient dans toute l\u2019\u00cele-de-France voire au-del\u00e0, en Picardie : un duo de trafiquants adeptes de l\u2019Uber stup a \u00e9t\u00e9 mis hors course par les enqu\u00eateurs de la Dcos Cergy (Division de la criminalit\u00e9 organis\u00e9e et sp\u00e9cialis\u00e9e), l\u2019ex-PJ. <a href=\"https:\/\/www.leparisien.fr\/val-d-oise-95\/securite-dans-le-val-doise-priorite-a-la-lutte-contre-le-trafic-de-drogue-21-02-2025-7744HFKZ5BFO5DIYYLUQFLHECI.php\" target=\"_blank\" rel=\"noreferrer nofollow noopener\">Dans le cadre d\u2019une op\u00e9ration restauration de la S\u00e9curit\u00e9 du Quotidien<\/a>, tous deux ont \u00e9t\u00e9 interpell\u00e9s \u00e0 leur domicile respectif les 8 et 9 avril derniers \u00e0 l\u2019issue d\u2019une enqu\u00eate qui a commenc\u00e9 en d\u00e9but d\u2019ann\u00e9e 2025.<\/p>\n<p class=\"paragraph text_align_left\">Tout est parti d\u2019une information selon laquelle un jeune homme vivant \u00e0 Jouy-le-Moutier livrait en voiture ses clients dans l\u2019\u00cele-de-France en coca\u00efne, pour l\u2019essentiel. Les policiers ont alors suivi de pr\u00e8s les activit\u00e9s de ce trentenaire, d\u00e9couvrant qu\u2019il \u00e9tait en relation \u00e9troite avec un homme un peu plus jeune domicili\u00e9 \u00e0 Cergy, dans le quartier des Touleuses, un secteur r\u00e9pertori\u00e9 comme un point de deal par la cellule de renseignement op\u00e9rationnel sur les stup\u00e9fiants du Val-d\u2019Oise (Cross 95). Les enqu\u00eateurs ont \u00e9galement identifi\u00e9 leur lieu de stockage, un appartement lou\u00e9 \u00e0 Osny sp\u00e9cialement pour cette fonction.<\/p>\n<p>La compagne d\u2019un des suspects menait grand train<\/p>\n<p class=\"paragraph text_align_left\">Lors des perquisitions men\u00e9es \u00e0 la suite des interpellations, les policiers ont retrouv\u00e9 le stock de l\u2019\u00e9picerie illicite dans ce logement. Ils ont ainsi mis main sur des amph\u00e9tamines, fait un retour aux ann\u00e9es hippies en d\u00e9couvrant du LSD, puis de l\u2019ecstasy, des champignons hallucinog\u00e8nes, pr\u00e8s de 5 kg de r\u00e9sine de cannabis et un kilo d\u2019herbe. Les policiers ont aussi mis la main sur 500 g de 2 MMC, un produit appr\u00e9ci\u00e9 des adeptes du chemsex, un kilo de k\u00e9tamine. Dans les rayons d\u2019Osny, il a \u00e9t\u00e9 d\u00e9couvert \u00e9galement 300 g de coca\u00efne et, ce qui est plus rare dans le Val-d\u2019Oise, 500 g d\u2019h\u00e9ro\u00efne, une drogue d\u00e9vastatrice que l\u2019on retrouve plus fr\u00e9quemment en province, notamment dans le Nord.<\/p>\n<p class=\"paragraph text_align_left\">Les policiers ont enfin mis la main sur deux armes de poing, une arme longue, des cartouches plus de 16 000 euros en esp\u00e8ces. Les deux trafiquants ont \u00e9t\u00e9 plac\u00e9s en d\u00e9tention provisoire en vue de leur jugement en comparution imm\u00e9diate. Ils ne sont pas seuls \u00e0 \u00eatre inqui\u00e9t\u00e9s par la Justice. La compagne de l\u2019un d\u2019eux fait l\u2019objet de poursuites p\u00e9nales pour non-justification de ressources, apr\u00e8s avoir manifestement bien profit\u00e9 des activit\u00e9s lucratives de son conjoint. Comme en t\u00e9moignent l\u2019\u00e9lectrom\u00e9nager dernier cri ou encore la hi-fi haut de gamme dont disposait le couple qui ne travaille pas\u2026 Un d\u00e9lit passible de trois ans d\u2019emprisonnement et de 75 000 euros d\u2019amende.<\/p>\n","protected":false},"excerpt":{"rendered":"Ils en avaient pour tous les go\u00fbts et pour toutes les modes, du LSD des ann\u00e9es 1970 \u00e0&hellip;\n","protected":false},"author":2,"featured_media":26482,"comment_status":"","ping_status":"","sticky":false,"template":"","format":"standard","meta":{"footnotes":""},"categories":[1592],"tags":[1111,11,1777,674,118,1011,27,662,1944,12,626,25,6601],"class_list":{"0":"post-26481","1":"post","2":"type-post","3":"status-publish","4":"format-standard","5":"has-post-thumbnail","7":"category-ile-de-france","8":"tag-actu","9":"tag-actualites","10":"tag-eu","11":"tag-europe","12":"tag-faits-divers","13":"tag-fr","14":"tag-france","15":"tag-ile-de-france","16":"tag-ma-ville","17":"tag-news","18":"tag-paris","19":"tag-republique-francaise","20":"tag-val-d-oise"},"share_on_mastodon":{"url":"https:\/\/pubeurope.com\/@fr\/114341932142943325","error":""},"_links":{"self":[{"href":"https:\/\/www.europesays.com\/fr\/wp-json\/wp\/v2\/posts\/26481","targetHints":{"allow":["GET"]}}],"collection":[{"href":"https:\/\/www.europesays.com\/fr\/wp-json\/wp\/v2\/posts"}],"about":[{"href":"https:\/\/www.europesays.com\/fr\/wp-json\/wp\/v2\/types\/post"}],"author":[{"embeddable":true,"href":"https:\/\/www.europesays.com\/fr\/wp-json\/wp\/v2\/users\/2"}],"replies":[{"embeddable":true,"href":"https:\/\/www.europesays.com\/fr\/wp-json\/wp\/v2\/comments?post=26481"}],"version-history":[{"count":0,"href":"https:\/\/www.europesays.com\/fr\/wp-json\/wp\/v2\/posts\/26481\/revisions"}],"wp:featuredmedia":[{"embeddable":true,"href":"https:\/\/www.europesays.com\/fr\/wp-json\/wp\/v2\/media\/26482"}],"wp:attachment":[{"href":"https:\/\/www.europesays.com\/fr\/wp-json\/wp\/v2\/media?parent=26481"}],"wp:term":[{"taxonomy":"category","embeddable":true,"href":"https:\/\/www.europesays.com\/fr\/wp-json\/wp\/v2\/categories?post=26481"},{"taxonomy":"post_tag","embeddable":true,"href":"https:\/\/www.europesays.com\/fr\/wp-json\/wp\/v2\/tags?post=26481"}],"curies":[{"name":"wp","href":"https:\/\/api.w.org\/{rel}","templated":true}]}}