{"id":264826,"date":"2025-07-22T04:40:12","date_gmt":"2025-07-22T04:40:12","guid":{"rendered":"https:\/\/www.europesays.com\/fr\/264826\/"},"modified":"2025-07-22T04:40:12","modified_gmt":"2025-07-22T04:40:12","slug":"saint-etienne-travaux-restos-tarifs-tout-ce-quil-faut-savoir-sur-les-futures-halles-de-la-commune","status":"publish","type":"post","link":"https:\/\/www.europesays.com\/fr\/264826\/","title":{"rendered":"Saint-\u00c9tienne. Travaux, restos, tarifs\u2026 Tout ce qu\u2019il faut savoir sur les futures Halles de La Commune"},"content":{"rendered":"<blockquote class=\"question\"><p>Le concept de La Commune est bien connu \u00e0 Lyon, moins \u00e0 Saint-\u00c9tienne. Pouvez-vous nous le d\u00e9crire en quelques mots\u00a0?<\/p><\/blockquote>\n<p>\u00ab\u00a0La Commune, c\u2019est d\u2019abord un incubateur culinaire. On accompagne des porteurs de projets qui r\u00eavent d\u2019ouvrir leur tout premier restaurant. On les accueille 6 mois \u00e0 1 an, c\u2019est la p\u00e9riode \u00e0 Lyon, mais ce sera certainement un peu plus \u00e0 Saint-\u00c9tienne. Les chefs testent leur concept, leurs recettes. Ils se cr\u00e9ent une tr\u00e9sorerie, essayent d\u2019apprendre un maximum pour pouvoir ensuite ouvrir leur propre restaurant.\u00a0La Commune c\u2019est aussi une programmation culturelle riche et une partie privatisation pour les entreprises et particuliers.\u00a0\u00bb<\/p>\n<blockquote class=\"question\"><p>Pourquoi avez-vous choisi Saint-\u00c9tienne pour votre premi\u00e8re implantation hors de Lyon\u00a0?<\/p><\/blockquote>\n<p>\u00ab\u00a0Saint-\u00c9tienne, ce n\u2019est pas loin de Lyon donc pour une premi\u00e8re duplication, c\u2019est un avantage. Et, surtout, on pense qu\u2019on peut partager beaucoup de choses avec les St\u00e9phanois. \u00c0 Saint-\u00c9tienne, on a retrouv\u00e9 de la convivialit\u00e9, du partage, de la&#8230;<\/p>\n","protected":false},"excerpt":{"rendered":"Le concept de La Commune est bien connu \u00e0 Lyon, moins \u00e0 Saint-\u00c9tienne. Pouvez-vous nous le d\u00e9crire en&hellip;\n","protected":false},"author":2,"featured_media":264827,"comment_status":"","ping_status":"","sticky":false,"template":"","format":"standard","meta":{"footnotes":""},"categories":[9653],"tags":[1111,11,2430,4406,33,7539,1777,674,107,1011,27,3367,12,25,4001,7538,4604],"class_list":{"0":"post-264826","1":"post","2":"type-post","3":"status-publish","4":"format-standard","5":"has-post-thumbnail","7":"category-saint-etienne","8":"tag-actu","9":"tag-actualites","10":"tag-auvergne-rhone-alpes","11":"tag-commerce-et-services","12":"tag-economie","13":"tag-edition-loire-sud","14":"tag-eu","15":"tag-europe","16":"tag-fil-info","17":"tag-fr","18":"tag-france","19":"tag-loire","20":"tag-news","21":"tag-republique-francaise","22":"tag-saint-etienne","23":"tag-saint-etienne-ville","24":"tag-selection-abonne"},"share_on_mastodon":{"url":"https:\/\/pubeurope.com\/@fr\/114895049382038685","error":""},"_links":{"self":[{"href":"https:\/\/www.europesays.com\/fr\/wp-json\/wp\/v2\/posts\/264826","targetHints":{"allow":["GET"]}}],"collection":[{"href":"https:\/\/www.europesays.com\/fr\/wp-json\/wp\/v2\/posts"}],"about":[{"href":"https:\/\/www.europesays.com\/fr\/wp-json\/wp\/v2\/types\/post"}],"author":[{"embeddable":true,"href":"https:\/\/www.europesays.com\/fr\/wp-json\/wp\/v2\/users\/2"}],"replies":[{"embeddable":true,"href":"https:\/\/www.europesays.com\/fr\/wp-json\/wp\/v2\/comments?post=264826"}],"version-history":[{"count":0,"href":"https:\/\/www.europesays.com\/fr\/wp-json\/wp\/v2\/posts\/264826\/revisions"}],"wp:featuredmedia":[{"embeddable":true,"href":"https:\/\/www.europesays.com\/fr\/wp-json\/wp\/v2\/media\/264827"}],"wp:attachment":[{"href":"https:\/\/www.europesays.com\/fr\/wp-json\/wp\/v2\/media?parent=264826"}],"wp:term":[{"taxonomy":"category","embeddable":true,"href":"https:\/\/www.europesays.com\/fr\/wp-json\/wp\/v2\/categories?post=264826"},{"taxonomy":"post_tag","embeddable":true,"href":"https:\/\/www.europesays.com\/fr\/wp-json\/wp\/v2\/tags?post=264826"}],"curies":[{"name":"wp","href":"https:\/\/api.w.org\/{rel}","templated":true}]}}