{"id":26483,"date":"2025-04-15T12:16:11","date_gmt":"2025-04-15T12:16:11","guid":{"rendered":"https:\/\/www.europesays.com\/fr\/26483\/"},"modified":"2025-04-15T12:16:11","modified_gmt":"2025-04-15T12:16:11","slug":"personne-pour-leur-ouvrir-a-poissy-appeles-de-nuit-en-urgence-dans-un-ehpad-les-pompiers-trouvent-porte-close","status":"publish","type":"post","link":"https:\/\/www.europesays.com\/fr\/26483\/","title":{"rendered":"Personne pour leur ouvrir\u00a0: \u00e0 Poissy, appel\u00e9s de nuit en urgence dans un Ehpad, les pompiers trouvent porte close"},"content":{"rendered":"<p class=\"paragraph text_align_left\">Ils ont sonn\u00e9 \u00e0 maintes reprises, tambourin\u00e9 \u00e0 la porte. En vain. Personne pour leur r\u00e9pondre ni leur ouvrir. Dans la nuit du 9 au 10 avril, vers 1h30, les pompiers ont d\u00fb se r\u00e9soudre \u00e0 briser une fen\u00eatre du rez-de-chauss\u00e9e de l\u2019\u00e9tablissement d\u2019h\u00e9bergement pour personnes \u00e2g\u00e9es d\u00e9pendantes (<a href=\"https:\/\/www.leparisien.fr\/yvelines-78\/ou-passer-sa-retraite-dans-les-yvelines-notre-classement-exclusif-des-villes-pour-bien-vieillir-03-11-2022-HW3OF25G3VFC7F7KDJ77NEZP7Q.php\" rel=\"nofollow noopener\" target=\"_blank\">Ehpad<\/a>) des Migneaux <a href=\"https:\/\/www.leparisien.fr\/societe\/scandale-dans-les-ehpad-korian-le-geant-du-secteur-a-son-tour-mis-en-cause-par-des-familles-06-02-2022-CVJTSNSHDFGJRGCBA4Q5HZYTZA.php\" target=\"_self\" rel=\"nofollow noopener\">Korian<\/a> \u00e0 Poissy (Yvelines) pour venir en aide \u00e0 une personne \u00e2g\u00e9e qui avait chut\u00e9 de son lit, perdant ainsi de pr\u00e9cieuses minutes.<\/p>\n<p class=\"paragraph text_align_left\">Ils avaient \u00e9t\u00e9 pr\u00e9venus un peu plus t\u00f4t par l\u2019appel du fils d\u2019une autre r\u00e9sidente, ne trouvant personne pour venir secourir l\u2019octog\u00e9naire. Dans l\u2019\u00e9tablissement, aucun collaborateur ne se manifeste. Les pompiers en informent les policiers municipaux qui se rendent sur place. Les secours d\u00e9couvrent la vieille dame au pied de son lit. Elle sera transf\u00e9r\u00e9e \u00e0 l\u2019h\u00f4pital intercommunal de Poissy Saint-Germain.<\/p>\n","protected":false},"excerpt":{"rendered":"Ils ont sonn\u00e9 \u00e0 maintes reprises, tambourin\u00e9 \u00e0 la porte. En vain. Personne pour leur r\u00e9pondre ni leur&hellip;\n","protected":false},"author":2,"featured_media":26484,"comment_status":"","ping_status":"","sticky":false,"template":"","format":"standard","meta":{"footnotes":""},"categories":[1888],"tags":[1111,1928,11,1927,1777,674,118,1011,27,1944,12,1926,626,1925,25,1938],"class_list":{"0":"post-26483","1":"post","2":"type-post","3":"status-publish","4":"format-standard","5":"has-post-thumbnail","7":"category-paris","8":"tag-actu","9":"tag-actu-paris","10":"tag-actualites","11":"tag-actualites-paris","12":"tag-eu","13":"tag-europe","14":"tag-faits-divers","15":"tag-fr","16":"tag-france","17":"tag-ma-ville","18":"tag-news","19":"tag-news-paris","20":"tag-paris","21":"tag-paris-news","22":"tag-republique-francaise","23":"tag-yvelines"},"share_on_mastodon":{"url":"https:\/\/pubeurope.com\/@fr\/114341936204396604","error":""},"_links":{"self":[{"href":"https:\/\/www.europesays.com\/fr\/wp-json\/wp\/v2\/posts\/26483","targetHints":{"allow":["GET"]}}],"collection":[{"href":"https:\/\/www.europesays.com\/fr\/wp-json\/wp\/v2\/posts"}],"about":[{"href":"https:\/\/www.europesays.com\/fr\/wp-json\/wp\/v2\/types\/post"}],"author":[{"embeddable":true,"href":"https:\/\/www.europesays.com\/fr\/wp-json\/wp\/v2\/users\/2"}],"replies":[{"embeddable":true,"href":"https:\/\/www.europesays.com\/fr\/wp-json\/wp\/v2\/comments?post=26483"}],"version-history":[{"count":0,"href":"https:\/\/www.europesays.com\/fr\/wp-json\/wp\/v2\/posts\/26483\/revisions"}],"wp:featuredmedia":[{"embeddable":true,"href":"https:\/\/www.europesays.com\/fr\/wp-json\/wp\/v2\/media\/26484"}],"wp:attachment":[{"href":"https:\/\/www.europesays.com\/fr\/wp-json\/wp\/v2\/media?parent=26483"}],"wp:term":[{"taxonomy":"category","embeddable":true,"href":"https:\/\/www.europesays.com\/fr\/wp-json\/wp\/v2\/categories?post=26483"},{"taxonomy":"post_tag","embeddable":true,"href":"https:\/\/www.europesays.com\/fr\/wp-json\/wp\/v2\/tags?post=26483"}],"curies":[{"name":"wp","href":"https:\/\/api.w.org\/{rel}","templated":true}]}}