{"id":264838,"date":"2025-07-22T04:51:15","date_gmt":"2025-07-22T04:51:15","guid":{"rendered":"https:\/\/www.europesays.com\/fr\/264838\/"},"modified":"2025-07-22T04:51:15","modified_gmt":"2025-07-22T04:51:15","slug":"nominations-catherine-lafarge-patrick-vallet-pauline-martos-les-mouvements-du-jour","status":"publish","type":"post","link":"https:\/\/www.europesays.com\/fr\/264838\/","title":{"rendered":"Nominations. Catherine Lafarge, Patrick Vallet, Pauline Martos&#8230; : les mouvements du jour"},"content":{"rendered":"<p>  &#13;<br \/>\n      <a href=\"https:\/\/cdn-s-www.ledauphine.com\/images\/891dcdf8-bbb2-496b-9550-151fe1051681\/NW_raw\/avec-nomination-premier-service-d-informations-sur-les-decideurs-en-france-de-veille-strategique-et-de-mise-en-relation-business-to-business-1747303097.jpg\" title=\"Avec Nomination, premier service d&#039;informations sur les d\u00e9cideurs en France, de veille strat\u00e9gique et de mise en relation Business-to-Business.\" class=\"chocolat-image GA-tracking\" data-ga_type=\"click\" data-ga_category=\"D\u00e9tail\" data-ga_action=\"zoomer\" data-ga_label=\"agrandir image\" target=\"_blank\" rel=\"noopener\">&#13;<br \/>\n          <img loading=\"lazy\" decoding=\"async\" src=\"https:\/\/www.europesays.com\/fr\/wp-content\/uploads\/2025\/06\/avec-nomination-premier-service-d-informations-sur-les-decideurs-en-france-de-veille-strategique-et-.jpeg\" data-mobile=\"NW_listC_M|1747303097\" data-base=\"NW_listC|1747303097\" alt=\"Avec Nomination, premier service d'informations sur les d\u00e9cideurs en France, de veille strat\u00e9gique et de mise en relation Business-to-Business.\"\/>&#13;<br \/>\n      <\/a>&#13;<\/p>\n<p>Avec Nomination, premier service d&rsquo;informations sur les d\u00e9cideurs en France, de veille strat\u00e9gique et de mise en relation Business-to-Business.<\/p>\n<p>&#13;<\/p>\n<p>  Is\u00e8re\u00a0: Catherine Lafarge\u00a0pr\u00e9sidente par int\u00e9rim de\u00a0Linksium<\/p>\n<p>Le conseil d&rsquo;administration de Linksium a nomm\u00e9 Catherine Lafarge en qualit\u00e9 de pr\u00e9sidente par int\u00e9rim. Une\u00a0nomination qui intervient dans un contexte de transition, avec la volont\u00e9 de poursuivre l\u2019ensemble des missions strat\u00e9giques de Linksium.<\/p>\n<p>\u00ab L\u2019\u00e9cosyst\u00e8me peut s\u2019appuyer sur l\u2019\u00e9quipe Linksium, exp\u00e9riment\u00e9e et engag\u00e9e, pleinement mobilis\u00e9e au service des porteurs de projets. Nous les accompagnons \u00e0 chaque \u00e9tape de leur parcours \u00bb, souligne Catherine Lafarge.<\/p>\n<p>Dans cette nouvelle \u00e9tape, Linksium r\u00e9affirme son engagement dans sa mission premi\u00e8re : faciliter le transfert de technologies issues des laboratoires du site Grenoble Alpes, constitutifs du P\u00f4le Universitaire d\u2019Innovation (PUI) Grenoble Alpes et de l\u2019Universit\u00e9 Savoie Mont Blanc (USMB).<\/p>\n<p>\u00ab\u00a0La raison d\u2019\u00eatre de Linksium reste inchang\u00e9e : soutenir la transformation des r\u00e9sultats de la recherche publique en innovations durables, cr\u00e9atrices de valeur \u00e9conomique et soci\u00e9tale\u00a0\u00bb, pr\u00e9cise la soci\u00e9t\u00e9 dans son communiqu\u00e9. \u00ab\u00a0Avec 91 startups d\u00e9j\u00e0 cr\u00e9\u00e9es, Linksium confirme son ambition de contribuer durablement au dynamisme et \u00e0 la comp\u00e9titivit\u00e9 du territoire.\u00a0\u00bb<\/p>\n","protected":false},"excerpt":{"rendered":"&#13; &#13; &#13; &#13; Avec Nomination, premier service d&rsquo;informations sur les d\u00e9cideurs en France, de veille strat\u00e9gique et&hellip;\n","protected":false},"author":2,"featured_media":185082,"comment_status":"","ping_status":"","sticky":false,"template":"","format":"standard","meta":{"footnotes":""},"categories":[9566],"tags":[1111,11,2430,9810,33,1777,674,1011,27,2731,12,9350,25,216],"class_list":{"0":"post-264838","1":"post","2":"type-post","3":"status-publish","4":"format-standard","5":"has-post-thumbnail","7":"category-grenoble","8":"tag-actu","9":"tag-actualites","10":"tag-auvergne-rhone-alpes","11":"tag-direct-entreprises","12":"tag-economie","13":"tag-eu","14":"tag-europe","15":"tag-fr","16":"tag-france","17":"tag-grenoble","18":"tag-news","19":"tag-nominations","20":"tag-republique-francaise","21":"tag-vie-des-entreprises"},"share_on_mastodon":{"url":"https:\/\/pubeurope.com\/@fr\/114895092725874862","error":""},"_links":{"self":[{"href":"https:\/\/www.europesays.com\/fr\/wp-json\/wp\/v2\/posts\/264838","targetHints":{"allow":["GET"]}}],"collection":[{"href":"https:\/\/www.europesays.com\/fr\/wp-json\/wp\/v2\/posts"}],"about":[{"href":"https:\/\/www.europesays.com\/fr\/wp-json\/wp\/v2\/types\/post"}],"author":[{"embeddable":true,"href":"https:\/\/www.europesays.com\/fr\/wp-json\/wp\/v2\/users\/2"}],"replies":[{"embeddable":true,"href":"https:\/\/www.europesays.com\/fr\/wp-json\/wp\/v2\/comments?post=264838"}],"version-history":[{"count":0,"href":"https:\/\/www.europesays.com\/fr\/wp-json\/wp\/v2\/posts\/264838\/revisions"}],"wp:featuredmedia":[{"embeddable":true,"href":"https:\/\/www.europesays.com\/fr\/wp-json\/wp\/v2\/media\/185082"}],"wp:attachment":[{"href":"https:\/\/www.europesays.com\/fr\/wp-json\/wp\/v2\/media?parent=264838"}],"wp:term":[{"taxonomy":"category","embeddable":true,"href":"https:\/\/www.europesays.com\/fr\/wp-json\/wp\/v2\/categories?post=264838"},{"taxonomy":"post_tag","embeddable":true,"href":"https:\/\/www.europesays.com\/fr\/wp-json\/wp\/v2\/tags?post=264838"}],"curies":[{"name":"wp","href":"https:\/\/api.w.org\/{rel}","templated":true}]}}