{"id":264839,"date":"2025-07-22T04:52:11","date_gmt":"2025-07-22T04:52:11","guid":{"rendered":"https:\/\/www.europesays.com\/fr\/264839\/"},"modified":"2025-07-22T04:52:11","modified_gmt":"2025-07-22T04:52:11","slug":"plusieurs-perturbations-a-prevoir-pour-le-passage-de-la-18e-etape-du-tour-de-france","status":"publish","type":"post","link":"https:\/\/www.europesays.com\/fr\/264839\/","title":{"rendered":"plusieurs perturbations \u00e0 pr\u00e9voir pour le passage de la 18e \u00e9tape du Tour de France"},"content":{"rendered":"<p>\t\t\t\t\t\t\t\t\t\t\t<img loading=\"lazy\" decoding=\"async\" width=\"1110\" title=\"Pr\u00e8s de Grenoble : plusieurs perturbations \u00e0 pr\u00e9voir pour le passage de la 18e \u00e9tape du Tour de France\" class=\"img-fluid  mb-3\" src=\"https:\/\/grandgrenoble.alpes1.com\/media\/news\/thumb\/1110x624_pres-de-grenoble-plusieurs-perturbations-a-prevoir-pour-le-passage-de-la-18e-etape-du-tour-de-france_687e077a636b3.webp\" alt=\"Pr\u00e8s de Grenoble : plusieurs perturbations \u00e0 pr\u00e9voir pour le passage de la 18e \u00e9tape du Tour de France\" itemprop=\"image\" height=\"624\"\/>\t\t\t\t\t\t\t\t\t\t\t\t<\/p>\n<p>Pr\u00e8s de Grenoble : plusieurs perturbations \u00e0 pr\u00e9voir pour le passage de la 18e \u00e9tape du Tour de France &#8211; DR<\/p>\n<p itemprop=\"description\"><strong>La commune de Vif (Is\u00e8re) s\u2019appr\u00eate \u00e0 accueillir le Tour de France 2025.<\/strong><\/p>\n<p>Ce jeudi 24 juillet, le peloton du Tour de France va faire escale en Is\u00e8re, et plus pr\u00e9cis\u00e9ment \u00e0 Vif, o\u00f9 sera donn\u00e9 le d\u00e9part de la 18e \u00e9tape depuis la gare. La Grande Boucle passera une cinquantaine de kilom\u00e8tres dans le d\u00e9partement avant d\u2019entrer en Savoie pour rallier Courchevel et le terrible col de la Loze. Le d\u00e9part fictif sera donn\u00e9 \u00e0 12h10. Deux heures plus t\u00f4t, les spectateurs pourront profiter de la c\u00e9l\u00e8bre caravane du Tour.<\/p>\n<p>L\u2019arriv\u00e9e des coureurs va donc causer plusieurs perturbations sur la circulation routi\u00e8re. L\u2019avenue de la Gare, de Rivalta di Torino, du 8-Mai-1945 ainsi que le boulevard de la R\u00e9sistance seront ferm\u00e9s aux automobilistes d\u00e8s ce mercredi \u00e0 22h et jusqu\u2019au jeudi, \u00e0 18h. Il en sera de m\u00eame pour plusieurs axes de la commune, de 6h \u00e0 13h. Il sera cependant possible d\u2019y acc\u00e9der \u00e0 pied ou en v\u00e9lo jusqu\u2019\u00e0 9h, heure d\u2019ouverture du village d\u00e9part.<\/p>\n<p>Les routes d\u00e9partementales D1075 entre Varces et Vif, D63 et D529 \u00e0 Saint-Georges-de-Commiers, seront ferm\u00e9es \u00e0 la circulation durant la matin\u00e9e. En ce qui concerne la D1091, celle-ci sera ferm\u00e9e de 9h15 \u00e0 13h30 en direction de l\u2019Oisans et de 8h30 \u00e0 13h30 vers Grenoble.<\/p>\n<p>Soyez ainsi pr\u00e9voyants dans vos d\u00e9placements \u00e0 compter de mercredi soir.<\/p>\n<blockquote class=\"twitter-tweet\"><p>&#13;<\/p>\n<p dir=\"ltr\" lang=\"fr\"><a href=\"https:\/\/twitter.com\/hashtag\/TDF2025?src=hash&amp;ref_src=twsrc%5Etfw\" target=\"_blank\" rel=\"noopener\">#TDF2025<\/a> | \ud83d\udeb4\u200d\u2640\ufe0f En raison du passage du Tour de France, certaines routes en <a href=\"https:\/\/twitter.com\/hashtag\/Is%C3%A8re?src=hash&amp;ref_src=twsrc%5Etfw\" target=\"_blank\" rel=\"noopener\">#Is\u00e8re<\/a> seront ferm\u00e9es \u00e0 la circulation. Les stationnements seront \u00e9galement impact\u00e9s.<\/p>\n<p>\ud83d\udc49 Restrictions de circulation sur les routes d\u00e9partementales : <a href=\"https:\/\/t.co\/5lk8HwoEtw\">https:\/\/t.co\/5lk8HwoEtw<\/a><\/p>\n<p>\ud83d\udc49 Se rendre au village d\u00e9part\u2026 <a href=\"https:\/\/t.co\/CgznAxK4Bt\">pic.twitter.com\/CgznAxK4Bt<\/a><\/p>\n<p>&#13;<br \/>\n\u2014 Pr\u00e9f\u00e8te de l&rsquo;Is\u00e8re \ud83c\udde8\ud83c\uddf5\ud83c\uddea\ud83c\uddfa (@Prefet38) <a href=\"https:\/\/twitter.com\/Prefet38\/status\/1947310598389375424?ref_src=twsrc%5Etfw\" target=\"_blank\" rel=\"noopener\">July 21, 2025<\/a><\/p><\/blockquote>\n<p>\t\t\t\t\t\t\t\t\t\t\t\t\t\t\t\t\t\t\t<script async src=\"https:\/\/platform.twitter.com\/widgets.js\" charset=\"utf-8\"><\/script><\/p>\n","protected":false},"excerpt":{"rendered":"Pr\u00e8s de Grenoble : plusieurs perturbations \u00e0 pr\u00e9voir pour le passage de la 18e \u00e9tape du Tour de&hellip;\n","protected":false},"author":2,"featured_media":264840,"comment_status":"","ping_status":"","sticky":false,"template":"","format":"standard","meta":{"footnotes":""},"categories":[9566],"tags":[1111,11,7733,8279,2430,7736,650,7734,2889,2263,1777,674,1011,27,2731,8280,6417,1114,108,4662,12,3725,1825,25,7737],"class_list":{"0":"post-264839","1":"post","2":"type-post","3":"status-publish","4":"format-standard","5":"has-post-thumbnail","7":"category-grenoble","8":"tag-actu","9":"tag-actualites","10":"tag-alpes","11":"tag-alpes1","12":"tag-auvergne-rhone-alpes","13":"tag-cds","14":"tag-cinema","15":"tag-ecoute","16":"tag-emission","17":"tag-equipe","18":"tag-eu","19":"tag-europe","20":"tag-fr","21":"tag-france","22":"tag-grenoble","23":"tag-haute","24":"tag-information","25":"tag-infos","26":"tag-isere","27":"tag-journal","28":"tag-news","29":"tag-podcast","30":"tag-radio","31":"tag-republique-francaise","32":"tag-winamp"},"share_on_mastodon":{"url":"https:\/\/pubeurope.com\/@fr\/114895096613649452","error":""},"_links":{"self":[{"href":"https:\/\/www.europesays.com\/fr\/wp-json\/wp\/v2\/posts\/264839","targetHints":{"allow":["GET"]}}],"collection":[{"href":"https:\/\/www.europesays.com\/fr\/wp-json\/wp\/v2\/posts"}],"about":[{"href":"https:\/\/www.europesays.com\/fr\/wp-json\/wp\/v2\/types\/post"}],"author":[{"embeddable":true,"href":"https:\/\/www.europesays.com\/fr\/wp-json\/wp\/v2\/users\/2"}],"replies":[{"embeddable":true,"href":"https:\/\/www.europesays.com\/fr\/wp-json\/wp\/v2\/comments?post=264839"}],"version-history":[{"count":0,"href":"https:\/\/www.europesays.com\/fr\/wp-json\/wp\/v2\/posts\/264839\/revisions"}],"wp:featuredmedia":[{"embeddable":true,"href":"https:\/\/www.europesays.com\/fr\/wp-json\/wp\/v2\/media\/264840"}],"wp:attachment":[{"href":"https:\/\/www.europesays.com\/fr\/wp-json\/wp\/v2\/media?parent=264839"}],"wp:term":[{"taxonomy":"category","embeddable":true,"href":"https:\/\/www.europesays.com\/fr\/wp-json\/wp\/v2\/categories?post=264839"},{"taxonomy":"post_tag","embeddable":true,"href":"https:\/\/www.europesays.com\/fr\/wp-json\/wp\/v2\/tags?post=264839"}],"curies":[{"name":"wp","href":"https:\/\/api.w.org\/{rel}","templated":true}]}}