{"id":264845,"date":"2025-07-22T04:58:14","date_gmt":"2025-07-22T04:58:14","guid":{"rendered":"https:\/\/www.europesays.com\/fr\/264845\/"},"modified":"2025-07-22T04:58:14","modified_gmt":"2025-07-22T04:58:14","slug":"pres-de-nice-un-immense-lidl-va-ouvrir-dans-cette-commune-ce-que-lon-sait","status":"publish","type":"post","link":"https:\/\/www.europesays.com\/fr\/264845\/","title":{"rendered":"Pr\u00e8s de Nice. Un immense Lidl va ouvrir dans cette commune, ce que l&rsquo;on sait"},"content":{"rendered":"<p>            Par<br \/>\n        <strong><br \/>\n            <a href=\"https:\/\/actu.fr\/auteur\/ugo-maillard\" title=\"Consulter tous les articles de Ugo Maillard\" target=\"_blank\" rel=\"noopener\">Ugo Maillard<\/a><br \/>\n        <\/strong><\/p>\n<p>        Publi\u00e9 le<\/p>\n<p>            21 juil. 2025 \u00e0 15h08        <\/p>\n<p>\u00ab\u2009L\u2019un des plus vastes supermarch\u00e9s\u2009\u00bb de Lidl. En ce mois de juillet\u00a02025, les \u00e9quipes de l\u2019entreprise de distribution allemande ont organis\u00e9 une visite du futur supermarch\u00e9 <a href=\"https:\/\/actu.fr\/tag\/lidl\" target=\"_blank\" rel=\"noopener\">Lidl<\/a> qui doit voir le jour <strong>dans les prochains mois<\/strong> sur la commune d\u2019<a href=\"https:\/\/actu.fr\/provence-alpes-cote-d-azur\/antibes_06004\" target=\"_blank\" rel=\"noopener\">Antibes<\/a>, dans les <a href=\"https:\/\/actu.fr\/provence-alpes-cote-d-azur\/alpes-maritimes_06\" target=\"_blank\" rel=\"noopener\">Alpes-Maritimes<\/a>. Ce nouveau point de vente s\u2019installe sur une zone en friche depuis 2020 qui s\u2019inscrit dans une refonte globale d\u2019un p\u00f4le commercial initi\u00e9e par la mairie de la commune maralpine.<\/p>\n<p class=\" wall-content\">Surface, nombre d\u2019employ\u00e9s, d\u00e9veloppement durable\u2009: voici tout ce que l\u2019on sait du\u00a0nouveau <strong>supermarch\u00e9 Lidl<\/strong>.<\/p>\n<p>Ouverture pr\u00e9vue d\u00e9but 2026<\/p>\n<p class=\" wall-content\">Le nouveau point de vente Lidl est situ\u00e9 dans le quartier des Combes au nord d\u2019Antibes, quartier dans lequel est men\u00e9e une op\u00e9ration d\u2019am\u00e9nagement du p\u00f4le commercial et du renouvellement urbain.<\/p>\n<p>    <a href=\"https:\/\/www.google.com\/maps\/embed?pb=!1m18!1m12!1m3!1d46230.72484450376!2d7.053154869130333!3d43.59778965601357!2m3!1f0!2f0!3f0!3m2!1i1024!2i768!4f13.1!3m3!1m2!1s0x12cdd532ef5f20b7%3A0x929010eb8a7c84ec!2sChem.%20des%20Combes%2C%2006600%20Antibes!5e0!3m2!1sfr!2sfr!4v1753098101213!5m2!1sfr!2sfr\" title=\"Ouvrie le lien\" target=\"_blank\" rel=\"noopener\">Cliquez ici pour visualiser le contenu<\/a><\/p>\n<p class=\" wall-content\">Ce supermarch\u00e9 avec une surface de vente de 1940 m\u00b2 devrait ouvrir au <strong>premier semestre 2026<\/strong>, selon les informations de Lidl transmises \u00e0 <a href=\"https:\/\/actu.fr\/nice\/\" target=\"_blank\" rel=\"noopener\">actu Nice<\/a>.<\/p>\n<p class=\" wall-content\">Une \u00e9quipe de 80 collaborateurs dont 49 issus de nouveaux recrutements seront employ\u00e9s dans le point de vente.<\/p>\n<p>Un supermarch\u00e9 durable<\/p>\n<p class=\" wall-content\">Les \u00e9quipes de Lidl ont souhait\u00e9 mettre en avant le c\u00f4t\u00e9 \u00ab\u2009durable\u2009\u00bb de cet \u00e9difice.<\/p>\n<blockquote class=\"ac-article-quote wall-content\">\n<p>Lidl a ainsi structur\u00e9 l\u2019am\u00e9nagement en favorisant le v\u00e9g\u00e9tal et la d\u00e9simperm\u00e9abilisation des sols \u00e0 travers la plantation de 80 arbres et la conservation des trois oliviers. Une fois achev\u00e9, le site comprendra 2987 m\u00b2 d\u2019espace vert. <\/p>\n<p>    <strong>Lidl<\/strong>\n            <\/p><\/blockquote>\n<p class=\" wall-content\">\u00ab\u2009Le supermarch\u00e9 sera ainsi dot\u00e9 de 1800 m\u00b2 de panneaux photovolta\u00efques et d\u2019un \u00e9clairage intelligent Full LED pour r\u00e9aliser des \u00e9conomies d\u2019\u00e9nergie. De plus,\u2009pour encourager le recours aux mobilit\u00e9s douces, quatorze places seront destin\u00e9es aux v\u00e9hicules \u00e9lectriques\u00a0\u00bb, compl\u00e8te la marque allemande. \u00c0 noter que ces places destin\u00e9es aux v\u00e9hicules \u00e9lectriques r\u00e9pondent \u00e0 une exigence l\u00e9gale en France.<\/p>\n<p class=\" wall-content\">Suivez toute l\u2019actualit\u00e9 de vos villes et m\u00e9dias favoris en vous inscrivant \u00e0 <a href=\"https:\/\/moncompte.actu.fr\" title=\"D\u00e9couvez Mon Actu\" rel=\"nofollow noopener\" data-trk=\"{&quot;cta&quot;:{&quot;action&quot;:&quot;https:\\\/\\\/moncompte.actu.fr&quot;,&quot;category&quot;:&quot;mon compte&quot;,&quot;from&quot;:&quot;article footer&quot;,&quot;name&quot;:&quot;Mon actu&quot;,&quot;type&quot;:&quot;cta&quot;}}\" target=\"_blank\">Mon Actu<\/a>.<\/p>\n","protected":false},"excerpt":{"rendered":"Par Ugo Maillard Publi\u00e9 le 21 juil. 2025 \u00e0 15h08 \u00ab\u2009L\u2019un des plus vastes supermarch\u00e9s\u2009\u00bb de Lidl. En&hellip;\n","protected":false},"author":2,"featured_media":264846,"comment_status":"","ping_status":"","sticky":false,"template":"","format":"standard","meta":{"footnotes":""},"categories":[2819],"tags":[1111,11,215,33,1777,674,1011,27,18542,12,2401,882,25],"class_list":{"0":"post-264845","1":"post","2":"type-post","3":"status-publish","4":"format-standard","5":"has-post-thumbnail","7":"category-nice","8":"tag-actu","9":"tag-actualites","10":"tag-commerce","11":"tag-economie","12":"tag-eu","13":"tag-europe","14":"tag-fr","15":"tag-france","16":"tag-lidl","17":"tag-news","18":"tag-nice","19":"tag-provence-alpes-cote-dazur","20":"tag-republique-francaise"},"share_on_mastodon":{"url":"https:\/\/pubeurope.com\/@fr\/114895120207634604","error":""},"_links":{"self":[{"href":"https:\/\/www.europesays.com\/fr\/wp-json\/wp\/v2\/posts\/264845","targetHints":{"allow":["GET"]}}],"collection":[{"href":"https:\/\/www.europesays.com\/fr\/wp-json\/wp\/v2\/posts"}],"about":[{"href":"https:\/\/www.europesays.com\/fr\/wp-json\/wp\/v2\/types\/post"}],"author":[{"embeddable":true,"href":"https:\/\/www.europesays.com\/fr\/wp-json\/wp\/v2\/users\/2"}],"replies":[{"embeddable":true,"href":"https:\/\/www.europesays.com\/fr\/wp-json\/wp\/v2\/comments?post=264845"}],"version-history":[{"count":0,"href":"https:\/\/www.europesays.com\/fr\/wp-json\/wp\/v2\/posts\/264845\/revisions"}],"wp:featuredmedia":[{"embeddable":true,"href":"https:\/\/www.europesays.com\/fr\/wp-json\/wp\/v2\/media\/264846"}],"wp:attachment":[{"href":"https:\/\/www.europesays.com\/fr\/wp-json\/wp\/v2\/media?parent=264845"}],"wp:term":[{"taxonomy":"category","embeddable":true,"href":"https:\/\/www.europesays.com\/fr\/wp-json\/wp\/v2\/categories?post=264845"},{"taxonomy":"post_tag","embeddable":true,"href":"https:\/\/www.europesays.com\/fr\/wp-json\/wp\/v2\/tags?post=264845"}],"curies":[{"name":"wp","href":"https:\/\/api.w.org\/{rel}","templated":true}]}}