{"id":264849,"date":"2025-07-22T05:02:11","date_gmt":"2025-07-22T05:02:11","guid":{"rendered":"https:\/\/www.europesays.com\/fr\/264849\/"},"modified":"2025-07-22T05:02:11","modified_gmt":"2025-07-22T05:02:11","slug":"forme-a-nantes-taulier-de-lom-cinq-choses-a-savoir-sur-valentin-rongier-la-premiere-recrue-du-stade-rennais","status":"publish","type":"post","link":"https:\/\/www.europesays.com\/fr\/264849\/","title":{"rendered":"Form\u00e9 \u00e0 Nantes, taulier de l\u2019OM&#8230; Cinq choses \u00e0 savoir sur Valentin Rongier, la premi\u00e8re recrue du Stade Rennais"},"content":{"rendered":"<p>Six saisons \u00e0 l\u2019Olympique de Marseille<\/p>\n<p>Arriv\u00e9 \u00e0 Marseille en 2019 en provenance du FC Nantes pour environ 13 millions d\u2019euros, le natif de M\u00e2con a disput\u00e9 196 rencontres en six saisons. Avec les Phoc\u00e9ens, il a termin\u00e9 trois fois vice-champion de France (2020, 2022 et 2025).<\/p>\n<p>Nomm\u00e9 dans le onze type de Ligue 1<\/p>\n<p>Sa saison 2022\/2023 a sans aucun doute \u00e9t\u00e9 la plus aboutie de sa carri\u00e8re. Indispensable dans le onze de l\u2019OM sous Igor Tudor, il a \u00e9t\u00e9 le joueur le plus utilis\u00e9 par le coach croate, avec 46 rencontres jou\u00e9es toutes comp\u00e9titions confondues. Ses performances lui ont permis d\u2019\u00eatre nomm\u00e9 dans le onze type de Ligue 1 !<\/p>\n<p>Form\u00e9 au FC Nantes<\/p>\n<p>Valentin Rongier a \u00e9t\u00e9 form\u00e9 au FC Nantes, o\u00f9 il a sign\u00e9 son premier contrat professionnel en juin 2014. Il y est rest\u00e9 jusqu\u2019en 2019 et a \u00e9t\u00e9 \u00e9lu meilleur tacleur des cinq grands championnats europ\u00e9ens lors de la saison 2016\/2017.<\/p>\n<p>Le couteau suisse<\/p>\n<p>Milieu de terrain de formation, Valentin Rongier a souvent \u00ab d\u00e9pann\u00e9 \u00bb \u00e0 divers postes lors de son passage \u00e0 Marseille. Sous Jorge Sampaoli, il a occup\u00e9 un r\u00f4le hybride de milieu-lat\u00e9ral sur le flanc droit. Avec Igor Tudor, il est devenu un v\u00e9ritable couteau suisse, \u00e9voluant comme milieu central, milieu d\u00e9fensif, lat\u00e9ral droit voire d\u00e9fenseur central, notamment lors de la victoire face au Paris-SG en 8es de finale de la Coupe de France en 2023.<\/p>\n<p>Deux fois demi-finaliste en Coupe d\u2019Europe<\/p>\n<p>Sous le maillot de l\u2019Olympique de Marseille, Valentin Rongier a disput\u00e9 quatre saisons europ\u00e9ennes. (2 Ligue des champions, 2 Ligue Europa et 1 Ligue Europa Conf\u00e9rence). Il a atteint les demi-finales de la Ligue Europa lors de la saison 2023\/2024 et de la Ligue Europa Conf\u00e9rence en 2021\/2022.<\/p>\n","protected":false},"excerpt":{"rendered":"Six saisons \u00e0 l\u2019Olympique de Marseille Arriv\u00e9 \u00e0 Marseille en 2019 en provenance du FC Nantes pour environ&hellip;\n","protected":false},"author":2,"featured_media":264850,"comment_status":"","ping_status":"","sticky":false,"template":"","format":"standard","meta":{"footnotes":""},"categories":[2818],"tags":[1111,11,1777,674,63,1011,27,66,30393,24138,766,12,2636,584,25,60,3087],"class_list":{"0":"post-264849","1":"post","2":"type-post","3":"status-publish","4":"format-standard","5":"has-post-thumbnail","7":"category-nantes","8":"tag-actu","9":"tag-actualites","10":"tag-eu","11":"tag-europe","12":"tag-football","13":"tag-fr","14":"tag-france","15":"tag-ligue-1","16":"tag-mercato-pro","17":"tag-mercato-stade-rennais","18":"tag-nantes","19":"tag-news","20":"tag-pays-de-la-loire","21":"tag-rennes","22":"tag-republique-francaise","23":"tag-sports","24":"tag-stade-rennais"},"share_on_mastodon":{"url":"https:\/\/pubeurope.com\/@fr\/114895135967982671","error":""},"_links":{"self":[{"href":"https:\/\/www.europesays.com\/fr\/wp-json\/wp\/v2\/posts\/264849","targetHints":{"allow":["GET"]}}],"collection":[{"href":"https:\/\/www.europesays.com\/fr\/wp-json\/wp\/v2\/posts"}],"about":[{"href":"https:\/\/www.europesays.com\/fr\/wp-json\/wp\/v2\/types\/post"}],"author":[{"embeddable":true,"href":"https:\/\/www.europesays.com\/fr\/wp-json\/wp\/v2\/users\/2"}],"replies":[{"embeddable":true,"href":"https:\/\/www.europesays.com\/fr\/wp-json\/wp\/v2\/comments?post=264849"}],"version-history":[{"count":0,"href":"https:\/\/www.europesays.com\/fr\/wp-json\/wp\/v2\/posts\/264849\/revisions"}],"wp:featuredmedia":[{"embeddable":true,"href":"https:\/\/www.europesays.com\/fr\/wp-json\/wp\/v2\/media\/264850"}],"wp:attachment":[{"href":"https:\/\/www.europesays.com\/fr\/wp-json\/wp\/v2\/media?parent=264849"}],"wp:term":[{"taxonomy":"category","embeddable":true,"href":"https:\/\/www.europesays.com\/fr\/wp-json\/wp\/v2\/categories?post=264849"},{"taxonomy":"post_tag","embeddable":true,"href":"https:\/\/www.europesays.com\/fr\/wp-json\/wp\/v2\/tags?post=264849"}],"curies":[{"name":"wp","href":"https:\/\/api.w.org\/{rel}","templated":true}]}}