{"id":264861,"date":"2025-07-22T05:08:09","date_gmt":"2025-07-22T05:08:09","guid":{"rendered":"https:\/\/www.europesays.com\/fr\/264861\/"},"modified":"2025-07-22T05:08:09","modified_gmt":"2025-07-22T05:08:09","slug":"lille-hotel-bar-resto-rooftop-et-facade-vegetalisee-cest-quoi-cet-enorme-projet-rue-nationale","status":"publish","type":"post","link":"https:\/\/www.europesays.com\/fr\/264861\/","title":{"rendered":"Lille. H\u00f4tel, bar-resto, rooftop et fa\u00e7ade v\u00e9g\u00e9talis\u00e9e&#8230; C&rsquo;est quoi cet \u00e9norme projet rue Nationale\u00a0?"},"content":{"rendered":"<p>            Par<br \/>\n        <strong><br \/>\n            <a href=\"https:\/\/actu.fr\/auteur\/hervine-mahaud\" title=\"Consulter tous les articles de Hervine Mahaud\" target=\"_blank\" rel=\"noopener\">Hervine Mahaud<\/a><br \/>\n        <\/strong><\/p>\n<p>        Publi\u00e9 le<\/p>\n<p>            22 juil. 2025 \u00e0 6h08        <\/p>\n<p>C\u2019est un projet ambitieux, in\u00e9dit et pens\u00e9 pour r\u00e9pondre aux d\u00e9fis de la <a href=\"https:\/\/actu.fr\/tag\/sante\" target=\"_blank\" rel=\"noopener\">sant\u00e9<\/a> de demain. D\u2019ici 2027, un tout nouveau lieu de vie ouvrira ses portes <b>rue Nationale \u00e0 <a href=\"https:\/\/actu.fr\/hauts-de-france\/lille_59350\" target=\"_blank\" rel=\"noopener\">Lille<\/a><\/b>, dans l\u2019ancien b\u00e2timent de la Soci\u00e9t\u00e9 G\u00e9n\u00e9rale. Baptis\u00e9 <b>Villa M<\/b>, ce concept innovant m\u00eale <b>sant\u00e9, sport, h\u00f4tellerie et espaces de vie partag\u00e9s<\/b>, dans un esprit \u00e0 la fois <b>mutualiste, ouvert et profond\u00e9ment urbain<\/b>.<\/p>\n<p>Un lieu hybride au service de la sant\u00e9\u2026 et bien plus<\/p>\n<p class=\" wall-content\">\u00c0 l\u2019origine de Villa M, on retrouve <b>Thierry Lorente et Amanda Lehmann<\/b>, directeurs g\u00e9n\u00e9raux du groupe <b>Pasteur Mutualit\u00e9<\/b>, une mutuelle dont les adh\u00e9rents sont en majorit\u00e9 des professionnels de sant\u00e9. Leur ambition : cr\u00e9er un <b>havre holistique<\/b>, con\u00e7u \u00e0 l\u2019origine pour les soignants, mais pens\u00e9 aujourd\u2019hui comme un <b>lieu ouvert \u00e0 tous<\/b>, accessible, vivant et int\u00e9gr\u00e9 au tissu urbain.<\/p>\n<p class=\" wall-content\">\u00ab\u00a0L\u2019id\u00e9e \u00e9tait de proposer un lieu utile aux professionnels de sant\u00e9, mais aussi d\u2019int\u00e9r\u00eat public, en m\u00ealant soin, innovation, sport, hospitalit\u00e9 et lien social\u00a0\u00bb, explique Catherine Ibled, en charge de la communication.<\/p>\n<p>Un b\u00e2timent repens\u00e9, tourn\u00e9 vers l\u2019environnement<\/p>\n<p class=\" wall-content\">\u00c0 Lille, Villa M prendra place sur <b>plus de 5 000 m\u00b2<\/b>, r\u00e9partis sur <b>six niveaux<\/b>. Les travaux, qui ont d\u00e9marr\u00e9 en 2025, devraient s\u2019achever en <b>2027<\/b>. Le b\u00e2timent actuel sera <b>partiellement d\u00e9moli<\/b> pour \u00eatre reconstruit, en conservant et en r\u00e9novant <b>la fa\u00e7ade en pierre d\u2019origine<\/b>. Celle-ci sera habill\u00e9e de <b>v\u00e9g\u00e9tation<\/b> et de <b>plantes m\u00e9dicinales<\/b>, cr\u00e9ant un v\u00e9ritable <b>\u00e9crin de verdure en pleine ville<\/b>, comme cela a \u00e9t\u00e9 fait sur le site parisien, dans le 15e arrondissement.<\/p>\n<p>    <a href=\"https:\/\/www.facebook.com\/plugins\/post.php?href=https%3A%2F%2Fwww.facebook.com%2FVillaMParis%2Fposts%2Fpfbid0nMbeasZac11Hmq4VS3a5iVRg2o9nTC5GA8ndiXZZKy8AgZvbwdBEXbcbSWBeSx75l&amp;show_text=true&amp;width=350\" title=\"Ouvrie le lien\" target=\"_blank\" rel=\"noopener\">Cliquez ici pour visualiser le contenu<\/a><\/p>\n<p class=\" wall-content\">La dimension <b>environnementale<\/b> est omnipr\u00e9sente dans le chantier : usage exclusif de bois issu de <b>for\u00eats certifi\u00e9es<\/b>, int\u00e9gration de <b>nichoirs pour la biodiversit\u00e9<\/b>, <b>r\u00e9cup\u00e9ration des eaux pluviales<\/b> pour l\u2019entretien du v\u00e9g\u00e9tal, et <b>r\u00e9emploi de mat\u00e9riaux<\/b> sont autant d\u2019\u00e9l\u00e9ments qui traduisent un r\u00e9el engagement.<\/p>\n<p>H\u00f4tel, sport, coworking et sant\u00e9 sur un m\u00eame site<\/p>\n<p class=\" wall-content\">Le futur site lillois proposera <b>82 chambres<\/b> class\u00e9es <b>4 \u00e9toiles<\/b>, un <b>restaurant<\/b>, un <b>bar rooftop<\/b> avec vue, ainsi qu\u2019un <b>patio int\u00e9rieur v\u00e9g\u00e9talis\u00e9<\/b>. Au rez-de-jardin, les visiteurs retrouveront <b>une salle de sport<\/b> \u00e9quip\u00e9e d\u2019un <b>ring de boxe<\/b>, de zones de cardio, de yoga, de pilates ou de renforcement musculaire. L\u2019espace accueillera \u00e9galement des <b>box de pr\u00e9vention sant\u00e9<\/b> o\u00f9 pourront avoir lieu des consultations m\u00e9dicales.<\/p>\n<p class=\" wall-content\">L\u2019ensemble du b\u00e2timent comprendra \u00e9galement <b>des salles de r\u00e9union<\/b>, des <b>espaces de coworking<\/b>, des <b>conf\u00e9rences th\u00e9matiques<\/b> autour de la sant\u00e9 et des innovations m\u00e9dicales, mais aussi des <b>start-up d\u00e9di\u00e9es au secteur de la sant\u00e9<\/b>. Un programme riche qui illustre bien l\u2019approche transversale de Villa M, entre pr\u00e9vention, accompagnement et innovation.<\/p>\n<p>Un ancrage local assum\u00e9<\/p>\n<p class=\" wall-content\">Fid\u00e8le \u00e0 sa vocation mutualiste, Villa M entend s\u2019ancrer pleinement dans le <b>quotidien des habitants<\/b>. \u00c0 Paris, de nombreux abonn\u00e9s \u00e0 la salle de sport vivent dans le quartier. \u00c0 Lille, la m\u00eame logique pr\u00e9vaudra : <b>ouverture au public, proximit\u00e9, accessibilit\u00e9<\/b>, avec l\u2019id\u00e9e que les habitants s\u2019approprient ce lieu comme un <b>espace de vie<\/b> et non comme un \u00e9tablissement isol\u00e9.<\/p>\n<p class=\" wall-content\">C\u00f4t\u00e9 restauration, la gestion du bar-restaurant sera confi\u00e9e \u00e0 un partenaire ext\u00e9rieur, avec une ligne claire : <b>cuisine saine et durable<\/b>, en coh\u00e9rence avec la philosophie du lieu.<\/p>\n<p>Un projet unique en France<\/p>\n<p class=\" wall-content\">Apr\u00e8s <b>Paris<\/b> (ouvert en 2021, boulevard Pasteur) et <b>Marseille<\/b> cette ann\u00e9e, <b>Lille<\/b> sera la <b>troisi\u00e8me ville fran\u00e7aise<\/b> \u00e0 accueillir une Villa M. Et ce ne sera sans doute pas la derni\u00e8re : le concept s\u00e9duit par sa <b>vision globale de la sant\u00e9<\/b>, qui ne se limite pas aux soins mais englobe <b>le bien-\u00eatre physique, mental, social et environnemental<\/b>.<\/p>\n<p class=\" wall-content\">En r\u00e9inventant les usages autour du soin, de l\u2019hospitalit\u00e9 et du lien social, Villa M incarne une nouvelle fa\u00e7on d\u2019habiter la ville, <b>plus humaine, plus verte et plus connect\u00e9e aux besoins d\u2019aujourd\u2019hui<\/b>.<\/p>\n<p class=\" wall-content\">Suivez toute l\u2019actualit\u00e9 de vos villes et m\u00e9dias favoris en vous inscrivant \u00e0 <a href=\"https:\/\/moncompte.actu.fr\" title=\"D\u00e9couvez Mon Actu\" rel=\"nofollow noopener\" data-trk=\"{&quot;cta&quot;:{&quot;action&quot;:&quot;https:\\\/\\\/moncompte.actu.fr&quot;,&quot;category&quot;:&quot;mon compte&quot;,&quot;from&quot;:&quot;article footer&quot;,&quot;name&quot;:&quot;Mon actu&quot;,&quot;type&quot;:&quot;cta&quot;}}\" target=\"_blank\">Mon Actu<\/a>.<\/p>\n","protected":false},"excerpt":{"rendered":"Par Hervine Mahaud Publi\u00e9 le 22 juil. 2025 \u00e0 6h08 C\u2019est un projet ambitieux, in\u00e9dit et pens\u00e9 pour&hellip;\n","protected":false},"author":2,"featured_media":264862,"comment_status":"","ping_status":"","sticky":false,"template":"","format":"standard","meta":{"footnotes":""},"categories":[2815],"tags":[1111,11,33,1777,674,1011,27,811,1307,12,3147,25,71,2086],"class_list":{"0":"post-264861","1":"post","2":"type-post","3":"status-publish","4":"format-standard","5":"has-post-thumbnail","7":"category-lille","8":"tag-actu","9":"tag-actualites","10":"tag-economie","11":"tag-eu","12":"tag-europe","13":"tag-fr","14":"tag-france","15":"tag-hauts-de-france","16":"tag-lille","17":"tag-news","18":"tag-nouveaux-commerces","19":"tag-republique-francaise","20":"tag-sante","21":"tag-travaux"},"share_on_mastodon":{"url":"https:\/\/pubeurope.com\/@fr\/114895159491101084","error":""},"_links":{"self":[{"href":"https:\/\/www.europesays.com\/fr\/wp-json\/wp\/v2\/posts\/264861","targetHints":{"allow":["GET"]}}],"collection":[{"href":"https:\/\/www.europesays.com\/fr\/wp-json\/wp\/v2\/posts"}],"about":[{"href":"https:\/\/www.europesays.com\/fr\/wp-json\/wp\/v2\/types\/post"}],"author":[{"embeddable":true,"href":"https:\/\/www.europesays.com\/fr\/wp-json\/wp\/v2\/users\/2"}],"replies":[{"embeddable":true,"href":"https:\/\/www.europesays.com\/fr\/wp-json\/wp\/v2\/comments?post=264861"}],"version-history":[{"count":0,"href":"https:\/\/www.europesays.com\/fr\/wp-json\/wp\/v2\/posts\/264861\/revisions"}],"wp:featuredmedia":[{"embeddable":true,"href":"https:\/\/www.europesays.com\/fr\/wp-json\/wp\/v2\/media\/264862"}],"wp:attachment":[{"href":"https:\/\/www.europesays.com\/fr\/wp-json\/wp\/v2\/media?parent=264861"}],"wp:term":[{"taxonomy":"category","embeddable":true,"href":"https:\/\/www.europesays.com\/fr\/wp-json\/wp\/v2\/categories?post=264861"},{"taxonomy":"post_tag","embeddable":true,"href":"https:\/\/www.europesays.com\/fr\/wp-json\/wp\/v2\/tags?post=264861"}],"curies":[{"name":"wp","href":"https:\/\/api.w.org\/{rel}","templated":true}]}}