{"id":264864,"date":"2025-07-22T05:10:10","date_gmt":"2025-07-22T05:10:10","guid":{"rendered":"https:\/\/www.europesays.com\/fr\/264864\/"},"modified":"2025-07-22T05:10:10","modified_gmt":"2025-07-22T05:10:10","slug":"a-marseille-la-delocalisation-des-tribunaux-du-centre-ville-suscite-la-controverse","status":"publish","type":"post","link":"https:\/\/www.europesays.com\/fr\/264864\/","title":{"rendered":"\u00e0 Marseille, la d\u00e9localisation des tribunaux du centre-ville suscite la controverse"},"content":{"rendered":"<p>Apr\u00e8s plusieurs mois de flou autour de ce projet lanc\u00e9 par son pr\u00e9d\u00e9cesseur \u00c9ric Dupond-Moretti, le ministre de la Justice G\u00e9rald Darmanin a confirm\u00e9 l\u2019intention de l\u2019\u00c9tat de construire une cit\u00e9 judiciaire dans un quartier peu fr\u00e9quent\u00e9, aux portes de la ville.<\/p>\n<p class=\"fig-paragraph\"><a href=\"http:\/\/www.lefigaro.fr\/actualite-france\/sur-scene-eric-dupond-moretti-regle-ses-comptes-avec-la-magistrature-20250202\" data-fig-type=\"Article\" data-gtm-custom-categorie=\"navigation\" data-gtm-custom-action=\"crossclick\" data-gtm-custom-label=\"Contextuel\" data-gtm-event=\"customEventSPE\" data-fig-domain=\"LEFIGARO\" target=\"_blank\" rel=\"noopener\">\u00c9ric Dupond-Moretti<\/a>\u00a0\u00e9tait venu annoncer ce projet en grande pompe. En novembre 2023, le garde des Sceaux le clamait haut et fort\u00a0: un big bang judiciaire allait se produire dans la cit\u00e9 phoc\u00e9enne. Dans la deuxi\u00e8me ville de France, la justice est actuellement rendue dans sept lieux diff\u00e9rents, dont deux sites lou\u00e9s, pour faire face au flux quotidien d\u2019affaires. \u00c0 l\u2019image de ce qu\u2019avait connu Paris quelques mois plus t\u00f4t, Marseille allait enfin b\u00e9n\u00e9ficier d\u2019une<a href=\"http:\/\/www.lefigaro.fr\/marseille\/la-future-cite-judiciaire-de-marseille-sera-construite-dans-le-quartier-euromediterranee-20231120\" data-fig-type=\"NewsFlash\" data-gtm-custom-categorie=\"navigation\" data-gtm-custom-action=\"crossclick\" data-gtm-custom-label=\"Contextuel\" data-gtm-event=\"customEventSPE\" data-fig-domain=\"LEFIGARO\" target=\"_blank\" rel=\"noopener\">\u00a0cit\u00e9 judiciaire,<\/a>\u00a0regroupant toutes les juridictions de la ville dans une seule et m\u00eame tour.<\/p>\n<p class=\"fig-paragraph\">Sur ce point, le consensus \u00e9tait plut\u00f4t large. Les baux des deux sites lou\u00e9s par le minist\u00e8re de la Justice arrivant bient\u00f4t \u00e0 expiration, et ces lieux \u00e9tant \u00e9loign\u00e9s les uns des autres dans une ville deux fois plus \u00e9tendue que Paris, avec un r\u00e9seau de transports en commun insuffisant, la n\u00e9cessit\u00e9 d\u2019un regroupement se faisait sentir. \u00abM\u00eame pour nos clients, \u00e7a devenait difficile\u00bb, reconna\u00eet la b\u00e2tonni\u00e8re du barreau de Marseille, Me Marie-Dominique Poinso-Pourtal.<\/p>\n<p>                                    <a class=\"fig-a11y-skip a11y-hidden\" href=\"#fig-a11y-skip-main-inarticle\"><br \/>\n        Passer la publicit\u00e9<br \/>\n    <\/a><\/p>\n<p class=\"fig-paragraph\">Mais le lieu retenu par le garde des Sceaux a fait jaser sur le Vieux-Port. Pour ce nouveau projet, \u00c9ric Dupond-Moretti avait annonc\u00e9 la d\u00e9localisation de l\u2019ensemble des sites, et notamment le principal, du c\u0153ur de ville vers le quartier d\u2019Arenc, dans le 2e arrondissement. Aux portes du centre-ville, ce quartier encore peu d\u00e9velopp\u00e9 compte plusieurs gratte-ciel r\u00e9cents, dont le si\u00e8ge de la<a href=\"http:\/\/www.lefigaro.fr\/medias\/cma-cgm-entre-en-negociation-exclusive-pour-racheter-brut-20250704\" data-fig-type=\"NewsFlash\" data-gtm-custom-categorie=\"navigation\" data-gtm-custom-action=\"crossclick\" data-gtm-custom-label=\"Contextuel\" data-gtm-event=\"customEventSPE\" data-fig-domain=\"LEFIGARO\" target=\"_blank\" rel=\"noopener\">\u00a0CMA-CGM<\/a>, et est desservi \u00e0 son terminus par une ligne de tramway, \u00e0 quelques encablures des quartiers nord.<\/p>\n<p>Sur recommandation du pr\u00e9fet<\/p>\n<p class=\"fig-paragraph\">Ce bouleversement a surpris les avocats, dont la grande majorit\u00e9 a ses bureaux dans le 6e arrondissement, pr\u00e8s de l\u2019actuel palais de justice et de ses nombreux commerces. L\u2019enthousiasme n\u2019\u00e9tait donc pas au rendez-vous au barreau de Marseille. D\u2019autres pistes avaient \u00e9t\u00e9 \u00e9voqu\u00e9es apr\u00e8s cette annonce tonitruante, comme celle d\u2019installer cette cit\u00e9 judiciaire \u00e0 la place des Galeries Lafayette, qui doivent quitter leurs locaux pr\u00e8s de la Canebi\u00e8re.<\/p>\n<p class=\"fig-paragraph\">Mais la semaine derni\u00e8re, apr\u00e8s plusieurs mois d\u2019incertitude, G\u00e9rald Darmanin a tranch\u00e9. Selon des informations de\u00a0<a href=\"https:\/\/www.laprovence.com\/article\/politique\/1127400847261815\/marseille-gerald-darmanin-confirme-le-projet-de-cite-judiciaire-a-arenc-malgre-le-plan-de-rigueur-de-francois-bayrou\" target=\"_blank\" rel=\"sponsored noopener\" data-gtm-custom-categorie=\"navigation\" data-gtm-custom-action=\"crossclick\" data-gtm-custom-label=\"Contextuel\" data-gtm-event=\"customEventSPE\">La Provence,<\/a> \u00a0confirm\u00e9es par plusieurs sources concordantes au Figaro, le ministre de la Justice a annonc\u00e9, lors d\u2019une r\u00e9union avec diff\u00e9rentes parties prenantes, son intention de poursuivre le projet initi\u00e9 par son pr\u00e9d\u00e9cesseur \u00c9ric Dupond-Moretti, et dans le quartier d\u00e9sign\u00e9. Il a suivi les recommandations du pr\u00e9fet nouvellement install\u00e9 Georges-Fran\u00e7ois Leclerc, qui avait rendu son avis sur le sujet il y a d\u00e9j\u00e0 plusieurs mois, \u00e0 l\u2019issue d\u2019une concertation.\u00a0Les participants \u00e0 cette r\u00e9union n\u2019auraient formul\u00e9 aucune opposition \u00e0 ce projet hier controvers\u00e9.<\/p>\n<p class=\"fig-paragraph\">\u00abC\u2019est plus un choix de raison que de c\u0153ur, soupire Me Marie-Dominique Poinso-Pourtal. On a l\u2019impression que la d\u00e9cision \u00e9tait d\u00e9j\u00e0 prise. Il n\u2019y avait pas d\u2019autres choix, puisque aucune collectivit\u00e9 locale n\u2019a propos\u00e9 du foncier dans le centre pour accueillir une cit\u00e9 judiciaire.\u00a0\u00bb \u00abNous pr\u00e9f\u00e9rions un maintien dans le centre-ville, mais c\u2019est l\u2019\u00c9tat qui a la main et nous ne sommes pas d\u00e9cideurs\u00bb, estime-t-on dans l\u2019entourage du maire de Marseille Beno\u00eet Payan. Le ministre aurait demand\u00e9 que les \u00e9tudes sur ce projet soient lanc\u00e9es le plus rapidement possible, afin, selon un participant \u00e0 cette r\u00e9union, \u00abd\u2019appuyer rapidement sur le bouton.\u00bb<\/p>\n<p class=\"fig-paragraph\">Mais avec quels moyens\u00a0? Le projet a \u00e9t\u00e9 \u00e9valu\u00e9 \u00e0 360 millions d\u2019euros, dans une p\u00e9riode o\u00f9 la<a href=\"http:\/\/www.lefigaro.fr\/conjoncture\/budget-2026-en-quoi-consiste-l-annee-blanche-annoncee-par-francois-bayrou-20250716\" data-fig-type=\"Article\" data-gtm-custom-categorie=\"navigation\" data-gtm-custom-action=\"crossclick\" data-gtm-custom-label=\"Contextuel\" data-gtm-event=\"customEventSPE\" data-fig-domain=\"LEFIGARO\" target=\"_blank\" rel=\"noopener\">\u00a0disette budg\u00e9taire<\/a>\u00a0est de mise. \u00abIl reste un suspens sur le sch\u00e9ma de financement qui devrait \u00eatre donn\u00e9 \u00e0 la fin de l\u2019\u00e9t\u00e9\u00bb, croit-on savoir dans l\u2019entourage de Beno\u00eet Payan. \u00abOn esp\u00e8re que la possible instabilit\u00e9 \u00e9conomique ne remette pas le projet en cause\u00bb, s\u2019alarme-t-on dans l\u2019entourage de Renaud Muselier, le pr\u00e9sident du conseil r\u00e9gional. Selon plusieurs sources concordantes, l\u2019\u00c9tat aurait obtenu des collectivit\u00e9s qu\u2019elles participent \u00e0 parts \u00e9gales aux \u00e9tudes.<\/p>\n<p>                                    <a class=\"fig-a11y-skip a11y-hidden\" href=\"#fig-a11y-skip-main-inarticle_mtf\"><br \/>\n        Passer la publicit\u00e9<br \/>\n    <\/a><\/p>\n<p class=\"fig-paragraph\">La d\u00e9cision suscite l\u2019incompr\u00e9hension du monde \u00e9conomique marseillais. \u00abDarmanin est un Parisien et il dit ce qu\u2019il veut, mais nous, on conna\u00eet Marseille, et construire cette cit\u00e9 judiciaire est une idiotie, temp\u00eate Bernard Marty, pr\u00e9sident de l\u2019Union des m\u00e9tiers et des industries de l\u2019h\u00f4tellerie (Umih) dans les Bouches-du-Rh\u00f4ne. Pourquoi faire quitter le tribunal du centre-ville\u00a0? \u00c0 moins de vouloir faire du centre-ville un no man\u2019s land\u00a0? C\u2019est une perte \u00e9norme pour les commer\u00e7ants. J\u2019aimerais que les Parisiens fassent leurs choix pour chez eux\u00a0!\u00a0\u00bb \u00abDans l\u2019\u00e9tude que nous avions r\u00e9alis\u00e9e sur le sujet, nous avions estim\u00e9 que le personnel du minist\u00e8re de la Justice consommait chaque ann\u00e9e dans le centre-ville pour 18,3 millions d\u2019euros, rappelle Jean-Luc Chauvin, le pr\u00e9sident de la chambre de commerce et d\u2019industrie de Marseille. Je partage l\u2019inqui\u00e9tude des commer\u00e7ants du centre-ville qui se sentent menac\u00e9s. On leur enl\u00e8ve une locomotive \u00e9conomique. Il faut vraiment qu\u2019on se mette autour de la table pour mettre des moyens, y compris l\u2019\u00c9tat, pour sauver le centre-ville.\u00a0\u00bb Selon cette m\u00eame \u00e9tude de la CCI, 300 commerces se trouvent \u00e0 dix minutes \u00e0 pied de l\u2019actuel palais Monthyon, site historique du palais de justice de Marseille.<\/p>\n","protected":false},"excerpt":{"rendered":"Apr\u00e8s plusieurs mois de flou autour de ce projet lanc\u00e9 par son pr\u00e9d\u00e9cesseur \u00c9ric Dupond-Moretti, le ministre de&hellip;\n","protected":false},"author":2,"featured_media":264865,"comment_status":"","ping_status":"","sticky":false,"template":"","format":"standard","meta":{"footnotes":""},"categories":[2814],"tags":[1111,11,215,10222,1777,674,1011,27,432,884,12,882,25,3693],"class_list":{"0":"post-264864","1":"post","2":"type-post","3":"status-publish","4":"format-standard","5":"has-post-thumbnail","7":"category-marseille","8":"tag-actu","9":"tag-actualites","10":"tag-commerce","11":"tag-eric-dupond-moretti","12":"tag-eu","13":"tag-europe","14":"tag-fr","15":"tag-france","16":"tag-gerald-darmanin","17":"tag-marseille","18":"tag-news","19":"tag-provence-alpes-cote-dazur","20":"tag-republique-francaise","21":"tag-tribunal"},"share_on_mastodon":{"url":"https:\/\/pubeurope.com\/@fr\/114895167414023190","error":""},"_links":{"self":[{"href":"https:\/\/www.europesays.com\/fr\/wp-json\/wp\/v2\/posts\/264864","targetHints":{"allow":["GET"]}}],"collection":[{"href":"https:\/\/www.europesays.com\/fr\/wp-json\/wp\/v2\/posts"}],"about":[{"href":"https:\/\/www.europesays.com\/fr\/wp-json\/wp\/v2\/types\/post"}],"author":[{"embeddable":true,"href":"https:\/\/www.europesays.com\/fr\/wp-json\/wp\/v2\/users\/2"}],"replies":[{"embeddable":true,"href":"https:\/\/www.europesays.com\/fr\/wp-json\/wp\/v2\/comments?post=264864"}],"version-history":[{"count":0,"href":"https:\/\/www.europesays.com\/fr\/wp-json\/wp\/v2\/posts\/264864\/revisions"}],"wp:featuredmedia":[{"embeddable":true,"href":"https:\/\/www.europesays.com\/fr\/wp-json\/wp\/v2\/media\/264865"}],"wp:attachment":[{"href":"https:\/\/www.europesays.com\/fr\/wp-json\/wp\/v2\/media?parent=264864"}],"wp:term":[{"taxonomy":"category","embeddable":true,"href":"https:\/\/www.europesays.com\/fr\/wp-json\/wp\/v2\/categories?post=264864"},{"taxonomy":"post_tag","embeddable":true,"href":"https:\/\/www.europesays.com\/fr\/wp-json\/wp\/v2\/tags?post=264864"}],"curies":[{"name":"wp","href":"https:\/\/api.w.org\/{rel}","templated":true}]}}