{"id":264868,"date":"2025-07-22T05:12:18","date_gmt":"2025-07-22T05:12:18","guid":{"rendered":"https:\/\/www.europesays.com\/fr\/264868\/"},"modified":"2025-07-22T05:12:18","modified_gmt":"2025-07-22T05:12:18","slug":"lyon-le-quartier-de-monplaisir-au-bord-du-gouffre","status":"publish","type":"post","link":"https:\/\/www.europesays.com\/fr\/264868\/","title":{"rendered":"Lyon. Le quartier de Monplaisir au bord du gouffre &#8211;"},"content":{"rendered":"<p>\t\t\t\t<img loading=\"lazy\" decoding=\"async\" width=\"900\" height=\"621\" src=\"data:image\/svg+xml,%3Csvg%20xmlns=\" http:=\"\" alt=\"\" title=\"01 monplaisir \u00e9cologiste\" data-lazy- data-lazy- class=\"wp-image-163000\" data-lazy-src=\"https:\/\/www.europesays.com\/fr\/wp-content\/uploads\/2025\/07\/01-monplaisir-ecologiste-1.jpg\"\/><\/p>\n<p>Sur fond de nuisances sonores, d\u2019inondations et de difficult\u00e9s de livraison, le quartier de Monplaisir se transforme en zone sinistr\u00e9e \u2013 Photos Lyon People <\/p>\n<p><strong>Texte\u00a0: <\/strong><strong>Jocelyne Vidal \u2013<\/strong> D\u00e9termin\u00e9s \u00e0 se faire entendre, malgr\u00e9 le mur de silence oppos\u00e9 \u00e0 leurs demandes, les commer\u00e7ants de l\u2019avenue des Fr\u00e8res Lumi\u00e8re le clament haut et fort, par la voix du pr\u00e9sident de l\u2019UCAM.<\/p>\n<p>\u00ab\u00a0Le projet d\u2019am\u00e9nagement de l\u2019avenue est un d\u00e9sastre, nos commerces sont d\u00e9sert\u00e9s, nos recettes s\u2019effondrent, nous accusons en moyenne une perte de chiffre d\u2019affaires de 30%, baisse qui atteint 60 \u00e0 70% pour les commerces p\u00e9nalis\u00e9s par les chantiers ouverts \u00e0 leurs portes\u00a0\u00bb, d\u00e9plore Gwena\u00ebl Belbeoch, alors que le quartier vient de subir une inondation sans pr\u00e9c\u00e9dent.<\/p>\n<p><img loading=\"lazy\" decoding=\"async\" aria-describedby=\"caption-attachment-162995\" class=\"size-full wp-image-162995\" src=\"data:image\/svg+xml,%3Csvg%20xmlns=\" http:=\"\" alt=\"\" width=\"720\" height=\"655\" data-lazy- data-lazy- data-lazy-src=\"https:\/\/www.europesays.com\/fr\/wp-content\/uploads\/2025\/07\/Innondation-monplaisir-2025.jpg\"\/><\/p>\n<p id=\"caption-attachment-162995\" class=\"wp-caption-text\">Huit jours apr\u00e8s l\u2019inondation d\u00e9clench\u00e9e le 9 juillet, par la rupture d\u2019une canalisation d\u2019eau \u00e0 l\u2019angle du cours Albert Thomas et de la rue du Pr Paul Sisley, des riverains d\u00e9ploraient d\u2019importantes pertes mat\u00e9rielles dans les caves et garages inond\u00e9s.<\/p>\n<p>Le pr\u00e9sident de l\u2019Union des Commer\u00e7ants et Artisans de Monplaisir regrette am\u00e8rement d\u2019avoir particip\u00e9 aux r\u00e9unions pr\u00e9liminaires au projet de r\u00e9am\u00e9nagement de l\u2019avenue des Fr\u00e8res Lumi\u00e8re organis\u00e9es par les \u00e9cologistes\u00a0: \u00ab Aucune alerte des commer\u00e7ants n\u2019a \u00e9t\u00e9 prise en compte. \u00bb <\/p>\n<p><strong>Une vingtaine de commerces \u00e0 vendre <\/strong><\/p>\n<p>Les acteurs \u00e9conomiques et sociaux de Monplaisir n\u2019en peuvent plus <a href=\"https:\/\/www.lyonpeople.com\/actualites-lyon\/cauchemar-pour-lavenue-des-freres-lumiere-apres-grenette-un-nouveau-desert-2024-12-02.html\" rel=\"nofollow noopener\" target=\"_blank\"><strong>de ces travaux impos\u00e9s qui \u00e9touffent leur activit\u00e9<\/strong><\/a>. Sur fond de nuisances sonores, de difficult\u00e9s de livraison, sans parler des inondations li\u00e9es \u00e0 des ruptures de canalisation, Monplaisir se transforme en zone sinistr\u00e9e.<\/p>\n<p><img loading=\"lazy\" decoding=\"async\" aria-describedby=\"caption-attachment-162996\" class=\"size-full wp-image-162996\" src=\"data:image\/svg+xml,%3Csvg%20xmlns=\" http:=\"\" alt=\"\" width=\"768\" height=\"900\" data-lazy- data-lazy- data-lazy-src=\"https:\/\/www.europesays.com\/fr\/wp-content\/uploads\/2025\/07\/preppy-avenue-des-freres-lumiere.jpg\"\/><\/p>\n<p id=\"caption-attachment-162996\" class=\"wp-caption-text\">La boutique de Pr\u00eat-\u00e0-Porter masculin Preppy tire sa r\u00e9v\u00e9rence.<\/p>\n<p>\u00ab\u00a0Avant le lancement des travaux, il fallait patienter des mois pour trouver un fonds de commerce dans le quartier, il y en a aujourd\u2019hui une vingtaine \u00e0 vendre sur la seule avenue des Fr\u00e8res Lumi\u00e8re\u00a0\u00bb constate le pr\u00e9sident de l\u2019UCAM. Le bond de 50% en trois ans de la vacance commerciale lyonnaise n\u2019\u00e9pargne pas l\u2019art\u00e8re la plus commer\u00e7ante de la rive gauche.<\/p>\n<p>La librairie Mise en Page, le Club 48, lieu d\u00e9di\u00e9 \u00e0 la danse et au fitness, la boutique de Pr\u00eat-\u00e0-Porter masculin Preppy et le torr\u00e9facteur Loutsa tirent leur r\u00e9v\u00e9rence, dans le sillage de la p\u00e2tissi\u00e8re Christelle en Cuisine. D\u2019o\u00f9 la profonde inqui\u00e9tude exprim\u00e9e par courrier recommand\u00e9, adress\u00e9 le 17 avril dernier aux maires de Lyon, du 8\u00e8me arrondissement et au pr\u00e9sident de la m\u00e9tropole, par Gwena\u00ebl Belbeoch au nom de l\u2019UCAM qui regroupe 80 adh\u00e9rents parmi les 220 commer\u00e7ants d\u2019un quartier-village d\u00e9vast\u00e9.<\/p>\n<p><strong>Des activit\u00e9s et un courrier en souffrance<\/strong><\/p>\n<p>La lettre de l\u2019Union des Commer\u00e7ants et Artisans de Monplaisir est h\u00e9las demeur\u00e9e sans r\u00e9ponse\u2026Les adh\u00e9rents de l\u2019UCAM r\u00e9it\u00e8rent donc leur demande de prise en compte urgente de leurs trois priorit\u00e9s. La premi\u00e8re\u00a0? \u00ab\u00a0Supprimer la discontinuit\u00e9 de l\u2019avenue des Fr\u00e8res Lumi\u00e8re \u00e0 la hauteur des rues Saint Maurice et Docteur G\u00e9libert. <\/p>\n<p><img loading=\"lazy\" decoding=\"async\" aria-describedby=\"caption-attachment-162997\" class=\"size-full wp-image-162997\" src=\"data:image\/svg+xml,%3Csvg%20xmlns=\" http:=\"\" alt=\"\" width=\"900\" height=\"641\" data-lazy- data-lazy- data-lazy-src=\"https:\/\/www.europesays.com\/fr\/wp-content\/uploads\/2025\/07\/Christelle-en-cuisine.jpg\"\/><\/p>\n<p id=\"caption-attachment-162997\" class=\"wp-caption-text\">\u00ab Doucet m\u2019a Tuer \u00bb. Rideau baiss\u00e9 pour la p\u00e2tissi\u00e8re Christelle en cuisine<\/p>\n<p>Casser le transit auto en passant brutalement de 8 000 passages par jour \u00e0 2000, en obligeant les automobilistes \u00e0 tourner \u00e0 gauche n\u2019a aucun sens, sinon de d\u00e9truire volontairement l\u2019activit\u00e9 de nos commerces, priv\u00e9s de 6 000 clients potentiels, on fait ainsi de l\u2019avenue des Fr\u00e8res Lumi\u00e8re, un v\u00e9ritable cul de sac dissuasif pour la client\u00e8le. \u00bb<\/p>\n<p>Deuxi\u00e8me priorit\u00e9 \u00e9voqu\u00e9e par l\u2019UCAM\u00a0: \u00ab\u00a0ramener la largeur de l\u2019avenue des Fr\u00e8res Lumi\u00e8re \u00e0 cinq m\u00e8tres\u00a0s\u2019impose si l\u2019on veut pr\u00e9server la p\u00e9rennit\u00e9 de commerces aux conditions de desserte et d\u2019exploitation, incompatibles avec le projet actuel de requalification du quartier \u00bb. La troisi\u00e8me priorit\u00e9 vise \u00e0 disposer d\u2019espaces de livraison suffisants pour desservir les magasins dans des conditions normales de s\u00e9curit\u00e9.<\/p>\n<p><strong>Des pav\u00e9s dans la mare <\/strong><\/p>\n<p>R\u00e9server des places de type \u00ab\u00a0arr\u00eat minutes\u00a0\u00bb, hors places PMR, aux clients \u00e9prouvant des difficult\u00e9s pour se d\u00e9placer, s\u2019av\u00e8re un troisi\u00e8me imp\u00e9ratif aux yeux du pr\u00e9sident de l\u2019UCAM. Nous d\u00e9non\u00e7ons \u00ab\u00a0l\u2019incoh\u00e9rence et l\u2019arc-boutisme de porteurs de projets qui auraient m\u00e9rit\u00e9 de se r\u00e9aliser par \u00e9tapes progressives, coordonn\u00e9es et concert\u00e9es, nous n\u2019avons jamais \u00e9t\u00e9 oppos\u00e9s \u00e0 la protection des pi\u00e9tons et des cyclistes, ni \u00e0 des am\u00e9nagements paysagers pour att\u00e9nuer les effets de la canicule. \u00bb<\/p>\n<p><img loading=\"lazy\" decoding=\"async\" aria-describedby=\"caption-attachment-162994\" class=\"size-full wp-image-162994\" src=\"data:image\/svg+xml,%3Csvg%20xmlns=\" http:=\"\" alt=\"\" width=\"900\" height=\"600\" data-lazy- data-lazy- data-lazy-src=\"https:\/\/www.europesays.com\/fr\/wp-content\/uploads\/2025\/07\/carrefour-avenue-des-freres-lumiere-1.jpg\"\/><\/p>\n<p id=\"caption-attachment-162994\" class=\"wp-caption-text\">R\u00e9v\u00e9l\u00e9 par un contr\u00f4le sanitaire de la DDPP, un probl\u00e8me de sanitation li\u00e9 \u00e0 la pr\u00e9sence de traces de nuisibles, a entra\u00een\u00e9 la fermeture du Carrefour Market de l\u2019avenue des Fr\u00e8res Lumi\u00e8re du 10 au 15 juillet dernier. La prolif\u00e9ration des nuisibles ne serait pas \u00e9trang\u00e8re \u00e0 la multiplication des tranch\u00e9es dans le quartier de Monplaisir, selon l\u2019un des collaborateurs de l\u2019entreprise de nettoyage missionn\u00e9e pour rem\u00e9dier \u00e0 ce probl\u00e8me d\u2019hygi\u00e8ne.<\/p>\n<p>Occasion pour Gwena\u00ebl Belbeoch de douter des vertus rafra\u00eechissantes des cargaisons de pav\u00e9s rouge\u00e2tres de la marque Kronimus, assembl\u00e9s sur les nouveaux trottoirs de l\u2019avenue des Fr\u00e8res Lumi\u00e8re\u00a0: \u00ab ils me rappellent le banal pavage des all\u00e9es d\u2019acc\u00e8s de maisons \u00e0 leurs garages, de plus leur couleur rouge les rendra br\u00fblants en \u00e9t\u00e9, contrairement \u00e0 des pav\u00e9s blancs qui auraient permis un r\u00e9fl\u00e9chissement de la lumi\u00e8re en abaissant les temp\u00e9ratures estivales.\u00a0\u00bb De nouveaux pav\u00e9s dans la mare.<\/p>\n<p><strong>La bataille judiciaire de Carrefour Market<\/strong><\/p>\n<p>Par ordonnance du 13 mai 2025, le juge des r\u00e9f\u00e9r\u00e9s du Tribunal Administratif de Lyon a rejet\u00e9 un recours du magasin Carrefour Market. Lequel demandait la suspension en urgence de l\u2019ex\u00e9cution de l\u2019arr\u00eat\u00e9 du 3 septembre 2024, par lequel la commune de Lyon a d\u00e9livr\u00e9 \u00e0 la M\u00e9tropole un permis d\u2019am\u00e9nager des espaces publics avenue des Fr\u00e8res Lumi\u00e8re et rue du Premier Film. Selon le requ\u00e9rant, la participation du public au projet de r\u00e9am\u00e9nagement de l\u2019Avenue des Fr\u00e8res Lumi\u00e8re aurait \u00e9t\u00e9 priv\u00e9e d\u2019effet utile, du fait des modifications substantielles apport\u00e9es au projet apr\u00e8s la phase de concertation. Pour Carrefour Market, le projet g\u00e9n\u00e9rerait \u00e9galement \u00ab\u00a0un risque pour la s\u00e9curit\u00e9 routi\u00e8re ainsi que des troubles dans les conditions de vie des habitants et des commer\u00e7ants. \u00bb Aucun de ces arguments \u00ab\u00a0n\u2019est de nature \u00e0 faire na\u00eetre un doute s\u00e9rieux sur la l\u00e9galit\u00e9 de l\u2019arr\u00eat\u00e9 contest\u00e9\u00a0\u00bb, a conclu le juge des r\u00e9f\u00e9r\u00e9s du Tribunal Administratif de Lyon.<\/p>\n<p>\u00a0<\/p>\n","protected":false},"excerpt":{"rendered":"Sur fond de nuisances sonores, d\u2019inondations et de difficult\u00e9s de livraison, le quartier de Monplaisir se transforme en&hellip;\n","protected":false},"author":2,"featured_media":264869,"comment_status":"","ping_status":"","sticky":false,"template":"","format":"standard","meta":{"footnotes":""},"categories":[1889],"tags":[4257,1111,11,2430,1777,674,1011,27,2428,40445,5304,12,25],"class_list":{"0":"post-264868","1":"post","2":"type-post","3":"status-publish","4":"format-standard","5":"has-post-thumbnail","7":"category-lyon","8":"tag-0top","9":"tag-actu","10":"tag-actualites","11":"tag-auvergne-rhone-alpes","12":"tag-eu","13":"tag-europe","14":"tag-fr","15":"tag-france","16":"tag-lyon","17":"tag-lyon-ecoogiste","18":"tag-monplaisir","19":"tag-news","20":"tag-republique-francaise"},"share_on_mastodon":{"url":"https:\/\/pubeurope.com\/@fr\/114895175246528198","error":""},"_links":{"self":[{"href":"https:\/\/www.europesays.com\/fr\/wp-json\/wp\/v2\/posts\/264868","targetHints":{"allow":["GET"]}}],"collection":[{"href":"https:\/\/www.europesays.com\/fr\/wp-json\/wp\/v2\/posts"}],"about":[{"href":"https:\/\/www.europesays.com\/fr\/wp-json\/wp\/v2\/types\/post"}],"author":[{"embeddable":true,"href":"https:\/\/www.europesays.com\/fr\/wp-json\/wp\/v2\/users\/2"}],"replies":[{"embeddable":true,"href":"https:\/\/www.europesays.com\/fr\/wp-json\/wp\/v2\/comments?post=264868"}],"version-history":[{"count":0,"href":"https:\/\/www.europesays.com\/fr\/wp-json\/wp\/v2\/posts\/264868\/revisions"}],"wp:featuredmedia":[{"embeddable":true,"href":"https:\/\/www.europesays.com\/fr\/wp-json\/wp\/v2\/media\/264869"}],"wp:attachment":[{"href":"https:\/\/www.europesays.com\/fr\/wp-json\/wp\/v2\/media?parent=264868"}],"wp:term":[{"taxonomy":"category","embeddable":true,"href":"https:\/\/www.europesays.com\/fr\/wp-json\/wp\/v2\/categories?post=264868"},{"taxonomy":"post_tag","embeddable":true,"href":"https:\/\/www.europesays.com\/fr\/wp-json\/wp\/v2\/tags?post=264868"}],"curies":[{"name":"wp","href":"https:\/\/api.w.org\/{rel}","templated":true}]}}