{"id":264870,"date":"2025-07-22T05:15:10","date_gmt":"2025-07-22T05:15:10","guid":{"rendered":"https:\/\/www.europesays.com\/fr\/264870\/"},"modified":"2025-07-22T05:15:10","modified_gmt":"2025-07-22T05:15:10","slug":"en-seine-saint-denis-cette-ecole-mise-sur-le-rugby-pour-lutter-contre-le-decrochage-scolaire","status":"publish","type":"post","link":"https:\/\/www.europesays.com\/fr\/264870\/","title":{"rendered":"En Seine-Saint-Denis, cette \u00e9cole mise sur le rugby pour lutter contre le d\u00e9crochage scolaire"},"content":{"rendered":"<p>            Par<br \/>\n        <strong><br \/>\n            <a href=\"https:\/\/actu.fr\/auteur\/dorinegoth\" title=\"Consulter tous les articles de Dorine Goth\" rel=\"nofollow noopener\" target=\"_blank\">Dorine Goth<\/a><br \/>\n        <\/strong><\/p>\n<p>        Publi\u00e9 le<\/p>\n<p>            22 juil. 2025 \u00e0 6h48        <\/p>\n<p>C\u2019est une approche diff\u00e9rente de la scolarit\u00e9 qui porte ses fruits. Depuis dix ans, <a href=\"https:\/\/actu.fr\/auvergne-rhone-alpes\/saint-etienne_42218\/saint-etienne-c-est-quoi-l-ecole-des-xv-la-troisieme-a-ouvrir-en-france_49319798.html\" rel=\"nofollow noopener\" target=\"_blank\"><strong>l\u2019\u00c9cole des XV<\/strong><\/a> ouvre des structures pour accompagner les jeunes du CM\u20092 \u00e0 la 3e et pr\u00e9venir du d\u00e9crochage scolaire. D\u00e9but 2026, elle ouvrira une sixi\u00e8me \u00e9cole en Seine-Saint-Denis au <strong>stade Raoul Montbrand<\/strong> \u00e0 Pantin. Son ouverture intervient dans le cadre de la cr\u00e9ation du <strong><a href=\"https:\/\/actu.fr\/ile-de-france\/pantin_93055\/en-seine-saint-denis-bientot-une-nouvelle-pepiniere-pour-les-talents-du-rugby_60197227.html\" rel=\"nofollow noopener\" target=\"_blank\">Centre d\u2019innovation des rugbys<\/a> <\/strong>port\u00e9 par la f\u00e9d\u00e9ration fran\u00e7aise de rugby et le promoteur immobilier NGE.<\/p>\n<p>Temps scolaire et pratique du rugby<\/p>\n<p class=\" wall-content\">Derri\u00e8re le projet, on retrouve Denis Philippon, fondateur de Voyage Priv\u00e9 et pr\u00e9sident du club Provence Rugby. L\u2019\u00e9cole propose un programme de <strong>6\u00a0heures de temps scolaire<\/strong> en groupe de deux \u00e0 quatre \u00e9l\u00e8ves et de<strong> 6\u00a0heures de temps \u00e9ducatifs<\/strong>, dont 4\u00a0heures de <strong>pratique mixte de rugby<\/strong> afin de d\u00e9velopper \u00ab\u2009les valeurs d\u2019engagement, de respect et de solidarit\u00e9\u2009\u00bb.<\/p>\n<p class=\" wall-content\">\u00ab\u2009Ces valeurs permettent aux enfants de renforcer leur confiance en eux et de d\u00e9velopper leurs comp\u00e9tences sociales et comportementales\u2009\u00bb, estime l\u2019\u00c9cole des XV. Les enfants seront propos\u00e9s par leur \u00e9tablissement scolaire. Au total, une soixantaine d\u2019adolescents pourraient participer au dispositif en 2026. Une fois engag\u00e9s, les \u00e9l\u00e8ves sont suivis jusqu\u2019\u00e0 la fin de leur coll\u00e8ge.<\/p>\n<p class=\" wall-content\">\u00ab\u2009Arriver en r\u00e9gion parisienne est forc\u00e9ment une \u00e9tape importante de notre d\u00e9veloppement. Le soutien de NGE est d\u00e9terminant, car il s\u2019inscrit sur le long terme, mais est surtout une marque forte de leur engagement aupr\u00e8s des plus fragiles. Il permettra aussi aux enfants de tisser des ponts entre l\u2019\u00e9cole et le monde du travail, particuli\u00e8rement dans le BTP o\u00f9 de formidables carri\u00e8res \u00e9volutives s\u2019offrent \u00e0 eux s\u2019ils le souhaitent\u2009\u00bb, se r\u00e9jouit Denis Philipon dans un communiqu\u00e9.<\/p>\n<p class=\" wall-content\">Suivez toute l\u2019actualit\u00e9 de vos villes et m\u00e9dias favoris en vous inscrivant \u00e0 <a href=\"https:\/\/moncompte.actu.fr\" title=\"D\u00e9couvez Mon Actu\" rel=\"nofollow noopener\" data-trk=\"{&quot;cta&quot;:{&quot;action&quot;:&quot;https:\\\/\\\/moncompte.actu.fr&quot;,&quot;category&quot;:&quot;mon compte&quot;,&quot;from&quot;:&quot;article footer&quot;,&quot;name&quot;:&quot;Mon actu&quot;,&quot;type&quot;:&quot;cta&quot;}}\" target=\"_blank\">Mon Actu<\/a>.<\/p>\n","protected":false},"excerpt":{"rendered":"Par Dorine Goth Publi\u00e9 le 22 juil. 2025 \u00e0 6h48 C\u2019est une approche diff\u00e9rente de la scolarit\u00e9 qui&hellip;\n","protected":false},"author":2,"featured_media":264871,"comment_status":"","ping_status":"","sticky":false,"template":"","format":"standard","meta":{"footnotes":""},"categories":[1888],"tags":[1111,1928,11,1927,1057,1777,674,1011,27,12,1926,626,1925,25,104],"class_list":{"0":"post-264870","1":"post","2":"type-post","3":"status-publish","4":"format-standard","5":"has-post-thumbnail","7":"category-paris","8":"tag-actu","9":"tag-actu-paris","10":"tag-actualites","11":"tag-actualites-paris","12":"tag-education","13":"tag-eu","14":"tag-europe","15":"tag-fr","16":"tag-france","17":"tag-news","18":"tag-news-paris","19":"tag-paris","20":"tag-paris-news","21":"tag-republique-francaise","22":"tag-societe"},"share_on_mastodon":{"url":"https:\/\/pubeurope.com\/@fr\/114895187034050252","error":""},"_links":{"self":[{"href":"https:\/\/www.europesays.com\/fr\/wp-json\/wp\/v2\/posts\/264870","targetHints":{"allow":["GET"]}}],"collection":[{"href":"https:\/\/www.europesays.com\/fr\/wp-json\/wp\/v2\/posts"}],"about":[{"href":"https:\/\/www.europesays.com\/fr\/wp-json\/wp\/v2\/types\/post"}],"author":[{"embeddable":true,"href":"https:\/\/www.europesays.com\/fr\/wp-json\/wp\/v2\/users\/2"}],"replies":[{"embeddable":true,"href":"https:\/\/www.europesays.com\/fr\/wp-json\/wp\/v2\/comments?post=264870"}],"version-history":[{"count":0,"href":"https:\/\/www.europesays.com\/fr\/wp-json\/wp\/v2\/posts\/264870\/revisions"}],"wp:featuredmedia":[{"embeddable":true,"href":"https:\/\/www.europesays.com\/fr\/wp-json\/wp\/v2\/media\/264871"}],"wp:attachment":[{"href":"https:\/\/www.europesays.com\/fr\/wp-json\/wp\/v2\/media?parent=264870"}],"wp:term":[{"taxonomy":"category","embeddable":true,"href":"https:\/\/www.europesays.com\/fr\/wp-json\/wp\/v2\/categories?post=264870"},{"taxonomy":"post_tag","embeddable":true,"href":"https:\/\/www.europesays.com\/fr\/wp-json\/wp\/v2\/tags?post=264870"}],"curies":[{"name":"wp","href":"https:\/\/api.w.org\/{rel}","templated":true}]}}