{"id":264874,"date":"2025-07-22T05:17:17","date_gmt":"2025-07-22T05:17:17","guid":{"rendered":"https:\/\/www.europesays.com\/fr\/264874\/"},"modified":"2025-07-22T05:17:17","modified_gmt":"2025-07-22T05:17:17","slug":"a-la-tete-dun-empire-de-la-mode-le-fondateur-de-zara-etoffe-son-portefeuille-immobilier-a-paris","status":"publish","type":"post","link":"https:\/\/www.europesays.com\/fr\/264874\/","title":{"rendered":"\u00c0 la t\u00eate d&rsquo;un empire de la mode, le fondateur de Zara \u00e9toffe son portefeuille immobilier \u00e0 Paris"},"content":{"rendered":"<p>            Par<br \/>\n        <strong><br \/>\n            <a href=\"https:\/\/actu.fr\/auteur\/ines-cussac-actu-fr\" title=\"Consulter tous les articles de In\u00e8s Cussac\" target=\"_blank\" rel=\"noopener\">In\u00e8s Cussac<\/a><br \/>\n        <\/strong><\/p>\n<p>        Publi\u00e9 le<\/p>\n<p>            22 juil. 2025 \u00e0 6h04        <\/p>\n<p>Un immeuble ici, un autre l\u00e0-bas. Amancio Ortega, le c\u00e9l\u00e8bre homme d\u2019affaires espagnol et fondateur de<a href=\"https:\/\/actu.fr\/ile-de-france\/paris_75056\/paris-sur-l-avenue-des-champs-elysees-zara-veut-pousser-les-murs-de-son-vaisseau-amiral_62357002.html\" target=\"_blank\" rel=\"noopener\"> la marque de v\u00eatements Zara<\/a>, poursuit ses investissements immobiliers. \u00c0 Paris, il n\u2019en est pas \u00e0 son coup d\u2019essai. Il place en effet son argent dans la pierre parisienne depuis plusieurs ann\u00e9es. Le dernier achat en date vise <strong>le quartier de l\u2019Op\u00e9ra.<\/strong><\/p>\n<p>Des projets h\u00f4teliers haut de gamme<\/p>\n<p class=\" wall-content\">Par l\u2019interm\u00e9diaire de Pontegadea, la soci\u00e9t\u00e9 \u00e0 travers laquelle il g\u00e8re un portefeuille mondial d\u2019actifs prime [bureaux, h\u00f4tels, locaux commerciaux, etc. ndlr], l\u2019investisseur galicien r\u00e9alise des op\u00e9rations immobili\u00e8res consid\u00e9rables. D\u00e9but juillet\u00a02025, il a acquis <strong>l\u2019h\u00f4tel Banke<\/strong> pour 97\u00a0millions d\u2019euros. Cet \u00e9tablissement cinq \u00e9toiles est situ\u00e9 \u00e0 l\u2019angle de la rue Lafayette et la rue Pillet-Will (9e) dans un immeuble class\u00e9 monument historique par la Ville de Paris. Comme le rapporte <a href=\"https:\/\/www.expansion.com\/empresas\/transporte\/2025\/07\/10\/686fdf12e5fdea75658b458e.html\" target=\"_blank\" rel=\"noopener\">la presse espagnole<\/a>, l\u2019h\u00f4tel de 90 chambres actuellement ferm\u00e9, sera g\u00e9r\u00e9 par Radisson Collection, l\u2019un des leaders de l\u2019h\u00f4tellerie haut de gamme en Europe.<\/p>\n<p class=\" wall-content\"><a href=\"https:\/\/www.instagram.com\/p\/BtvthVVIt6X\/embed\" title=\"Ouvrir le lien sur Instagram\" target=\"_blank\" rel=\"noopener\">Visualiser le contenu sur Instagram<\/a><\/p>\n<p class=\" wall-content\">Amancio Ortega, neuvi\u00e8me fortune mondiale selon le magazine Forbes, a investi \u00e0 plusieurs reprises \u00e0 Paris en 2025. Juste avant d\u2019acqu\u00e9rir l\u2019h\u00f4tel de la rive droite, le milliardaire s\u2019\u00e9tait int\u00e9ress\u00e9 \u00e0 la rive gauche. Plus particuli\u00e8rement au 40-42 rue des Saints-P\u00e8res (7e). L\u00e0 aussi, <strong>un projet h\u00f4telier luxueux se dessine<\/strong>. Selon le m\u00e9dia sp\u00e9cialis\u00e9 <a href=\"https:\/\/www.cfnewsimmo.net\/L-actualite\/Exclusif\/Le-40-42-Saints-Peres-discretement-cede-off-market-486449\" target=\"_blank\" rel=\"noopener\">CFNews Immo<\/a>, Pontegadea a rejoint au printemps dernier la nouvelle structure form\u00e9e par les qataries Al-Thanies et Al-Thawadi ainsi que Fort Parteners pour cet investissement \u00e0 120 millions d\u2019euros.<\/p>\n<p>Investir mais aussi c\u00e9der<\/p>\n<p class=\" wall-content\">Le patron de Zara avait d\u00e9j\u00e0 achet\u00e9 des biens d\u2019envergures \u00e0 Paris. Et pas des moindres. L\u2019ann\u00e9e derni\u00e8re, il a acquis pour 227 millions d\u2019euros un immeuble de bureau de 10\u2009000 m\u00e8tres carr\u00e9s install\u00e9 14 rue Hal\u00e9vy (9e). Cette transaction a \u00e9t\u00e9 <strong>la plus importante de l\u2019ann\u00e9e 2024<\/strong> dans la capitale.<\/p>\n<p class=\" wall-content\">Mais l\u2019an pass\u00e9 a aussi \u00e9t\u00e9 marqu\u00e9 par la vente de l\u2019immeuble situ\u00e9 au 48 rue Notre-Dame des Victoires (2e), <strong>l\u2019ancien si\u00e8ge de la Banque de France<\/strong>. Selon le journal espagnol Espancion, la n\u00e9cessit\u00e9 de trouver des locataires et celle de r\u00e9nover la b\u00e2tisse ont conduit Pontegadea \u00e0 c\u00e9der l\u2019immeuble. Le fonds luxembourgeois Mimco ainsi que la soci\u00e9t\u00e9 fran\u00e7aise d\u2019actifs immobiliers Fonci\u00e8re Renaissance se sont empar\u00e9s du bien pour 90\u00a0millions d\u2019euros.<\/p>\n<p>Des transactions toujours plus importantes<\/p>\n<p class=\" wall-content\">Outre les investissements \u00e0 Paris, Amancio Ortega s\u2019int\u00e9resse aussi aux autres grandes villes de l\u2019\u00e9tranger. Entre mars et juillet, il a investit plus de 966\u00a0millions d\u2019euros et fait des ventes pour 108\u00a0millions d\u2019euros. De quoi assurer une activit\u00e9 immobili\u00e8re bien charg\u00e9e et faisant de <strong>2025 l\u2019ann\u00e9e la plus active pour Pontegadea<\/strong>. Comme le rappelle <a href=\"https:\/\/elpais.com\/economia\/2025-07-20\/el-imperio-inmobiliario-de-amancio-ortega-acelera-y-mueve-1000-millones-en-operaciones-en-cuatro-meses.html\" target=\"_blank\" rel=\"noopener\">El Pais<\/a>, l\u2019Espagnol a r\u00e9alis\u00e9 plusieurs acquisitions notables comme celle du Sadabell Financial Center \u00e0 Miami pour 235\u00a0millions d\u2019euros. La vente de cette tour de bureau de 130\u00a0m\u00e8tres de haut le 14\u00a0juillet dernier a \u00e9t\u00e9 la transaction financi\u00e8re la plus importante de l\u2019ann\u00e9e dans le sud de la Floride.<\/p>\n<p class=\" wall-content\">Ces investissements dans des h\u00f4tels ou des bureaux haut de gamme montrent un engagement d\u2019Amancio Ortega pour <strong>une approche plut\u00f4t long termiste<\/strong>. Loin de l\u2019image de la fast fashion v\u00e9hicul\u00e9e par Zara. De quoi diversifier la vision mais surtout les revenus.<\/p>\n<p class=\" wall-content\">Suivez toute l\u2019actualit\u00e9 de vos villes et m\u00e9dias favoris en vous inscrivant \u00e0 <a href=\"https:\/\/moncompte.actu.fr\" title=\"D\u00e9couvez Mon Actu\" rel=\"nofollow noopener\" data-trk=\"{&quot;cta&quot;:{&quot;action&quot;:&quot;https:\\\/\\\/moncompte.actu.fr&quot;,&quot;category&quot;:&quot;mon compte&quot;,&quot;from&quot;:&quot;article footer&quot;,&quot;name&quot;:&quot;Mon actu&quot;,&quot;type&quot;:&quot;cta&quot;}}\" target=\"_blank\">Mon Actu<\/a>.<\/p>\n<p>                    <script async src=\"\/\/www.instagram.com\/embed.js\"><\/script><\/p>\n","protected":false},"excerpt":{"rendered":"Par In\u00e8s Cussac Publi\u00e9 le 22 juil. 2025 \u00e0 6h04 Un immeuble ici, un autre l\u00e0-bas. Amancio Ortega,&hellip;\n","protected":false},"author":2,"featured_media":264875,"comment_status":"","ping_status":"","sticky":false,"template":"","format":"standard","meta":{"footnotes":""},"categories":[1888],"tags":[11,1777,674,1011,27,1116,2425,12,626,2551,25,104],"class_list":{"0":"post-264874","1":"post","2":"type-post","3":"status-publish","4":"format-standard","5":"has-post-thumbnail","7":"category-paris","8":"tag-actualites","9":"tag-eu","10":"tag-europe","11":"tag-fr","12":"tag-france","13":"tag-immobilier","14":"tag-luxe","15":"tag-news","16":"tag-paris","17":"tag-patrimoine","18":"tag-republique-francaise","19":"tag-societe"},"share_on_mastodon":{"url":"https:\/\/pubeurope.com\/@fr\/114895195099913464","error":""},"_links":{"self":[{"href":"https:\/\/www.europesays.com\/fr\/wp-json\/wp\/v2\/posts\/264874","targetHints":{"allow":["GET"]}}],"collection":[{"href":"https:\/\/www.europesays.com\/fr\/wp-json\/wp\/v2\/posts"}],"about":[{"href":"https:\/\/www.europesays.com\/fr\/wp-json\/wp\/v2\/types\/post"}],"author":[{"embeddable":true,"href":"https:\/\/www.europesays.com\/fr\/wp-json\/wp\/v2\/users\/2"}],"replies":[{"embeddable":true,"href":"https:\/\/www.europesays.com\/fr\/wp-json\/wp\/v2\/comments?post=264874"}],"version-history":[{"count":0,"href":"https:\/\/www.europesays.com\/fr\/wp-json\/wp\/v2\/posts\/264874\/revisions"}],"wp:featuredmedia":[{"embeddable":true,"href":"https:\/\/www.europesays.com\/fr\/wp-json\/wp\/v2\/media\/264875"}],"wp:attachment":[{"href":"https:\/\/www.europesays.com\/fr\/wp-json\/wp\/v2\/media?parent=264874"}],"wp:term":[{"taxonomy":"category","embeddable":true,"href":"https:\/\/www.europesays.com\/fr\/wp-json\/wp\/v2\/categories?post=264874"},{"taxonomy":"post_tag","embeddable":true,"href":"https:\/\/www.europesays.com\/fr\/wp-json\/wp\/v2\/tags?post=264874"}],"curies":[{"name":"wp","href":"https:\/\/api.w.org\/{rel}","templated":true}]}}