{"id":264876,"date":"2025-07-22T05:18:11","date_gmt":"2025-07-22T05:18:11","guid":{"rendered":"https:\/\/www.europesays.com\/fr\/264876\/"},"modified":"2025-07-22T05:18:11","modified_gmt":"2025-07-22T05:18:11","slug":"legislatives-ou-municipales-face-aux-militants-rachida-dati-rassure-la-question-qui-se-pose-cest-paris","status":"publish","type":"post","link":"https:\/\/www.europesays.com\/fr\/264876\/","title":{"rendered":"L\u00e9gislatives ou municipales\u00a0? Face aux militants, Rachida Dati rassure\u00a0: \u00ab\u00a0La question qui se pose, c\u2019est Paris\u00a0\u00bb"},"content":{"rendered":"<p class=\"paragraph text_align_left lp-f-body-02\">Son chemin vers mars 2026 et <a href=\"https:\/\/www.leparisien.fr\/elections\/municipales\/municipales-paris\/\" target=\"_self\" rel=\"nofollow noopener\">les municipales<\/a> \u00e9tait d\u00e9j\u00e0 long. Mais sur la route de <a href=\"https:\/\/www.leparisien.fr\/politique\/rachida-dati\/\" target=\"_self\" rel=\"nofollow noopener\">Rachida Dati<\/a> vient de se dresser une autre \u00e9ch\u00e9ance : <a href=\"https:\/\/www.leparisien.fr\/elections\/trois-deputes-contraints-de-demissionner-apres-avoir-ete-declares-ineligibles-par-le-conseil-constitutionnel-11-07-2025-SPWSUBIIBZCRLL2HICEIQ2Z3TA.php\" target=\"_self\" rel=\"nofollow noopener\">une \u00e9lection l\u00e9gislative anticip\u00e9e<\/a>, qui plus est dans une circonscription qu\u2019elle conna\u00eet bien. La deuxi\u00e8me \u00ab circo \u00bb de <a href=\"https:\/\/www.leparisien.fr\/paris-75\/\" target=\"_self\" rel=\"nofollow noopener\">Paris<\/a>, \u00e0 cheval sur les <a href=\"https:\/\/www.leparisien.fr\/paris-75\/paris-75005\/\" target=\"_self\" rel=\"nofollow noopener\">Ve<\/a> et des parties des <a href=\"https:\/\/www.leparisien.fr\/paris-75\/paris-75006\/\" target=\"_self\" rel=\"nofollow noopener\">VIe<\/a> et <a href=\"https:\/\/www.leparisien.fr\/paris-75\/paris-75007\/\" target=\"_self\" rel=\"nofollow noopener\">VIIe arrondissements<\/a>, dont elle est la maire.<\/p>\n<p class=\"paragraph text_align_left lp-f-body-02\">Si le scrutin ne devrait pas avoir lieu d\u2019ici au mois d\u2019octobre, les grandes man\u0153uvres sont d\u00e9j\u00e0 lanc\u00e9es. Premier \u00e0 d\u00e9gainer : l\u2019ancien Premier ministre <a href=\"https:\/\/www.leparisien.fr\/politique\/michel-barnier\/\" target=\"_self\" rel=\"nofollow noopener\">Michel Barnier<\/a> qui a rapidement fait savoir qu\u2019il proposait sa candidature en d\u00e9but de semaine derni\u00e8re. De quoi <a href=\"https:\/\/www.leparisien.fr\/politique\/rachida-a-tres-envie-detre-candidate-elle-sorganise-pour-dati-prete-a-se-lancer-face-a-barnier-aux-legislatives-a-paris-16-07-2025-MAVM3BEVANFXTGTE4E6U6ZUBQY.php\" target=\"_self\" rel=\"nofollow noopener\">faire bondir la ministre de la Culture<\/a> bien d\u00e9cid\u00e9e d\u00e9sormais \u00e0 lui barrer la route.<\/p>\n<p class=\"paragraph text_align_left lp-f-body-02\">Pour faire passer le message, la maire du VIIe a r\u00e9uni ses proches ce lundi dans un caf\u00e9 \u00e0 deux pas du mus\u00e9e d\u2019Orsay. Devant une audience compacte &#8211; environ 250 personnes &#8211; et acquise \u00e0 sa cause, Rachida Dati a voulu jouer la carte de la clart\u00e9, au moment o\u00f9 sa d\u00e9cision de s\u2019engager dans la bataille de cette l\u00e9gislative partielle interroge certains de ses proches. \u00ab La question qui se pose, c\u2019est Paris \u00bb, lance-t-elle d\u2019embl\u00e9e pour rassurer celles et ceux qui voyaient dans une possible candidature \u00e0 la l\u00e9gislative un renoncement \u00e0 son objectif final qu\u2019est l\u2019H\u00f4tel de Ville.<\/p>\n<p>\u00ab J\u2019ai du mal \u00e0 comprendre la strat\u00e9gie \u00bb<\/p>\n<p class=\"paragraph text_align_left lp-f-body-02\">Une ambition qu\u2019elle n\u2019a eu de cesse de marteler ce lundi soir : \u00ab On a une chance historique de gagner Paris \u00bb ; \u00ab Un autre Paris est possible \u00bb ; \u00ab Les Parisiens ont envie d\u2019alternance \u00bb. Ou encore : \u00ab Je vous emm\u00e8nerai vers la victoire \u00bb. La victoire, oui, mais laquelle ? Difficile de savoir si les militants ont assist\u00e9 ce lundi au meeting d\u2019une candidate \u00e0 un si\u00e8ge au Palais-Bourbon o\u00f9 \u00e0 celui de maire de Paris. \u00ab J\u2019ai du mal \u00e0 comprendre la strat\u00e9gie. Pr\u00e9cis\u00e9ment, que se passe-t-il ? \u00bb, lui demande ainsi une militante tout habill\u00e9e de bleu clair.<\/p>\n<p class=\"paragraph text_align_left lp-f-body-02\">\u00ab Ce n\u2019est pas moi qui bouscule les divisions \u00bb, r\u00e9pond Dati, en ciblant, tout en prenant soin de ne nommer personne et de ne surtout pas s\u2019en prendre directement \u00e0 <a href=\"https:\/\/www.leparisien.fr\/politique\/legislative-partielle-declare-candidat-michel-barnier-nest-pas-inscrit-sur-les-listes-electorales-a-paris-17-07-2025-SAMNT5JJZ5CFHMNOUZ6APBLXAE.php\" target=\"_self\" rel=\"nofollow noopener\">Michel Barnier<\/a>. Car pour l\u2019ancienne garde des Sceaux, celui qui \u00e9tait il y a encore quelques mois son Premier ministre s\u2019est surtout fait \u00ab instrumentaliser par certains qui veulent la division \u00bb.<\/p>\n<p class=\"paragraph text_align_left lp-f-body-02\">\u00ab Barnier a des ambitions nationales, moi parisiennes. Mes intentions sont connues \u00bb, rappelle la maire du VIIe arrondissement \u00e0 son auditoire.<\/p>\n<p>Barnier, \u00ab un candidat instrumentalis\u00e9 \u00bb<\/p>\n<p class=\"paragraph text_align_left lp-f-body-02\">Avec un message clair : la solidit\u00e9 et l\u2019union. \u00ab <a href=\"https:\/\/www.leparisien.fr\/elections\/municipales\/que-chacun-garde-la-tete-froide-la-droite-cherche-la-formule-magique-avant-les-municipales-a-paris-17-07-2025-K5GOEDJY6BF7FCEXPTLFWGBISM.php\" target=\"_self\" rel=\"nofollow noopener\">Il n\u2019y peut pas y avoir deux candidatures \u00e0 Paris<\/a>. Je vois bien les petits calculs et les petites agressions. Mais on n\u2019y r\u00e9pond pas. Je n\u2019irai pas l\u00e0-dedans. Surtout, je ne veux pas que vous soyez l\u2019objet d\u2019un marchandage. Est-ce que vous ne m\u00e9ritez pas mieux qu\u2019un candidat instrumentalis\u00e9 pour faire perdre Paris ? \u00bb, poursuit Rachida Dati, filant la m\u00e9taphore guerri\u00e8re.<\/p>\n<p class=\"paragraph text_align_left lp-f-body-02\">\u00ab Je n\u2019ai peur de rien, de personne. Les trouillards et les losers, \u00e7a n\u2019a jamais construit ma vie. Pas d\u2019inqui\u00e9tude, je sais me battre, je ne me d\u00e9robe pas. Soyez solides, ne vous laissez pas intimider. Ce qui se profile, c\u2019est juste un facteur de division. L\u2019unit\u00e9, il faut la maintenir \u00bb, plaide-t-elle.<\/p>\n<p class=\"paragraph text_align_left lp-f-body-02\">Sur le trottoir du caf\u00e9, les soutiens de la ministre valident ce qu\u2019ils viennent d\u2019entendre. \u00ab Il y a d\u2019autres circonscriptions o\u00f9 les d\u00e9put\u00e9s ont \u00e9t\u00e9 rendus in\u00e9ligibles. Pourquoi Barnier ne s\u2019est pas pr\u00e9sent\u00e9 \u00e0 celles des Fran\u00e7ais de l\u2019\u00e9tranger ? De voir quelqu\u2019un de son envergure utilis\u00e9 comme l\u2019idiot utile de cette mani\u00e8re, c\u2019est vraiment dommage \u00bb, souffle un cadre LR, convaincu des chances de Dati dans cette l\u00e9gislative, \u00ab qu\u2019elle soit investie par le parti ou non \u00bb. \u00ab Normalement \u00bb, elle devrait \u00eatre entendue par la commission nationale d\u2019investiture lundi 28 juillet, nous glisse un autre \u00e9lu des R\u00e9publicains.<\/p>\n<p class=\"paragraph text_align_left lp-f-body-02\">Si le respect envers Michel Barnier n\u2019est pas \u00e0 remettre en cause, certains militants s\u2019interrogent tout de m\u00eame sur le fond de sa candidature. \u00ab Un d\u00e9put\u00e9 repr\u00e9sente la nation, certes. Mais il repr\u00e9sente un territoire avant tout. Il a moins de l\u00e9gitimit\u00e9 que Rachida. Il n\u2019y a pas si longtemps, il se mettait en sc\u00e8ne en Joe Biden des montagnes. L\u00e0, on le d\u00e9couvre presque en tant que Parisien. \u00c7a ne sonne pas juste \u00bb, lance Paul, 31 ans. \u00ab L\u00e0, son message, il est clair ! Les gars, ne venez pas sur mon terrain, je ne bluffe pas \u00bb, ajoute un coll\u00e8gue.<\/p>\n<p>Une simple \u00e9tape avant l\u2019H\u00f4tel de Ville ?<\/p>\n<p class=\"paragraph text_align_left lp-f-body-02\">\u00ab Cette l\u00e9gislative, c\u2019est une tr\u00e8s bonne \u00e9tape pour la municipale. Commencer par une victoire, \u00e7a serait pas mal non ? \u00bb, embraye un autre soutien de Dati. Christophe, habitant du VIIe, ne se pose pas de question. \u00ab Pour nous, c\u2019est tr\u00e8s clair. Il faut tout faire pour Paris. Qu\u2019on vienne d\u2019assister au meeting d\u2019une candidate aux l\u00e9gislatives ou aux municipales, peu importe. S\u2019il faut passer par ce marchepied, elle le fera\u2026 \u00bb<\/p>\n","protected":false},"excerpt":{"rendered":"Son chemin vers mars 2026 et les municipales \u00e9tait d\u00e9j\u00e0 long. Mais sur la route de Rachida Dati&hellip;\n","protected":false},"author":2,"featured_media":264877,"comment_status":"","ping_status":"","sticky":false,"template":"","format":"standard","meta":{"footnotes":""},"categories":[1888],"tags":[11,1777,674,1011,27,1944,12,626,25],"class_list":{"0":"post-264876","1":"post","2":"type-post","3":"status-publish","4":"format-standard","5":"has-post-thumbnail","7":"category-paris","8":"tag-actualites","9":"tag-eu","10":"tag-europe","11":"tag-fr","12":"tag-france","13":"tag-ma-ville","14":"tag-news","15":"tag-paris","16":"tag-republique-francaise"},"share_on_mastodon":{"url":"https:\/\/pubeurope.com\/@fr\/114895198965129458","error":""},"_links":{"self":[{"href":"https:\/\/www.europesays.com\/fr\/wp-json\/wp\/v2\/posts\/264876","targetHints":{"allow":["GET"]}}],"collection":[{"href":"https:\/\/www.europesays.com\/fr\/wp-json\/wp\/v2\/posts"}],"about":[{"href":"https:\/\/www.europesays.com\/fr\/wp-json\/wp\/v2\/types\/post"}],"author":[{"embeddable":true,"href":"https:\/\/www.europesays.com\/fr\/wp-json\/wp\/v2\/users\/2"}],"replies":[{"embeddable":true,"href":"https:\/\/www.europesays.com\/fr\/wp-json\/wp\/v2\/comments?post=264876"}],"version-history":[{"count":0,"href":"https:\/\/www.europesays.com\/fr\/wp-json\/wp\/v2\/posts\/264876\/revisions"}],"wp:featuredmedia":[{"embeddable":true,"href":"https:\/\/www.europesays.com\/fr\/wp-json\/wp\/v2\/media\/264877"}],"wp:attachment":[{"href":"https:\/\/www.europesays.com\/fr\/wp-json\/wp\/v2\/media?parent=264876"}],"wp:term":[{"taxonomy":"category","embeddable":true,"href":"https:\/\/www.europesays.com\/fr\/wp-json\/wp\/v2\/categories?post=264876"},{"taxonomy":"post_tag","embeddable":true,"href":"https:\/\/www.europesays.com\/fr\/wp-json\/wp\/v2\/tags?post=264876"}],"curies":[{"name":"wp","href":"https:\/\/api.w.org\/{rel}","templated":true}]}}