{"id":264878,"date":"2025-07-22T05:19:12","date_gmt":"2025-07-22T05:19:12","guid":{"rendered":"https:\/\/www.europesays.com\/fr\/264878\/"},"modified":"2025-07-22T05:19:12","modified_gmt":"2025-07-22T05:19:12","slug":"la-rencontre-prevue-mercredi-a-istanbul-nest-pas-encore-confirmee-par-moscou","status":"publish","type":"post","link":"https:\/\/www.europesays.com\/fr\/264878\/","title":{"rendered":"la rencontre pr\u00e9vue mercredi \u00e0 Istanbul n&rsquo;est pas encore confirm\u00e9e par Moscou"},"content":{"rendered":"<p>Pourparlers entre l&rsquo;Ukraine et la Russie: la rencontre pr\u00e9vue mercredi \u00e0 Istanbul n&rsquo;est pas encore confirm\u00e9e par MoscouSur le m\u00eame sujet<a href=\"https:\/\/www.bfmtv.com\/international\/asie\/russie\/video-pourparlers-entre-l-ukraine-et-la-russie-la-rencontre-prevue-mercredi-a-istanbul-n-est-pas-encore-confirmee-par-moscou_VN-202507220070.html\" title=\"Pourparlers entre l&#039;Ukraine et la Russie: la rencontre pr\u00e9vue mercredi \u00e0 Istanbul n&#039;est pas encore confirm\u00e9e par Moscou\" rel=\"nofollow noopener\" target=\"_blank\"><img width=\"16\" height=\"9\" class=\"lozad\"  alt=\"Pourparlers entre l'Ukraine et la Russie: la rencontre pr\u00e9vue mercredi \u00e0 Istanbul n'est pas encore confirm\u00e9e par Moscou\"\/>en lecturePourparlers entre l&rsquo;Ukraine et la Russie: la rencontre pr\u00e9vue mercredi \u00e0 Istanbul n&rsquo;est pas encore confirm\u00e9e par Moscou<\/a><a href=\"https:\/\/www.bfmtv.com\/international\/asie\/russie\/video-pourparlers-russie-ukraine-peut-on-esperer-un-accord-de-paix-entre-les-deux-nations_VN-202507210529.html\" title=\"Pourparlers Russie Ukraine: Peut-on esp\u00e9rer un accord de paix entre les deux nations?\" rel=\"nofollow noopener\" target=\"_blank\"><img width=\"16\" height=\"9\" class=\"lozad\"  alt=\"Pourparlers Russie Ukraine: Peut-on esp\u00e9rer un accord de paix entre les deux nations?\"\/>2:00Pourparlers Russie Ukraine: Peut-on esp\u00e9rer un accord de paix entre les deux nations?<\/a><a href=\"https:\/\/www.bfmtv.com\/politique\/video-conflit-en-ukraine-c-est-une-guerre-a-la-fois-indigne-et-lache-declare-jean-noel-barrot-en-deplacement-a-tchernobyl_VN-202507210507.html\" title=\"Conflit en Ukraine: &quot;C&#039;est une guerre \u00e0 la fois indigne et l\u00e2che&quot;, d\u00e9clare Jean-No\u00ebl Barrot en d\u00e9placement \u00e0 Tchernobyl\" rel=\"nofollow noopener\" target=\"_blank\"><img width=\"16\" height=\"9\" class=\"lozad\"  alt=\"Conflit en Ukraine: &quot;C'est une guerre \u00e0 la fois indigne et l\u00e2che&quot;, d\u00e9clare Jean-No\u00ebl Barrot en d\u00e9placement \u00e0 Tchernobyl\"\/>1:32Conflit en Ukraine: \u00ab\u00a0C&rsquo;est une guerre \u00e0 la fois indigne et l\u00e2che\u00a0\u00bb, d\u00e9clare Jean-No\u00ebl Barrot en d\u00e9placement \u00e0 Tchernobyl<\/a><a href=\"https:\/\/www.bfmtv.com\/international\/asie\/russie\/video-visite-a-kiev-jean-noel-barrot-denonce-une-guerre-d-agression-contre-la-liberte-les-nations-unies-et-l-union-europeenne_VN-202507210417.html\" title=\"Visite \u00e0 Kiev: Jean-No\u00ebl Barrot d\u00e9nonce &quot; une guerre d&#039;agression (...) contre la libert\u00e9, les Nations Unies et l&#039;Union europ\u00e9enne &quot; \" rel=\"nofollow noopener\" target=\"_blank\"><img width=\"16\" height=\"9\" class=\"lozad\"  alt=\"Visite \u00e0 Kiev: Jean-No\u00ebl Barrot d\u00e9nonce &quot; une guerre d'agression (...) contre la libert\u00e9, les Nations Unies et l'Union europ\u00e9enne &quot; \"\/>2:29Visite \u00e0 Kiev: Jean-No\u00ebl Barrot d\u00e9nonce \u00a0\u00bb une guerre d&rsquo;agression (&#8230;) contre la libert\u00e9, les Nations Unies et l&rsquo;Union europ\u00e9enne \u00ab\u00a0<\/a><a href=\"https:\/\/www.bfmtv.com\/international\/asie\/russie\/video-ces-entreprises-ukrainiennes-mobilisees-pour-l-effort-de-guerre_VN-202507210301.html\" title=\"Ces entreprises ukrainiennes mobilis\u00e9es pour l&#039;effort de guerre\" rel=\"nofollow noopener\" target=\"_blank\"><img width=\"16\" height=\"9\" class=\"lozad\"  alt=\"Ces entreprises ukrainiennes mobilis\u00e9es pour l'effort de guerre\"\/>1:25Ces entreprises ukrainiennes mobilis\u00e9es pour l&rsquo;effort de guerre<\/a><a href=\"https:\/\/www.bfmtv.com\/international\/asie\/russie\/video-ukraine-le-ministre-des-affaires-etrangeres-jean-noel-barrot-est-arrive-a-kiev_VN-202507210106.html\" title=\"Ukraine: le ministre des Affaires \u00e9trang\u00e8res, Jean-No\u00ebl Barrot, est arriv\u00e9 \u00e0 Kiev\" rel=\"nofollow noopener\" target=\"_blank\"><img width=\"16\" height=\"9\" class=\"lozad\"  alt=\"Ukraine: le ministre des Affaires \u00e9trang\u00e8res, Jean-No\u00ebl Barrot, est arriv\u00e9 \u00e0 Kiev\"\/>0:22Ukraine: le ministre des Affaires \u00e9trang\u00e8res, Jean-No\u00ebl Barrot, est arriv\u00e9 \u00e0 Kiev<\/a><a href=\"https:\/\/www.bfmtv.com\/international\/asie\/russie\/video-ukraine-les-choses-serieuses-commenceront-apres-l-ultimatum-des-50-jours-de-trump-analyse-jean-de-gliniasty-ancien-ambassadeur-de-france-en-russie_VN-202507200276.html\" title=\"Ukraine: &quot;Les choses s\u00e9rieuses commenceront apr\u00e8s l&#039;ultimatum des 50 jours de Trump&quot;, analyse Jean De Gliniasty, ancien ambassadeur de France en Russie \" rel=\"nofollow noopener\" target=\"_blank\"><img width=\"16\" height=\"9\" class=\"lozad\"  alt=\"Ukraine: &quot;Les choses s\u00e9rieuses commenceront apr\u00e8s l'ultimatum des 50 jours de Trump&quot;, analyse Jean De Gliniasty, ancien ambassadeur de France en Russie \"\/>2:45Ukraine: \u00ab\u00a0Les choses s\u00e9rieuses commenceront apr\u00e8s l&rsquo;ultimatum des 50 jours de Trump\u00a0\u00bb, analyse Jean De Gliniasty, ancien ambassadeur de France en Russie<\/a><a href=\"https:\/\/www.bfmtv.com\/international\/asie\/russie\/video-guerre-en-ukraine-kiev-propose-de-nouveaux-pourparlers-a-moscou-aucune-date-convenue-entre-les-deuxpour-le-moment_VN-202507200274.html\" title=\"Guerre en Ukraine: Kiev propose de nouveaux pourparlers \u00e0 Moscou, aucune date convenue entre les deuxpour le moment \" rel=\"nofollow noopener\" target=\"_blank\"><img width=\"16\" height=\"9\" class=\"lozad\"  alt=\"Guerre en Ukraine: Kiev propose de nouveaux pourparlers \u00e0 Moscou, aucune date convenue entre les deuxpour le moment \"\/>1:36Guerre en Ukraine: Kiev propose de nouveaux pourparlers \u00e0 Moscou, aucune date convenue entre les deuxpour le moment<\/a><a href=\"https:\/\/www.bfmtv.com\/international\/asie\/russie\/video-pourparlers-poutine-zelensky-c-est-une-maniere-habile-decrypte-le-premier-ambassadeur-de-france-en-ukraine-au-sujet-de-la-proposition-du-president-ukrainien_VN-202507200267.html\" title=\"Pourparlers Poutine\/Zelensky: &quot;C&#039;est une mani\u00e8re habile&quot;, d\u00e9crypte le premier ambassadeur de France en Ukraine au sujet de la proposition du pr\u00e9sident ukrainien\" rel=\"nofollow noopener\" target=\"_blank\"><img width=\"16\" height=\"9\" class=\"lozad\"  alt=\"Pourparlers Poutine\/Zelensky: &quot;C'est une mani\u00e8re habile&quot;, d\u00e9crypte le premier ambassadeur de France en Ukraine au sujet de la proposition du pr\u00e9sident ukrainien\"\/>1:10Pourparlers Poutine\/Zelensky: \u00ab\u00a0C&rsquo;est une mani\u00e8re habile\u00a0\u00bb, d\u00e9crypte le premier ambassadeur de France en Ukraine au sujet de la proposition du pr\u00e9sident ukrainien<\/a><a href=\"https:\/\/www.bfmtv.com\/replay-emissions\/week-end-3-d\/video-moscou-dit-vouloir-la-paix-mais-a-ses-conditions-20-07_VN-202507200268.html\" title=\"Moscou dit vouloir la paix... mais &quot;\u00e0 ses conditions&quot; - 20\/07\" rel=\"nofollow noopener\" target=\"_blank\"><img width=\"16\" height=\"9\" class=\"lozad\"  alt=\"Moscou dit vouloir la paix... mais &quot;\u00e0 ses conditions&quot; - 20\/07\"\/>7:08Moscou dit vouloir la paix&#8230; mais \u00ab\u00a0\u00e0 ses conditions\u00a0\u00bb &#8211; 20\/07<\/a><a href=\"https:\/\/www.bfmtv.com\/replay-emissions\/week-end-3-d\/video-nucleaire-poutine-a-recu-un-haut-grade-iranien-20-07_VN-202507200266.html\" title=\"Nucl\u00e9aire : Poutine a re\u00e7u un haut grad\u00e9 iranien - 20\/07\" rel=\"nofollow noopener\" target=\"_blank\"><img width=\"16\" height=\"9\" class=\"lozad\"  alt=\"Nucl\u00e9aire : Poutine a re\u00e7u un haut grad\u00e9 iranien - 20\/07\"\/>11:56Nucl\u00e9aire : Poutine a re\u00e7u un haut grad\u00e9 iranien &#8211; 20\/07<\/a><a href=\"https:\/\/www.bfmtv.com\/replay-emissions\/week-end-3-d\/video-moscou-dit-vouloir-la-paix-mais-a-ses-conditions-20-07_VN-202507200261.html\" title=\"Moscou dit vouloir la paix... mais &quot;\u00e0 ses conditions&quot; - 20\/07\" rel=\"nofollow noopener\" target=\"_blank\"><img width=\"16\" height=\"9\" class=\"lozad\"  alt=\"Moscou dit vouloir la paix... mais &quot;\u00e0 ses conditions&quot; - 20\/07\"\/>13:46Moscou dit vouloir la paix&#8230; mais \u00ab\u00a0\u00e0 ses conditions\u00a0\u00bb &#8211; 20\/07<\/a><a href=\"https:\/\/www.bfmtv.com\/international\/asie\/russie\/video-ukraine-vladimir-poutine-ne-rencontrera-volodymyr-zelensky-que-s-il-y-a-donald-trump-assure-ulrich-bounat-analyste-geopolitique_VN-202507200252.html\" title=\"Ukraine: &quot;Vladimir Poutine ne rencontrera Volodymyr Zelensky que s&#039;il y a Donald Trump&quot;, assure Ulrich Bounat, analyste g\u00e9opolitique\" rel=\"nofollow noopener\" target=\"_blank\"><img width=\"16\" height=\"9\" class=\"lozad\"  alt=\"Ukraine: &quot;Vladimir Poutine ne rencontrera Volodymyr Zelensky que s'il y a Donald Trump&quot;, assure Ulrich Bounat, analyste g\u00e9opolitique\"\/>1:00Ukraine: \u00ab\u00a0Vladimir Poutine ne rencontrera Volodymyr Zelensky que s&rsquo;il y a Donald Trump\u00a0\u00bb, assure Ulrich Bounat, analyste g\u00e9opolitique<\/a><a href=\"https:\/\/www.bfmtv.com\/international\/asie\/russie\/video-guerre-en-ukraine-le-president-poutine-a-exprime-son-souhait-de-parvenir-a-un-reglement-pacifique-declare-le-porte-parole-du-kremlin_VN-202507200249.html\" title=\"Guerre en Ukraine: &quot;Le pr\u00e9sident Poutine a exprim\u00e9 son souhait de parvenir \u00e0 un r\u00e9glement  pacifique&quot;, d\u00e9clare le porte-parole du Kremlin\" rel=\"nofollow noopener\" target=\"_blank\"><img width=\"16\" height=\"9\" class=\"lozad\"  alt=\"Guerre en Ukraine: &quot;Le pr\u00e9sident Poutine a exprim\u00e9 son souhait de parvenir \u00e0 un r\u00e9glement  pacifique&quot;, d\u00e9clare le porte-parole du Kremlin\"\/>0:34Guerre en Ukraine: \u00ab\u00a0Le pr\u00e9sident Poutine a exprim\u00e9 son souhait de parvenir \u00e0 un r\u00e9glement pacifique\u00a0\u00bb, d\u00e9clare le porte-parole du Kremlin<\/a><a class=\"jumpToVideo\" target=\"_blank\"><img class=\"thumbnailPreview\"\/><\/a><\/p>\n","protected":false},"excerpt":{"rendered":"Pourparlers entre l&rsquo;Ukraine et la Russie: la rencontre pr\u00e9vue mercredi \u00e0 Istanbul n&rsquo;est pas encore confirm\u00e9e par MoscouSur&hellip;\n","protected":false},"author":2,"featured_media":264879,"comment_status":"","ping_status":"","sticky":false,"template":"","format":"standard","meta":{"footnotes":""},"categories":[1591],"tags":[11,1887,12,1885,1886,132],"class_list":{"0":"post-264878","1":"post","2":"type-post","3":"status-publish","4":"format-standard","5":"has-post-thumbnail","7":"category-russie","8":"tag-actualites","9":"tag-federation-de-russie","10":"tag-news","11":"tag-russia","12":"tag-russian-federation","13":"tag-russie"},"share_on_mastodon":{"url":"https:\/\/pubeurope.com\/@fr\/114895202815822704","error":""},"_links":{"self":[{"href":"https:\/\/www.europesays.com\/fr\/wp-json\/wp\/v2\/posts\/264878","targetHints":{"allow":["GET"]}}],"collection":[{"href":"https:\/\/www.europesays.com\/fr\/wp-json\/wp\/v2\/posts"}],"about":[{"href":"https:\/\/www.europesays.com\/fr\/wp-json\/wp\/v2\/types\/post"}],"author":[{"embeddable":true,"href":"https:\/\/www.europesays.com\/fr\/wp-json\/wp\/v2\/users\/2"}],"replies":[{"embeddable":true,"href":"https:\/\/www.europesays.com\/fr\/wp-json\/wp\/v2\/comments?post=264878"}],"version-history":[{"count":0,"href":"https:\/\/www.europesays.com\/fr\/wp-json\/wp\/v2\/posts\/264878\/revisions"}],"wp:featuredmedia":[{"embeddable":true,"href":"https:\/\/www.europesays.com\/fr\/wp-json\/wp\/v2\/media\/264879"}],"wp:attachment":[{"href":"https:\/\/www.europesays.com\/fr\/wp-json\/wp\/v2\/media?parent=264878"}],"wp:term":[{"taxonomy":"category","embeddable":true,"href":"https:\/\/www.europesays.com\/fr\/wp-json\/wp\/v2\/categories?post=264878"},{"taxonomy":"post_tag","embeddable":true,"href":"https:\/\/www.europesays.com\/fr\/wp-json\/wp\/v2\/tags?post=264878"}],"curies":[{"name":"wp","href":"https:\/\/api.w.org\/{rel}","templated":true}]}}