{"id":264886,"date":"2025-07-22T05:23:10","date_gmt":"2025-07-22T05:23:10","guid":{"rendered":"https:\/\/www.europesays.com\/fr\/264886\/"},"modified":"2025-07-22T05:23:10","modified_gmt":"2025-07-22T05:23:10","slug":"et-a-la-fin-cest-lallemagne-qui-gagne","status":"publish","type":"post","link":"https:\/\/www.europesays.com\/fr\/264886\/","title":{"rendered":"Et \u00e0 la fin c\u2019est\u2026 l\u2019Allemagne qui gagne"},"content":{"rendered":"<p>On conna\u00eet le refrain longtemps tr\u00e8s \u00e0 la mode dans les stades de foot. Encore la veille, \u00e0 B\u00e2le, lors de l\u2019Euro f\u00e9minin. N\u2019est-ce-pas les Bleues ? \u00c0 p\u00e9tanque, c\u2018\u00e9tait plut\u00f4t, \u00ab\u00a0Et \u00e0 la fin, c\u2019est la France qui gagne !\u00a0\u00bb Mais \u00e7a, c\u2019\u00e9tait avant.<\/p>\n<p>Enfin, on pensait qu\u2019apr\u00e8s la victoire de haute lutte, samedi, de Micka\u00ebl Bonetto dans le championnat d\u2019Europe de tir de pr\u00e9cision, notamment apr\u00e8s une demi-finale d\u2019anthologie conclue \u00ab\u00a0\u00e0 la mort subite\u00a0\u00bb contre Diego Rizzi, l\u2019\u00e9quipe de France qui, jusque-l\u00e0, avait \u00e9cras\u00e9 tous ses adversaires, allait r\u00e9cidiver, ce dimanche, en triplettes.<\/p>\n<p>Que nenni ! Et \u00e0 la fin, c\u2019est l\u2019Allemagne qui gagna. 13 \u00e0 7 : le score est net et sans bavure. M\u00eame s\u2019ils avaient lamin\u00e9 (13 \u00e0 2) ces m\u00eames Germaniques en phase de groupe, les Tricolore auraient d\u00fb se m\u00e9fier. Surtout dix jours apr\u00e8s l\u2019\u00e9chec, sur ces m\u00eames terrains de Santa Susanna, du quatuor Fazzino-Loy-Suchaud-Delom contre la Suisse lors de l\u2019Euro v\u00e9t\u00e9rans et a fortiori apr\u00e8s la performance des Teutons, tombeurs (13 \u00e0 11) en huiti\u00e8mes de finale des champions du monde italiens Diego Rizzi, Andrea Chiapello et Florian Cometto.<\/p>\n<p>L\u2019Allemagne championne d\u2019Europe, on aura tout vu ! Tout fout le camp, ma bonne dame !<\/p>\n<p><b>TRIPLETTES<\/b><\/p>\n<p>&#8211; <b>Groupe :<\/b> <b>France (Micka\u00ebl Bonetto, Yohan Cousin, David Doerr, Ludovic Montoro)<\/b> bat Isra\u00ebl \u00e0 1, Hongrie \u00e0 2, Portugal \u00e0 1, Belgique \u00e0 1 et Allemagne \u00e0 2.<\/p>\n<p><b>&#8211; 8e de finale :<\/b> <b>France, 13<\/b> \u2013 Turquie, 0 <b>; \u00bc de finale :<\/b> France, 13 \u2013 Arm\u00e9nie, 5.<\/p>\n<p><b>&#8211; Demi-finales : France, 13<\/b> \u2013 Espagne, 5 ; Allemagne, 13 \u2013 Pays-Bas, 1<\/p>\n<p><b>&#8211; Finale : France (Bonetto, Doerr, Montoro, rempla\u00e7ant : Cousin), 7 <\/b>\u2013 Allemagne (Tobias Mueller, Matthias Laukart, Daniel Reichert, Moritz Rosik), 13.<\/p>\n<p><b>TIR DE PR\u00c9CISION<\/b><\/p>\n<p>&#8211; Qualification : <b>1- Micka\u00ebl Bonetto, 55 points ; <\/b>2- Michel Hachadourian (Arm\u00e9nie), 40 pts ; 3- Maris Newerkla (Autriche), 40 pts ; 4- Diego Rizzi (Italie), 40 pts ; 5- Logan Baton (Belgique), 39.<\/p>\n<p><b>&#8211; 8e de finale : Bonetto<\/b> bat Veli Kirici (Turquie) ; <b>\u00bc de finale : <\/b><b>Bonetto, 35<\/b> \u2013 Nagy (Hongrie), 27.<\/p>\n<p><b>&#8211; Demi-finales : Bonteto, 48<\/b> \u2013 Rizzi (Italie), 48 (<b>Bonetto, 72 \u00e0 69 au tir de d\u00e9partage<\/b>) ; Hatchadourian, 45 \u2013 Joseph Rivi\u00e8re (Monaco), 30.<\/p>\n<p><b>&#8211; Finale : Micka\u00ebl Bonetto (Nice, France), 39 \u2013 <\/b>Michel Hatchadourian (Aix-en-Provence, Arm\u00e9nie), 24.<\/p>\n","protected":false},"excerpt":{"rendered":"On conna\u00eet le refrain longtemps tr\u00e8s \u00e0 la mode dans les stades de foot. Encore la veille, \u00e0&hellip;\n","protected":false},"author":2,"featured_media":264887,"comment_status":"","ping_status":"","sticky":false,"template":"","format":"standard","meta":{"footnotes":""},"categories":[1587],"tags":[11,672,1804,1805,1803,1777,674,1801,12,1802],"class_list":{"0":"post-264886","1":"post","2":"type-post","3":"status-publish","4":"format-standard","5":"has-post-thumbnail","7":"category-allemagne","8":"tag-actualites","9":"tag-allemagne","10":"tag-bundesrepublik-deutschland","11":"tag-de","12":"tag-deutschland","13":"tag-eu","14":"tag-europe","15":"tag-germany","16":"tag-news","17":"tag-republique-federale-dallemagne"},"share_on_mastodon":{"url":"https:\/\/pubeurope.com\/@fr\/114895218503254781","error":""},"_links":{"self":[{"href":"https:\/\/www.europesays.com\/fr\/wp-json\/wp\/v2\/posts\/264886","targetHints":{"allow":["GET"]}}],"collection":[{"href":"https:\/\/www.europesays.com\/fr\/wp-json\/wp\/v2\/posts"}],"about":[{"href":"https:\/\/www.europesays.com\/fr\/wp-json\/wp\/v2\/types\/post"}],"author":[{"embeddable":true,"href":"https:\/\/www.europesays.com\/fr\/wp-json\/wp\/v2\/users\/2"}],"replies":[{"embeddable":true,"href":"https:\/\/www.europesays.com\/fr\/wp-json\/wp\/v2\/comments?post=264886"}],"version-history":[{"count":0,"href":"https:\/\/www.europesays.com\/fr\/wp-json\/wp\/v2\/posts\/264886\/revisions"}],"wp:featuredmedia":[{"embeddable":true,"href":"https:\/\/www.europesays.com\/fr\/wp-json\/wp\/v2\/media\/264887"}],"wp:attachment":[{"href":"https:\/\/www.europesays.com\/fr\/wp-json\/wp\/v2\/media?parent=264886"}],"wp:term":[{"taxonomy":"category","embeddable":true,"href":"https:\/\/www.europesays.com\/fr\/wp-json\/wp\/v2\/categories?post=264886"},{"taxonomy":"post_tag","embeddable":true,"href":"https:\/\/www.europesays.com\/fr\/wp-json\/wp\/v2\/tags?post=264886"}],"curies":[{"name":"wp","href":"https:\/\/api.w.org\/{rel}","templated":true}]}}