{"id":264894,"date":"2025-07-22T05:27:14","date_gmt":"2025-07-22T05:27:14","guid":{"rendered":"https:\/\/www.europesays.com\/fr\/264894\/"},"modified":"2025-07-22T05:27:14","modified_gmt":"2025-07-22T05:27:14","slug":"star-du-cosby-show-malcolm-jamal-warner-est-mort-au-costa-rica","status":"publish","type":"post","link":"https:\/\/www.europesays.com\/fr\/264894\/","title":{"rendered":"Star du \u00ab\u00a0Cosby Show\u00a0\u00bb, Malcolm-Jamal Warner est mort au Costa Rica"},"content":{"rendered":"<p class=\"article-p mdl\">Le \u00ab\u00a0Cosby Show\u00a0\u00bb a perdu l&rsquo;un de ses acteurs phares. <strong>Malcolm-Jamal Warner<\/strong>, qui incarnait Theo, le cadet de la famille Huxtable dans la c\u00e9l\u00e8bre s\u00e9rie des ann\u00e9es 1980, <strong>est d\u00e9c\u00e9d\u00e9<\/strong>, ce lundi 21 juillet.<\/p>\n<p class=\"article-p mdl\">Le com\u00e9dien est <strong>mort \u00ab\u00a0par asphyxie\u00a0\u00bb apr\u00e8s s&rsquo;\u00eatre noy\u00e9 sur la plage de Coles de Cahuita<\/strong>, au sud-est du Costa Rica, o\u00f9 il se trouvait en vacances, a annonc\u00e9 la police de ce pays.\u00a0\u00ab\u00a0Un courant l&rsquo;aurait apparemment pouss\u00e9 au large\u00a0\u00bb pendant sa baignade, selon le rapport. Il a \u00e9t\u00e9 secouru par des personnes se trouvant sur la plage, mais des membres de la Croix-Rouge ont ensuite constat\u00e9 qu&rsquo;il \u00e9tait \u00ab\u00a0sans signes vitaux\u00a0\u00bb.<\/p>\n<p class=\"article-p mdl\">\u00c2g\u00e9 de 54 ans, le com\u00e9dien avait \u00e9t\u00e9 <strong>nomm\u00e9 aux Emmy Awards<\/strong>, \u00e9quivalent des Oscars de la t\u00e9l\u00e9vision am\u00e9ricaine, pour ce r\u00f4le dans le \u00ab\u00a0Cosby Show\u00a0\u00bb. Cette s\u00e9rie a <strong>marqu\u00e9 toute une g\u00e9n\u00e9ration aux \u00c9tats-Unis<\/strong>,\u00a0en chroniquant le destin d&rsquo;une famille afro-am\u00e9ricaine de la classe moyenne sup\u00e9rieure.<\/p>\n<p class=\"article-p mdl\">Apr\u00e8s la s\u00e9rie, Malcolm-Jamal Warner a poursuivi sa carri\u00e8re d&rsquo;acteur. Il a notamment eu <strong>son propre feuilleton, intitul\u00e9 \u00ab\u00a0Malcolm &amp; Eddie\u00a0\u00bb<\/strong>, et est apparu dans la s\u00e9rie \u00ab\u00a0Sons of Anarchy\u00a0\u00bb.<\/p>\n<p>    La r\u00e9daction vous recommande<\/p>\n<p class=\"s-newsletter__title\">\n                L\u2019actualit\u00e9 par la r\u00e9daction de RTL dans votre bo\u00eete mail.\n            <\/p>\n<p class=\"s-newsletter__subtitle\">\n                Gr\u00e2ce \u00e0 votre compte RTL abonnez-vous \u00e0 la newsletter RTL info pour suivre toute l&rsquo;actualit\u00e9 au quotidien\n            <\/p>\n<p>\n                                    Lire la suite\n                                <\/p>\n","protected":false},"excerpt":{"rendered":"Le \u00ab\u00a0Cosby Show\u00a0\u00bb a perdu l&rsquo;un de ses acteurs phares. Malcolm-Jamal Warner, qui incarnait Theo, le cadet de&hellip;\n","protected":false},"author":2,"featured_media":264895,"comment_status":"","ping_status":"","sticky":false,"template":"","format":"standard","meta":{"footnotes":""},"categories":[2],"tags":[11,251,73,107,1011,27,12,25,1314,252],"class_list":{"0":"post-264894","1":"post","2":"type-post","3":"status-publish","4":"format-standard","5":"has-post-thumbnail","7":"category-actualites","8":"tag-actualites","9":"tag-culture","10":"tag-etats-unis","11":"tag-fil-info","12":"tag-fr","13":"tag-france","14":"tag-news","15":"tag-republique-francaise","16":"tag-series","17":"tag-television"},"share_on_mastodon":{"url":"https:\/\/pubeurope.com\/@fr\/114895234233966836","error":""},"_links":{"self":[{"href":"https:\/\/www.europesays.com\/fr\/wp-json\/wp\/v2\/posts\/264894","targetHints":{"allow":["GET"]}}],"collection":[{"href":"https:\/\/www.europesays.com\/fr\/wp-json\/wp\/v2\/posts"}],"about":[{"href":"https:\/\/www.europesays.com\/fr\/wp-json\/wp\/v2\/types\/post"}],"author":[{"embeddable":true,"href":"https:\/\/www.europesays.com\/fr\/wp-json\/wp\/v2\/users\/2"}],"replies":[{"embeddable":true,"href":"https:\/\/www.europesays.com\/fr\/wp-json\/wp\/v2\/comments?post=264894"}],"version-history":[{"count":0,"href":"https:\/\/www.europesays.com\/fr\/wp-json\/wp\/v2\/posts\/264894\/revisions"}],"wp:featuredmedia":[{"embeddable":true,"href":"https:\/\/www.europesays.com\/fr\/wp-json\/wp\/v2\/media\/264895"}],"wp:attachment":[{"href":"https:\/\/www.europesays.com\/fr\/wp-json\/wp\/v2\/media?parent=264894"}],"wp:term":[{"taxonomy":"category","embeddable":true,"href":"https:\/\/www.europesays.com\/fr\/wp-json\/wp\/v2\/categories?post=264894"},{"taxonomy":"post_tag","embeddable":true,"href":"https:\/\/www.europesays.com\/fr\/wp-json\/wp\/v2\/tags?post=264894"}],"curies":[{"name":"wp","href":"https:\/\/api.w.org\/{rel}","templated":true}]}}