{"id":264898,"date":"2025-07-22T05:31:10","date_gmt":"2025-07-22T05:31:10","guid":{"rendered":"https:\/\/www.europesays.com\/fr\/264898\/"},"modified":"2025-07-22T05:31:10","modified_gmt":"2025-07-22T05:31:10","slug":"jalil-narjissi-reclame-justice-on-ne-peut-pas-avoir-la-paix-avec-un-drame-comme-ca-il-y-a-des-gens-qui-mentent-qui-se-defaussent","status":"publish","type":"post","link":"https:\/\/www.europesays.com\/fr\/264898\/","title":{"rendered":"Jalil Narjissi r\u00e9clame justice : \u00ab\u00a0On ne peut pas avoir la paix avec un drame comme \u00e7a&#8230; il y a des gens qui mentent, qui se d\u00e9faussent\u00a0\u00bb"},"content":{"rendered":"<p>Cela fait d\u00e9sormais quasiment un an que le jeune rugbyman Medhi Narjissi a disparu, emport\u00e9 par une vague en Afrique du Sud, alors qu\u2019il \u00e9tait avec l\u2019\u00e9quipe de France U18.<\/p>\n<p>Interrog\u00e9 via <a href=\"https:\/\/www.ladepeche.fr\/2025\/07\/19\/entretien-disparition-de-medhi-narjissi-on-ne-retrouvera-jamais-la-paix-confie-jalil-narjissi-le-pere-un-an-apres-le-drame-12823433.php\" rel=\"nofollow noopener\" target=\"_blank\">La D\u00e9p\u00eache<\/a>, le papa de Medhi Narjissi, Jalil Narjissi a confirm\u00e9 que sa famille \u00e9tait toujours autant d\u00e9vast\u00e9e.<\/p>\n<p><strong>Celui qui s\u2019appr\u00eate \u00e0 retourner en Afrique du Sud avec son \u00e9pouse et sa fille affirme qu\u2019il n\u2019a toujours pas pu d\u00e9buter son deuil. Extrait:<\/strong><\/p>\n<p>C\u2019est un endroit maudit pour nous, mais c\u2019est malheureusement le seul lieu qui nous reste pour lui. Medhi n\u2019est jamais revenu \u00e0 la maison. Nous n\u2019avons rien pour nous recueillir. Nous n\u2019avons pas commenc\u00e9 notre deuil parce que la v\u00e9rit\u00e9 n\u2019a pas encore \u00e9t\u00e9 faite. Pour nous, c\u2019est une obligation de nous rendre l\u00e0-bas. \u00c7a nous fait tr\u00e8s mal, mais on est oblig\u00e9 de s\u2019y rendre, pour notre fils.<\/p>\n<p><strong>Il affirme s\u2019\u00eatre d\u00e9j\u00e0 rendu sur la plage o\u00f9 s\u2019est d\u00e9roul\u00e9 le drame. Extrait:<\/strong><\/p>\n<p>J\u2019y ai jet\u00e9 un collier que ma fille m\u2019avait demand\u00e9 de jeter pour son fr\u00e8re et je suis rentr\u00e9 dans l\u2019eau jusqu\u2019\u00e0 la taille. J\u2019ai failli me faire emporter. Le sable se d\u00e9robe sous les pieds. Ma femme et ma fille ont eu peur. C\u2019est un endroit tr\u00e8s dangereux, c\u2019est indiqu\u00e9 sur tous les panneaux.<\/p>\n<p><strong>Il ne manque pas d\u2019exprimer sa col\u00e8re envers la F\u00e9d\u00e9ration Fran\u00e7aise de Rugby et les responsables de la disparition de son fils. Extrait:<\/strong><\/p>\n<p>Comment voulez-vous commencer le deuil quand vous n\u2019avez pas r\u00e9cup\u00e9r\u00e9 votre fils alors que vous l\u2019avez confi\u00e9 \u00e0 une f\u00e9d\u00e9ration\u00a0? Quand vous voyez qu\u2019il n\u2019est pas rentr\u00e9 \u00e0 la maison\u00a0? Quand vous voyez les graves fautes qui ont \u00e9t\u00e9 commises par les encadrants, par l\u2019organisation de la FFR\u00a0? Aujourd\u2019hui, il y a une proc\u00e9dure qui est en cours, qui est longue. Cela fait 11 mois que Mehdi a disparu et nous sommes toujours dans l\u2019attente de r\u00e9ponses. Il y a des gens qui mentent, qui se d\u00e9faussent. Tous ces encadrants sur la plage qui ne se sont pas oppos\u00e9s \u00e0 cette mise \u00e0 l\u2019eau, qui n\u2019ont pas port\u00e9 secours \u00e0 notre fils. Voil\u00e0, c\u2019est toutes ces choses-l\u00e0, toutes ces questions qui sont sans r\u00e9ponse, qui font que notre deuil est en suspens.<\/p>\n<p><strong>Il ne le cache plus : il va d\u00e9poser plainte contre le prestataire, \u00e0 savoir Fr\u00e9d\u00e9ric Plach\u00e9si. Extrait:<\/strong><\/p>\n<p>Oui, nous allons \u00e9galement d\u00e9poser plainte contre le prestataire [Fr\u00e9d\u00e9ric Plach\u00e9si, ndlr]. C\u2019est lui qui conna\u00eet les lieux, c\u2019est \u00e0 lui de s\u2019opposer aux d\u00e9cisions dangereuses, c\u2019\u00e9tait son obligation. Il encadre les \u00e9quipes nationales fran\u00e7aises depuis plusieurs ann\u00e9es, il a une obligation de s\u00e9curit\u00e9. M\u00eame si les encadrants sont les premiers responsables, c\u2019\u00e9tait \u00e0 lui de s\u2019opposer, physiquement et verbalement, \u00e0 cette mise \u00e0 l\u2019eau. Il doit \u00eatre entendu. Et nous, bien s\u00fbr, nous comptons l\u2019attaquer en justice car il a sa responsabilit\u00e9 de ne pas s\u2019\u00eatre oppos\u00e9 \u00e0 \u00e7a. Les enfants ne sont pas all\u00e9s d\u2019eux-m\u00eames dans l\u2019eau. \u00c7a a \u00e9t\u00e9 organis\u00e9. Il y avait un prestataire qui encadrait la journ\u00e9e d\u00e9couverte. Ils \u00e9taient 25 dans l\u2019eau. Il y en a un qui a disparu\u00a0: notre fils. Imaginez s\u2019ils avaient \u00e9t\u00e9 20 ou 25 \u00e0 \u00eatre emport\u00e9s. L\u00e0, on n\u2019en parlerait s\u00fbrement plus. L\u00e0, la justice irait peut-\u00eatre aussi plus vite, m\u00eame si elle fait le maximum.<\/p>\n<p><strong>Il l\u2019affirme : la lutte judiciaire fait tenir le coup \u00e0 la famille Narjissi. Extrait:<\/strong><\/p>\n<p>Notre famille est d\u00e9truite, psychologiquement et physiquement. C\u2019est la v\u00e9rit\u00e9 pour Medhi qui nous anime. Pour qu\u2019une trag\u00e9die comme \u00e7a n\u2019arrive plus. C\u2019est le minimum qu\u2019on doit \u00e0 Medhi. Medhi, c\u2019est lui qui a perdu la vie. Et c\u2019est notre famille qui a pris perp\u00e9tuit\u00e9. Aujourd\u2019hui, on est tout seuls.<\/p>\n<p><strong>Il exprime sa grande grande souffrance et sa col\u00e8re. Extrait:<\/strong><\/p>\n<p>Mais mettez-vous \u00e0 notre place. Notre fils de 17 ans a disparu. Ils ont organis\u00e9 une session de r\u00e9cup\u00e9ration musculaire dans un endroit qui est interdit, qui est dangereux. Il y a des panneaux d\u2019indication partout. Ils \u00e9taient neuf sur la plage, neuf \u00e0 cautionner. Personne ne s\u2019y est oppos\u00e9\u2026 Il y a des panneaux, il y a des vagues de 3 \u00e0 5 m\u00e8tres. Personne n\u2019a port\u00e9 secours \u00e0 notre fils. Sauf le jeune Oscar Boutez qui \u00e9tait son copain et qui a failli mourir. Si \u00e7a avait \u00e9t\u00e9 leur enfant, est-ce qu\u2019ils l\u2019auraient laiss\u00e9 se faire emporter\u00a0? Est-ce qu\u2019ils peuvent se regarder dans une glace quand ils \u00e9duquent leurs enfants\u00a0? Ces personnes-l\u00e0 ont jou\u00e9 avec la vie de notre fils. Ils ont une responsabilit\u00e9. \u00c7a ne nous ram\u00e8nera pas notre fils, mais, bien \u00e9videmment, ces gens-l\u00e0 doivent \u00eatre radi\u00e9s d\u2019encadrement. Notre \u00e9nervement, notre col\u00e8re, notre souffrance sont l\u00e9gitimes. Quel parent, quel p\u00e8re, quelle m\u00e8re, quelle s\u0153ur ne serait pas en col\u00e8re\u00a0?<\/p>\n<p><strong>Il le crie haut et fort : il ne s\u2019agit pas d\u2019un simple accident. Extrait:<\/strong><\/p>\n<p>Ce n\u2019est pas un accident. C\u2019est l\u2019accumulation des graves fautes d\u2019encadrement, de responsabilit\u00e9, d\u2019organisation. Au plus haut niveau. Vous d\u00e9couvrez le rapport du minist\u00e8re, les erreurs accablantes, la gestion et l\u2019organisation catastrophiques de la FFR, ainsi que les graves manquements des encadrants. Ce ne sont pas juste deux personnes mises en examen. Il y a des responsabilit\u00e9s au plus haut niveau qui doivent \u00eatre mises en avant. Et quand je lis que le pr\u00e9sident de la F\u00e9d\u00e9ration se permet de dire \u00ab\u00a0ne vous trompez pas de combat\u00a0\u00bb. Quand j\u2019entends les mensonges qui sont dits. D\u2019affirmer qu\u2019on a \u00e9t\u00e9 accompagn\u00e9s, qu\u2019il a pleur\u00e9 \u00e0 nos c\u00f4t\u00e9s, c\u2019est gravissime. C\u2019est grave de se permettre de mentir sur des \u00e9v\u00e9nements pareils. Et tous ces gens autour qui cautionnent\u2026 Quand j\u2019entends que la f\u00e9d\u00e9ration dit qu\u2019ils ont mis des choses en place pour nous. Non, c\u2019est faux.<\/p>\n<p><strong>Il raconte la forte m\u00e9diatisation de la disparition de son fils. Extrait:<\/strong><\/p>\n<p>Notre fils ne doit pas \u00eatre oubli\u00e9. Il y a une catastrophe qui a \u00e9t\u00e9 commise, des fautes graves qui ont \u00e9t\u00e9 commises. Bien s\u00fbr que c\u2019est difficile pour nous de voir notre fils \u00eatre m\u00e9diatis\u00e9 pour sa perte. Avant tout \u00e7a, on parlait de lui par rapport \u00e0 ce qu\u2019il faisait sur le terrain, \u00e0 son \u00e9panouissement\u2026 Et aujourd\u2019hui, on parle de lui que pour sa disparition. \u00c7a a \u00e9t\u00e9 provoqu\u00e9 par la n\u00e9gligence, par des adultes responsables, par une f\u00e9d\u00e9ration qui n\u2019a pas mis tout en \u0153uvre pour l\u2019encadrement de mineurs, n\u2019a pas respect\u00e9 les r\u00e8gles. Aujourd\u2019hui, toutes ces fautes ont conduit \u00e0 ce drame, \u00e0 cette catastrophe. Et c\u2019est important que les gens le sachent. Il ne faut pas mentir sur le dos de notre fils.<\/p>\n<p>La paix, on ne la retrouvera jamais. On a perdu notre fils. Nous, on a pris perp\u00e8te et les responsables se d\u00e9faussent. Il faut qu\u2019ils assument leur responsabilit\u00e9, et que la justice continue \u00e0 faire son travail du mieux qu\u2019elle peut. Mais la paix, on ne l\u2019aura jamais. On ne peut pas avoir la paix avec un drame comme \u00e7a.<\/p>\n","protected":false},"excerpt":{"rendered":"Cela fait d\u00e9sormais quasiment un an que le jeune rugbyman Medhi Narjissi a disparu, emport\u00e9 par une vague&hellip;\n","protected":false},"author":2,"featured_media":264899,"comment_status":"","ping_status":"","sticky":false,"template":"","format":"standard","meta":{"footnotes":""},"categories":[1416],"tags":[1011,27,479,1468,60],"class_list":{"0":"post-264898","1":"post","2":"type-post","3":"status-publish","4":"format-standard","5":"has-post-thumbnail","7":"category-rugby","8":"tag-fr","9":"tag-france","10":"tag-rugby","11":"tag-rugby-football","12":"tag-sports"},"share_on_mastodon":{"url":"https:\/\/pubeurope.com\/@fr\/114895249959828895","error":""},"_links":{"self":[{"href":"https:\/\/www.europesays.com\/fr\/wp-json\/wp\/v2\/posts\/264898","targetHints":{"allow":["GET"]}}],"collection":[{"href":"https:\/\/www.europesays.com\/fr\/wp-json\/wp\/v2\/posts"}],"about":[{"href":"https:\/\/www.europesays.com\/fr\/wp-json\/wp\/v2\/types\/post"}],"author":[{"embeddable":true,"href":"https:\/\/www.europesays.com\/fr\/wp-json\/wp\/v2\/users\/2"}],"replies":[{"embeddable":true,"href":"https:\/\/www.europesays.com\/fr\/wp-json\/wp\/v2\/comments?post=264898"}],"version-history":[{"count":0,"href":"https:\/\/www.europesays.com\/fr\/wp-json\/wp\/v2\/posts\/264898\/revisions"}],"wp:featuredmedia":[{"embeddable":true,"href":"https:\/\/www.europesays.com\/fr\/wp-json\/wp\/v2\/media\/264899"}],"wp:attachment":[{"href":"https:\/\/www.europesays.com\/fr\/wp-json\/wp\/v2\/media?parent=264898"}],"wp:term":[{"taxonomy":"category","embeddable":true,"href":"https:\/\/www.europesays.com\/fr\/wp-json\/wp\/v2\/categories?post=264898"},{"taxonomy":"post_tag","embeddable":true,"href":"https:\/\/www.europesays.com\/fr\/wp-json\/wp\/v2\/tags?post=264898"}],"curies":[{"name":"wp","href":"https:\/\/api.w.org\/{rel}","templated":true}]}}