{"id":264900,"date":"2025-07-22T05:32:12","date_gmt":"2025-07-22T05:32:12","guid":{"rendered":"https:\/\/www.europesays.com\/fr\/264900\/"},"modified":"2025-07-22T05:32:12","modified_gmt":"2025-07-22T05:32:12","slug":"djokovic-se-rapproche-de-nadal-apres-une-nouvelle-semaine-dans-le-top-10-du-classement-atp","status":"publish","type":"post","link":"https:\/\/www.europesays.com\/fr\/264900\/","title":{"rendered":"Djokovic se rapproche de Nadal apr\u00e8s une nouvelle semaine dans le Top-10 du classement ATP"},"content":{"rendered":"<p>Novak Djokovic, 6e joueur mondial, a pass\u00e9 900 semaines dans le top 10 du classement ATP apr\u00e8s la publication de la derni\u00e8re actualisation ce lundi.<\/p>\n<p>Le Serbe n&rsquo;est plus qu&rsquo;\u00e0 12 semaines d&rsquo;\u00e9galer le total de\u00a0<b><a href=\"https:\/\/www.flashscore.fr\/joueur\/nadal-rafael\/xUwlUnRK\/\" target=\"_blank\" rel=\"nofollow noopener\">Rafael Nadal<\/a><\/b>, qui est de 912 semaines.\u00a0Le d\u00e9tenteur du record absolu dans le tennis masculin est <a href=\"https:\/\/www.flashscore.fr\/joueur\/federer-roger\/GrsQDFC0\/\" target=\"_blank\" rel=\"nofollow noopener\"><b>Roger Federer<\/b><\/a>, qui a pass\u00e9 968 semaines dans le top 10.<\/p>\n<p>Toutefois, c&rsquo;est <b><a href=\"https:\/\/www.flashscore.fr\/joueur\/djokovic-novak\/AZg49Et9\/\" target=\"_blank\" rel=\"nofollow noopener\">Djokovic<\/a> <\/b>qui d\u00e9tient le record du plus grand nombre de semaines (429) en tant que num\u00e9ro un mondial.\u00a0L&rsquo;actuel num\u00e9ro N\u00b06 mondial a pass\u00e9 une d\u00e9cennie enti\u00e8re sans quitter le top 10 de l&rsquo;ATP (du 19 mars 2007 au 5 novembre 2017).<\/p>\n<p>Il n&rsquo;a \u00e9t\u00e9 absent de l&rsquo;\u00e9lite que pendant 36 semaines, du 6 novembre 2017 au 15 juillet 2018, en raison d&rsquo;une blessure au coude. Apr\u00e8s son retour sur le circuit, le Serbe a r\u00e9int\u00e9gr\u00e9 le top 10 le 16 juillet 2018 et ne l&rsquo;a plus quitt\u00e9 depuis \u2013 soit 345 semaines cons\u00e9cutives.<\/p>\n<p><img class=\"wcl-image_MVcAW\" decoding=\"async\" loading=\"lazy\" src=\"https:\/\/www.europesays.com\/fr\/wp-content\/uploads\/2025\/07\/09fd4b38-24de-448b-b9ef-548942869e1e.jpg\" alt=\"Le top 10 actuel de l'ATP\" title=\"Le top 10 actuel de l'ATP\" itemprop=\"image\"\/>Le top 10 actuel de l&rsquo;ATPFlashscore<\/p>\n<p>Cette saison, le Serbe a atteint d&rsquo;autres sommets, comme son 100\u1d49 titre en carri\u00e8re, sa 100\u1d49 victoire \u00e0 <b>Roland-Garros<\/b> et sa 100\u1d49 victoire \u00e0 <b>Wimbledon<\/b>.<\/p>\n","protected":false},"excerpt":{"rendered":"Novak Djokovic, 6e joueur mondial, a pass\u00e9 900 semaines dans le top 10 du classement ATP apr\u00e8s la&hellip;\n","protected":false},"author":2,"featured_media":264901,"comment_status":"","ping_status":"","sticky":false,"template":"","format":"standard","meta":{"footnotes":""},"categories":[1415],"tags":[1011,27,60,1467],"class_list":{"0":"post-264900","1":"post","2":"type-post","3":"status-publish","4":"format-standard","5":"has-post-thumbnail","7":"category-tennis","8":"tag-fr","9":"tag-france","10":"tag-sports","11":"tag-tennis"},"share_on_mastodon":{"url":"https:\/\/pubeurope.com\/@fr\/114895253881631752","error":""},"_links":{"self":[{"href":"https:\/\/www.europesays.com\/fr\/wp-json\/wp\/v2\/posts\/264900","targetHints":{"allow":["GET"]}}],"collection":[{"href":"https:\/\/www.europesays.com\/fr\/wp-json\/wp\/v2\/posts"}],"about":[{"href":"https:\/\/www.europesays.com\/fr\/wp-json\/wp\/v2\/types\/post"}],"author":[{"embeddable":true,"href":"https:\/\/www.europesays.com\/fr\/wp-json\/wp\/v2\/users\/2"}],"replies":[{"embeddable":true,"href":"https:\/\/www.europesays.com\/fr\/wp-json\/wp\/v2\/comments?post=264900"}],"version-history":[{"count":0,"href":"https:\/\/www.europesays.com\/fr\/wp-json\/wp\/v2\/posts\/264900\/revisions"}],"wp:featuredmedia":[{"embeddable":true,"href":"https:\/\/www.europesays.com\/fr\/wp-json\/wp\/v2\/media\/264901"}],"wp:attachment":[{"href":"https:\/\/www.europesays.com\/fr\/wp-json\/wp\/v2\/media?parent=264900"}],"wp:term":[{"taxonomy":"category","embeddable":true,"href":"https:\/\/www.europesays.com\/fr\/wp-json\/wp\/v2\/categories?post=264900"},{"taxonomy":"post_tag","embeddable":true,"href":"https:\/\/www.europesays.com\/fr\/wp-json\/wp\/v2\/tags?post=264900"}],"curies":[{"name":"wp","href":"https:\/\/api.w.org\/{rel}","templated":true}]}}