{"id":264902,"date":"2025-07-22T05:34:10","date_gmt":"2025-07-22T05:34:10","guid":{"rendered":"https:\/\/www.europesays.com\/fr\/264902\/"},"modified":"2025-07-22T05:34:10","modified_gmt":"2025-07-22T05:34:10","slug":"moreira-coequipier-de-zarco-en-2026","status":"publish","type":"post","link":"https:\/\/www.europesays.com\/fr\/264902\/","title":{"rendered":"Moreira co\u00e9quipier de Zarco en 2026 ?"},"content":{"rendered":"<p>&#13;<\/p>\n<p><strong>Diogo Moreira aurait \u00e9t\u00e9 approch\u00e9 par Honda pour rejoindre l&rsquo;\u00e9quipe LCR en 2026. Il remplacerait Somkiat Chantra et deviendrait ainsi co\u00e9quipier de Johann Zarco.<\/strong><\/p>\n<p>La r\u00e9daction avait eu vent de l&rsquo;int\u00e9r\u00eat provoqu\u00e9 par <strong>Diogo Moreira<\/strong> en MotoGP. Le Br\u00e9silien a \u00e9t\u00e9 contact\u00e9 il y a quelques semaines, au point que l&rsquo;\u00e9quipe Italtrans ne se soit mise \u00e0 lui chercher un rempla\u00e7ant en Moto2 en 2026. La piste principale entra\u00eenait vers Yamaha, mais Honda serait \u00e9galement sur le coup. Une r\u00e9v\u00e9lation qui provient de la t\u00e9l\u00e9vision italienne Sky.<\/p>\n<p>D&rsquo;apr\u00e8s le diffuseur du MotoGP en Italie, Moreira a re\u00e7u une proposition de trois ans de contrat \u00e0 hauteur de 1,5 million d&rsquo;euros par an. L&rsquo;id\u00e9e serait d&rsquo;abord de l&rsquo;int\u00e9grer \u00e0 l&rsquo;\u00e9quipe LCR, avant de le faire \u00e9voluer vers la structure officielle si les choses se passent bien. Il remplacerait en 2026 <strong>Somkiat Chantra<\/strong>, qui conna\u00eet une premi\u00e8re saison difficile en MotoGP.<\/p>\n<p><strong>Co\u00e9quipier de Johann Zarco ?<\/strong><\/p>\n<p>Si Moreira rejoint Honda via le team LCR en 2026, il fera alors probablement \u00e9quipe avec <strong>Johann Zarco<\/strong>. Le Fran\u00e7ais devrait \u00eatre reconduit par le HRC, toujours dans le team de <strong>Lucio Cecchinello<\/strong>. <strong>Luca Marini <\/strong>continuerait lui dans l&rsquo;\u00e9quipe officielle aux c\u00f4t\u00e9s de <strong>Joan Mir<\/strong>.<\/p>\n<p>&#13;<br \/>\n           &#13;<br \/>\n&#13;<br \/>\n    &#13;<br \/>\n    &#13;<\/p>\n","protected":false},"excerpt":{"rendered":"&#13; Diogo Moreira aurait \u00e9t\u00e9 approch\u00e9 par Honda pour rejoindre l&rsquo;\u00e9quipe LCR en 2026. Il remplacerait Somkiat Chantra&hellip;\n","protected":false},"author":2,"featured_media":264903,"comment_status":"","ping_status":"","sticky":false,"template":"","format":"standard","meta":{"footnotes":""},"categories":[1413],"tags":[1011,27,1457,1456,60],"class_list":{"0":"post-264902","1":"post","2":"type-post","3":"status-publish","4":"format-standard","5":"has-post-thumbnail","7":"category-moto","8":"tag-fr","9":"tag-france","10":"tag-moto","11":"tag-motocycle","12":"tag-sports"},"share_on_mastodon":{"url":"https:\/\/pubeurope.com\/@fr\/114895261974372652","error":""},"_links":{"self":[{"href":"https:\/\/www.europesays.com\/fr\/wp-json\/wp\/v2\/posts\/264902","targetHints":{"allow":["GET"]}}],"collection":[{"href":"https:\/\/www.europesays.com\/fr\/wp-json\/wp\/v2\/posts"}],"about":[{"href":"https:\/\/www.europesays.com\/fr\/wp-json\/wp\/v2\/types\/post"}],"author":[{"embeddable":true,"href":"https:\/\/www.europesays.com\/fr\/wp-json\/wp\/v2\/users\/2"}],"replies":[{"embeddable":true,"href":"https:\/\/www.europesays.com\/fr\/wp-json\/wp\/v2\/comments?post=264902"}],"version-history":[{"count":0,"href":"https:\/\/www.europesays.com\/fr\/wp-json\/wp\/v2\/posts\/264902\/revisions"}],"wp:featuredmedia":[{"embeddable":true,"href":"https:\/\/www.europesays.com\/fr\/wp-json\/wp\/v2\/media\/264903"}],"wp:attachment":[{"href":"https:\/\/www.europesays.com\/fr\/wp-json\/wp\/v2\/media?parent=264902"}],"wp:term":[{"taxonomy":"category","embeddable":true,"href":"https:\/\/www.europesays.com\/fr\/wp-json\/wp\/v2\/categories?post=264902"},{"taxonomy":"post_tag","embeddable":true,"href":"https:\/\/www.europesays.com\/fr\/wp-json\/wp\/v2\/tags?post=264902"}],"curies":[{"name":"wp","href":"https:\/\/api.w.org\/{rel}","templated":true}]}}