{"id":264912,"date":"2025-07-22T05:39:34","date_gmt":"2025-07-22T05:39:34","guid":{"rendered":"https:\/\/www.europesays.com\/fr\/264912\/"},"modified":"2025-07-22T05:39:34","modified_gmt":"2025-07-22T05:39:34","slug":"les-femmes-et-la-mer-sexposent","status":"publish","type":"post","link":"https:\/\/www.europesays.com\/fr\/264912\/","title":{"rendered":"les femmes et la mer s&rsquo;exposent"},"content":{"rendered":"<p>Si beaucoup de regards sont tourn\u00e9s vers Arles, capitale de la photographie le temps des Rencontres, l\u2019\u00e9t\u00e9\u00a02025 est riche en <strong>festivals photographiques<\/strong>. Parmi cette foisonnante programmation culturelle, un \u00e9v\u00e8nement breton, le <strong>festival photo du Guilvinec, \u00ab\u00a0l\u2019Homme et la Mer\u00a0\u00bb<\/strong>, a choisi de mettre les <strong>femmes \u00e0 l\u2019honneur <\/strong>pour sa <strong>15e\u00a0\u00e9dition<\/strong>, qu\u2019elles aient embarqu\u00e9es vers le grand large ou soient rest\u00e9es \u00e0 quai.<\/p>\n<p><img decoding=\"async\" width=\"1400\" height=\"933\" loading=\"lazy\" src=\"https:\/\/www.europesays.com\/fr\/wp-content\/uploads\/2025\/07\/alexandre-delphie_portrait-1-3.jpg\" alt=\"\" class=\"wp-image-244078\"  \/>\u00a9 Delphine Alexandre, Portrait <\/p>\n<p>Les femmes et la mer : un parcours en 300\u00a0photographies<\/p>\n<p>V\u00e9ritable \u00e9cosyst\u00e8me de la cr\u00e9ation, le <a href=\"https:\/\/phototrend.fr\/tag\/le-guilvinec\/\" target=\"_blank\" rel=\"noopener\">festival du Guilvinec<\/a> propose \u00e0 son public \u2013 50\u2009000\u00a0visiteurs annuels en moyenne \u2013 de d\u00e9couvrir <strong>15\u00a0s\u00e9ries photographiques <\/strong>s\u00e9lectionn\u00e9es par son comit\u00e9 artistique, ainsi qu\u2019un choix d\u2019<strong>archives li\u00e9es au territoire<\/strong>.<\/p>\n<p>Devant ou derri\u00e8re l\u2019objectif, les femmes sont mises \u00e0 l\u2019honneur. Travail, moyens de subsistance ou croyances : <strong>les femmes ont entretenu avec la mer des liens puissants et multiples <\/strong>que cette<strong> 15e\u00a0\u00e9dition <\/strong>entend rendre enfin visibles.<\/p>\n<p><img decoding=\"async\" width=\"1400\" height=\"933\" loading=\"lazy\" src=\"https:\/\/www.europesays.com\/fr\/wp-content\/uploads\/2025\/07\/margault-demasles-17-2023-12-03-trianaun-coup-de-ven-.jpg\" alt=\"\" class=\"wp-image-244077\"  \/>\u00a9 Margault Demasles<\/p>\n<p>Un tel choix th\u00e9matique, promouvant volontairement la <strong>cr\u00e9ation au f\u00e9minin<\/strong> (seulement 2\u00a0hommes photographiant masculin ont int\u00e9gr\u00e9 la programmation) a permis aux organisateurs du festival de recevoir <strong>80\u00a0% de dossiers de femmes photographes<\/strong>. Un signal positif autant qu\u2019un indicateur de la mani\u00e8re dont les photographes s\u2019autocensurent, elles qui ne repr\u00e9sentaient que 10\u00a0% des dossiers de candidatures les ann\u00e9es pr\u00e9c\u00e9dentes. Une f\u00e9minisation qui n\u2019a en rien \u00f4t\u00e9 \u00e0 l\u2019exigence du festival puisque les 15\u00a0artistes s\u00e9lectionn\u00e9es font toutes preuves d\u2019un <strong>talent<\/strong> et d\u2019une <strong>\u00e9criture photographique<\/strong> bien \u00e0 elles.<\/p>\n<p><strong>P\u00f4le d\u00e9di\u00e9 aux photographes amateurs <\/strong>et <strong>publics<\/strong> <strong>scolaires<\/strong> ouvrent le champ d\u2019expression \u00e0 un public \u00e9largi pour une <strong>exposition s\u2019\u00e9tendant au total sur 5km<\/strong>. <strong>Conf\u00e9rences<\/strong>, <strong>projections<\/strong> et <strong>marathons photos <\/strong>compl\u00e8tent cette g\u00e9n\u00e9reuse programmation.<\/p>\n<p>D\u00e9noncer pour pr\u00e9server<\/p>\n<p>Parmis les 15 s\u00e9ries expos\u00e9es, nombreuses sont celles \u00e0 t\u00e9moigner de la <strong>fragilit\u00e9 de l\u2019\u00e9cosyst\u00e8me marin<\/strong>. Avec<strong> Naphta Tribes<\/strong>, portraits de \u00ab\u00a0guerriers\u00a0\u00bb arm\u00e9s de plastique<strong>,<\/strong> la photographe fran\u00e7aise <strong>Fab Rideti<\/strong>, t\u00eate d\u2019affiche de cette \u00e9dition, attire l\u2019attention sur la <strong>pollution plastique des oc\u00e9ans<\/strong> et ses fondateurs imaginaires du 7e continent.<\/p>\n<p><img decoding=\"async\" width=\"1400\" height=\"2100\" loading=\"lazy\" src=\"https:\/\/www.europesays.com\/fr\/wp-content\/uploads\/2025\/07\/fab-rideti-naphta-tribes-2-copyright.jpg\" alt=\"\" class=\"wp-image-244081\"  \/>Naphta Tribes \u00a9 Fab Rideti<\/p>\n<p>Du c\u00f4t\u00e9 du S\u00e9n\u00e9gal, <strong>Delphine Alexandre <\/strong>d\u00e9nonce la <strong>surp\u00eache<\/strong> due aux navires industriels \u00e9trangers. Sur leurs flancs, les pirogues des p\u00eacheurs autochtones priv\u00e9s de nourriture. Garde-manger des <strong>Inuits<\/strong>, la banquise et son permafrost, dont la fonte s\u2019acc\u00e9l\u00e8re, sont dans l\u2019objectif de <strong>Natalya Saprunova<\/strong> qui confirme \u00e0 Guilvinec sa place dans une programmation engag\u00e9e.<\/p>\n<p><img decoding=\"async\" width=\"1400\" height=\"933\" loading=\"lazy\" data-id=\"244083\" src=\"https:\/\/www.europesays.com\/fr\/wp-content\/uploads\/2025\/07\/natalya-saprunova_menace-pour-les-iuvialuit_01.jpg\" alt=\"\" class=\"wp-image-244083\"  \/>Menace pour les Iuvialuit \u00a9 Natalya Saprunova<\/p>\n<p>Adepte d\u2019une pratique plasticienne et po\u00e9tique, <strong>Louise A. Depaume<\/strong> r\u00e9alise quant \u00e0 elle des <strong>cyanotypes<\/strong> o\u00f9 le bleu de Prusse et celui de l\u2019oc\u00e9an se rencontrent pour souligner l\u2019abandon des corps.\u00a0<\/p>\n<p><img decoding=\"async\" width=\"1400\" height=\"931\" loading=\"lazy\" src=\"https:\/\/www.europesays.com\/fr\/wp-content\/uploads\/2025\/07\/depaume_louisea_trouble-013-2.jpg\" alt=\"\" class=\"wp-image-244079\"  \/>Trouble \u00a9 Louise A. Depaume<\/p>\n<p>Vivre de et pour la mer <\/p>\n<p>Fier de son ancrage, le festival breton pr\u00e9sente les images de <strong>Mathieu M\u00e9nard<\/strong>. Deux ans durant, le photographe a suivi le <strong>travail de femme vivant de la mer\u00a0<\/strong>: p\u00eacheuse, ostr\u00e9icultrice, capitaine ou man\u0153uvrier de la Marine nationale\u2026 autant de portrait prouvant que le genre reste \u00e0 quai.\u00a0<\/p>\n<p><img decoding=\"async\" width=\"1400\" height=\"933\" loading=\"lazy\" src=\"https:\/\/www.europesays.com\/fr\/wp-content\/uploads\/2025\/07\/menard_de-sel-et-de-vie_femmes-mer_002.jpg\" alt=\"\" class=\"wp-image-244082\"  \/>De Sel et de Vie \u00a9 Mathieu Menard<\/p>\n<p>Du c\u00f4t\u00e9 des <strong>archives photographiques,<\/strong> 2 s\u00e9ries sont \u00e0 l\u2019honneur :<strong> C\u00f4t\u00e9 mer : les femmes sont \u00e0 terre <\/strong>r\u00e9unit des photos d\u2019anonymes tandis que <strong>C\u2019est dans la bo\u00eete <\/strong>est consacr\u00e9e \u00e0 <strong>F\u00e9lix Le Garrec<\/strong> qui a pouss\u00e9 les portes de la conserverie familiale pour immortaliser les femmes au travail dans les ann\u00e9es 60. <\/p>\n<p>Embarqu\u00e9e \u00e0 bord d\u2019un chalutier aux c\u00f4t\u00e9s de la <strong>premi\u00e8re femme patronne de chalutier semi-industriel<\/strong>, <strong>H\u00e9l\u00e8ne David <\/strong>t\u00e9moigne en images des conditions de vie de l\u2019\u00e9quipage et des liens scell\u00e9s par l\u2019adversit\u00e9 face aux \u00e9l\u00e9ments. Une vie \u00e0 bord dont <strong>Margault Desmales<\/strong> a \u00e9galement fait l\u2019exp\u00e9rience. Partie pour <strong>8\u00a0mois de courses en mer \u00e0 bord d\u2019un voilier<\/strong> \u00e0 l\u2019occasion de l\u2019<strong>Oc\u00e9an Globe Race<\/strong>, un<strong> tour du monde \u00e0 la voile qui bannit la haute technologie<\/strong>, la photographe a v\u00e9cu l\u2019aventure d\u2019une vie.<\/p>\n<p><img decoding=\"async\" width=\"1400\" height=\"933\" loading=\"lazy\" data-id=\"244080\" src=\"https:\/\/www.europesays.com\/fr\/wp-content\/uploads\/2025\/07\/david-helene_mareedenoel02.jpg\" alt=\"\" class=\"wp-image-244080\"  \/>Mar\u00e9e de Noel \u00a9 H\u00e9l\u00e8ne David<\/p>\n<p>Bien d\u2019autres regards et talentueuses photographes sont \u00e0 retrouver tout au long du parcours, pour une \u00e9dition r\u00e9solument plurielle et inspirante.\u00a0Un festival \u00e0 d\u00e9couvrir <strong>jusqu\u2019au 31\u00a0octobre 2025,<\/strong> bien apr\u00e8s que l\u2019\u00e9t\u00e9 se soit retir\u00e9.\u00a0<\/p>\n<p><strong>Informations pratiques :<\/strong><br \/><a href=\"https:\/\/www.festivalphotoduguilvinec.bzh\" target=\"_blank\" rel=\"noopener\">Festival photo du Guilvinec <br \/><\/a>15e \u00e9dition \u00ab\u00a0Les Femmes et la Mer\u00a0\u00bb<br \/>Du 1er\u00a0juin au 31\u00a0octobre 2025<br \/>Mairie du Guivinec, 33 Rue de la Marine, 29730 Guilvinec<br \/>Acc\u00e8s libre<\/p>\n","protected":false},"excerpt":{"rendered":"Si beaucoup de regards sont tourn\u00e9s vers Arles, capitale de la photographie le temps des Rencontres, l\u2019\u00e9t\u00e9\u00a02025 est&hellip;\n","protected":false},"author":2,"featured_media":264913,"comment_status":"","ping_status":"","sticky":false,"template":"","format":"standard","meta":{"footnotes":""},"categories":[1358],"tags":[1348,1384,1385,1386,58,59,40446,40447,849,1011,27,40448,40449,40450,40451,40452,40453],"class_list":{"0":"post-264912","1":"post","2":"type-post","3":"status-publish","4":"format-standard","5":"has-post-thumbnail","7":"category-arts-et-design","8":"tag-arts","9":"tag-arts-and-design","10":"tag-arts-et-design","11":"tag-design","12":"tag-divertissement","13":"tag-entertainment","14":"tag-expo-photo","15":"tag-fab-rideti","16":"tag-festival","17":"tag-fr","18":"tag-france","19":"tag-helene-david","20":"tag-le-guilvinec","21":"tag-louise-a-depaume","22":"tag-margault-demasles","23":"tag-mathieu-menard","24":"tag-natalya-saprunova"},"share_on_mastodon":{"url":"https:\/\/pubeurope.com\/@fr\/114895281609203577","error":""},"_links":{"self":[{"href":"https:\/\/www.europesays.com\/fr\/wp-json\/wp\/v2\/posts\/264912","targetHints":{"allow":["GET"]}}],"collection":[{"href":"https:\/\/www.europesays.com\/fr\/wp-json\/wp\/v2\/posts"}],"about":[{"href":"https:\/\/www.europesays.com\/fr\/wp-json\/wp\/v2\/types\/post"}],"author":[{"embeddable":true,"href":"https:\/\/www.europesays.com\/fr\/wp-json\/wp\/v2\/users\/2"}],"replies":[{"embeddable":true,"href":"https:\/\/www.europesays.com\/fr\/wp-json\/wp\/v2\/comments?post=264912"}],"version-history":[{"count":0,"href":"https:\/\/www.europesays.com\/fr\/wp-json\/wp\/v2\/posts\/264912\/revisions"}],"wp:featuredmedia":[{"embeddable":true,"href":"https:\/\/www.europesays.com\/fr\/wp-json\/wp\/v2\/media\/264913"}],"wp:attachment":[{"href":"https:\/\/www.europesays.com\/fr\/wp-json\/wp\/v2\/media?parent=264912"}],"wp:term":[{"taxonomy":"category","embeddable":true,"href":"https:\/\/www.europesays.com\/fr\/wp-json\/wp\/v2\/categories?post=264912"},{"taxonomy":"post_tag","embeddable":true,"href":"https:\/\/www.europesays.com\/fr\/wp-json\/wp\/v2\/tags?post=264912"}],"curies":[{"name":"wp","href":"https:\/\/api.w.org\/{rel}","templated":true}]}}