{"id":264918,"date":"2025-07-22T05:42:10","date_gmt":"2025-07-22T05:42:10","guid":{"rendered":"https:\/\/www.europesays.com\/fr\/264918\/"},"modified":"2025-07-22T05:42:10","modified_gmt":"2025-07-22T05:42:10","slug":"yasmine-lavoine-la-fille-de-marc-lavoine-et-sarah-poniatowski-qui-suit-sa-propre-voie","status":"publish","type":"post","link":"https:\/\/www.europesays.com\/fr\/264918\/","title":{"rendered":"Yasmine Lavoine, la fille de Marc Lavoine et Sarah Poniatowski qui suit sa propre voie"},"content":{"rendered":"<p data-module=\"fig-standfirst\" data-context=\"@media (min-width:48em)\">Contrairement \u00e0 de nombreux \u00abnepo babies\u00bb, la jeune femme de 27 ans a choisi de construire sa carri\u00e8re d\u2019artiste en s\u2019affranchissant le plus possible de la notori\u00e9t\u00e9 de ses parents.<\/p>\n<p class=\"fig-paragraph fig-paragraph--dropped\">Elle a les m\u00eames cheveux blonds et les m\u00eames yeux couleur noisette que sa m\u00e8re,\u00a0<a href=\"http:\/\/madame.lefigaro.fr\/deco-design\/sarah-poniatowski-j-ai-toujours-fonce-et-meme-s-il-m-est-arrive-de-trebucher-je-me-suis-relevee-20241207\" data-fig-type=\"Article\" data-gtm-custom-categorie=\"navigation\" data-gtm-custom-action=\"crossclick\" data-gtm-custom-label=\"Contextuel\" data-gtm-event=\"customEventSPE\" data-fig-domain=\"MADAME\" target=\"_blank\" rel=\"noopener\">Sarah Poniatowski<\/a>. La fondatrice de la marque de design Maison Sarah Lavoine a aussi transmis \u00e0 sa fille a\u00een\u00e9e, Yasmine Lavoine, fruit de ses amours avec son ex-\u00e9poux, le chanteur\u00a0<a href=\"https:\/\/madame.lefigaro.fr\/tag\/marc-lavoine\" target=\"_blank\" rel=\"sponsored noopener\" data-gtm-custom-categorie=\"navigation\" data-gtm-custom-action=\"crossclick\" data-gtm-custom-label=\"Contextuel\" data-gtm-event=\"customEventSPE\">Marc Lavoine<\/a>, son \u00e2me d\u2019artiste, et son envie de cr\u00e9er partout, tout le temps, mais dans un autre domaine\u00a0: la photographie, passion que la jeune femme nourrit depuis de nombreuses ann\u00e9es et qu\u2019elle \u00e9tudie aujourd\u2019hui \u00e0 Ath\u00e8nes, \u00e0 des milliers de kilom\u00e8tres de Paris, o\u00f9 vit sa famille.<\/p>\n<p>Une qu\u00eate d\u2019ind\u00e9pendance<\/p>\n<p class=\"fig-paragraph fig-paragraph--dropped\">Cet \u00e9loignement g\u00e9ographie n\u2019est pas un hasard. La jeune femme veut s\u2019accomplir seule, sans b\u00e9n\u00e9ficier de la notori\u00e9t\u00e9 de ses parents. \u00abC\u2019est un grand accomplissement personnel\u00bb, a-t-elle affirm\u00e9 ce dimanche 20 juillet lors d\u2019une interview pour\u00a0<a href=\"https:\/\/www.latribune.fr\/la-tribune-dimanche\/culture-et-tendances\/mode-luxe\/sarah-poniatowski-et-yasmine-lavoine-poniatowski-il-n-y-a-pas-de-sujets-tabous-entre-nous-1029905.html\" target=\"_blank\" rel=\"sponsored noopener\" data-gtm-custom-categorie=\"navigation\" data-gtm-custom-action=\"crossclick\" data-gtm-custom-label=\"Contextuel\" data-gtm-event=\"customEventSPE\">La Tribune Dimanche.<\/a> \u00a0Avant d\u2019\u00e9tudier la photographie \u00e0 Ath\u00e8nes, Yasmine suivait des cours de th\u00e9\u00e2tre, son autre passion, en Angleterre. Un choix strat\u00e9gique\u00a0: ici non plus, aucun de ses camarades de classe ne connaissait ses parents. \u00abCe n\u2019est pas pour rien si je suis partie \u00e9tudier \u00e0 l\u2019\u00e9tranger. J\u2019ai eu une chance immense d\u2019\u00eatre prise dans une \u00e9cole de th\u00e9\u00e2tre \u00e0 Londres, o\u00f9 le regard des autres \u00e9l\u00e8ves n\u2019\u00e9tait pas le m\u00eame qu\u2019en France\u2026\u00bb, a-t-elle \u00e9galement confi\u00e9 dans La Tribune Dimanche.<\/p>\n<p>                                    <a class=\"fig-a11y-skip a11y-hidden\" href=\"#fig-a11y-skip-main-inarticle_pagemag\"><br \/>\n        Passer la publicit\u00e9<br \/>\n    <\/a><\/p>\n<p class=\"fig-body-link&#10;             fig-body-component-right-full-width-content&#10;    \">\n            \u00c0 lire aussi<br \/>\n        <a class=\"fig-body-link__link\" href=\"http:\/\/madame.lefigaro.fr\/celebrites\/actu-people\/c-est-toxique-yasmine-lavoine-la-fille-de-sarah-poniatowski-et-marc-lavoine-confie-ne-pas-chercher-la-fierte-de-ses-parents-20250721\" data-fig-type=\"Article\" data-gtm-custom-categorie=\"navigation\" data-gtm-custom-action=\"crossclick\" data-gtm-custom-label=\"Contextuel\" data-gtm-event=\"customEventSPE\" data-fig-domain=\"MADAME\" target=\"_blank\" rel=\"noopener\">\u00abC\u2019est toxique\u00bb\u00a0: Yasmine Lavoine, la fille de Sarah Poniatowski et Marc Lavoine, confie ne pas chercher la fiert\u00e9 de ses parents<\/a>\n<\/p>\n<p>Des \u00e9tudes \u00e0 l\u2019\u00e9tranger<\/p>\n<p class=\"fig-paragraph fig-paragraph--dropped\">Yasmine Lavoine a int\u00e9gr\u00e9 la London Academy of Music and Dramatic Arts\u00a0apr\u00e8s avoir \u00e9tudi\u00e9 pendant quatre ans au Cours Simon, une \u00e9cole destin\u00e9e aux com\u00e9diens professionnels \u00e0 Paris. C\u2019est gr\u00e2ce \u00e0 cette formation qu\u2019elle a r\u00e9ussi \u00e0 d\u00e9crocher, en 2018, un r\u00f4le dans la s\u00e9rie polici\u00e8re Kepler(s), diffus\u00e9e sur France 2, o\u00f9 elle donne la r\u00e9plique \u00e0 son p\u00e8re, Marc Lavoine. Invit\u00e9 sur le plateau de l\u2019\u00e9mission Th\u00e9 ou Caf\u00e9 la m\u00eame ann\u00e9e, l\u2019interpr\u00e8te d\u2019Elle a les yeux revolver avait balay\u00e9 d\u2019un revers de la main les accusations de favoritisme visant sa fille a\u00een\u00e9e. \u00abElle a pass\u00e9 des essais, elle a \u00e9t\u00e9 jug\u00e9e par le metteur en sc\u00e8ne&#8230;Elle n\u2019est pas la \u201cfille de\u201d (&#8230;), elle travaille beaucoup, elle se d\u00e9brouille\u00bb, avait-il martel\u00e9 face \u00e0 Catherine Ceylac.<\/p>\n<p class=\"fig-paragraph fig-paragraph--dropped\">Dans une autre interview accord\u00e9e au Parisien, le chanteur avait fait part de son admiration pour sa fille\u00a0: \u00abJ\u2019ai fait peu de sc\u00e8nes avec elle. J\u2019ai regard\u00e9 celles o\u00f9 elle joue sans moi et elle m\u2019a bluff\u00e9. Elle m\u2019a vu travailler et douter, passer des nuits blanches. Elle sait que c\u2019est un univers difficile\u00bb. Contrairement \u00e0 Marc Lavoine, Sarah Poniatowski avait \u00e9mis quelques r\u00e9serves concernant la carri\u00e8re de com\u00e9dienne de sa fille, non pas parce qu\u2019elle doutait de son talent, mais parce qu\u2019elle avait peur pour elle. \u00abElle aurait pr\u00e9f\u00e9r\u00e9 qu\u2019elle fasse un m\u00e9tier moins difficile psychologiquement, car elle peut vite se faire du souci\u00bb, avait r\u00e9v\u00e9l\u00e9 son ex-\u00e9poux. Malgr\u00e9 les craintes de sa m\u00e8re, Yasmine Lavoine a pers\u00e9v\u00e9r\u00e9 dans cette voie. Le 25 novembre 2020, les t\u00e9l\u00e9spectateurs de France 2 l\u2019ont retrouv\u00e9e dans le t\u00e9l\u00e9film Big Five, aux c\u00f4t\u00e9s de l\u2019actrice r\u00e9v\u00e9l\u00e9e dans la s\u00e9rie Clem, \u00c9lodie Fontan.<\/p>\n<p>Un attrait grandissant pour la musique<\/p>\n<p class=\"fig-paragraph fig-paragraph--dropped\">Touche-\u00e0-tout, Yasmine Lavoine s\u2019est r\u00e9cemment lanc\u00e9e dans l\u2019\u00e9criture du sc\u00e9nario d\u2019un court-m\u00e9trage qu\u2019elle va r\u00e9aliser, comme elle l\u2019a confi\u00e9 en f\u00e9vrier 2025 dans une interview \u00e0\u00a0<a href=\"https:\/\/www.gala.fr\/l_actu\/news_de_stars\/interview-yasmine-la-fille-de-marc-lavoine-trace-sa-route-j-ai-envie-de-faire-mes-preuves-20250205\" target=\"_blank\" data-fig-type=\"Article\" rel=\"sponsored noopener\" data-gtm-custom-categorie=\"navigation\" data-gtm-custom-action=\"crossclick\" data-gtm-custom-label=\"Contextuel\" data-gtm-event=\"customEventSPE\" data-fig-domain=\"GALA\">Gala.<\/a>\u00a0Elle a \u00e9galement \u00e9voqu\u00e9 son attrait grandissant pour la musique, une autre passion transmise par son p\u00e8re\u00a0: \u00abJe joue de la batterie, du ukul\u00e9l\u00e9 et du piano. J\u2019ai la curiosit\u00e9 et l\u2019envie d\u2019\u00e9crire des chansons. Je vois \u00e7a comme un challenge personnel. J\u2019aime faire des duos avec des copains qui sont dans la musique, comme Basic Palace, qui m\u2019a fait intervenir dans certains de ses clips\u00bb. Yasmine a d\u00e9couvert les studios d\u2019enregistrement en 2009, \u00e0 seulement 11 ans, lorsqu\u2019elle a pos\u00e9 sa voix aux c\u00f4t\u00e9s de Marc Lavoine sur le titre Lentement. Neuf ans plus tard, en 2018, elle a rejoint son p\u00e8re sur la sc\u00e8ne de la Seine Musicale pour chanter ce morceau avec lui. Un moment privil\u00e9gi\u00e9, suspendu dans le temps, qui ne restera pour l\u2019instant qu\u2019un doux souvenir\u00a0: dans son interview accord\u00e9e ce week-end \u00e0 La Tribune Dimanche, la jeune femme assure qu\u2019elle ne souhaite pas travailler avec ses parents.<\/p>\n<p class=\"fig-paragraph fig-paragraph--dropped\">Chez les Lavoine, le talent est pourtant une histoire de famille. Comme pour le chant et la com\u00e9die, Yasmine ne s\u2019est pas tourn\u00e9e vers la photographie de mani\u00e8re fortuite. \u00abMon p\u00e8re prend aussi beaucoup de photos. Quand j\u2019avais 14 ans, je lui ai vol\u00e9 un argentique et j\u2019ai commenc\u00e9 \u00e0 prendre des photos des gens autour de moi. Je les faisais d\u00e9velopper, je les imprimais et je les collais dans des carnets en racontant le contexte de ces prises de vue, a-t-elle racont\u00e9 \u00e0 Gala. \u00c7a a commenc\u00e9 comme \u00e7a et je n\u2019ai jamais arr\u00eat\u00e9\u00bb. Une de ses photographies a r\u00e9cemment \u00e9t\u00e9 choisie pour faire la couverture du livre Toutes contre elles, paru en mars 2025 aux \u00e9ditions Grasset et \u00e9crit par son amie Marie Chiabrero.<\/p>\n<p class=\"fig-paragraph fig-paragraph--dropped\">Yasmine Lavoine trace sa route professionnelle de son c\u00f4t\u00e9, en gardant en t\u00eate les pr\u00e9cieux conseils de son p\u00e8re, qui lui a notamment r\u00e9p\u00e9t\u00e9 que le talent ne suffit pas sans travail. La jeune femme profite g\u00e9n\u00e9ralement de son temps libre pour passer du temps en famille, avec ses deux petits fr\u00e8res, Roman, 18 ans, et Milo, 15 ans, dont elle a toujours \u00e9t\u00e9 tr\u00e8s proche. Enfant, elle n\u2019avait qu\u2019une envie\u00a0: devenir grande s\u0153ur. \u00abJ\u2019avais tellement h\u00e2te d\u2019avoir une fratrie que l\u2019arriv\u00e9e de mon petit fr\u00e8re Roman puis celle de Milo ont \u00e9t\u00e9 les plus beaux cadeaux de ma vie\u00bb, a-t-elle confi\u00e9 \u00e0 La Tribune Dimanche. Affect\u00e9e par le divorce de ses parents, qui se sont s\u00e9par\u00e9s en 2018 apr\u00e8s vingt-trois ans de vie commune, la jeune femme a r\u00e9ussi \u00e0 prendre du recul sur la situation. \u00abIls ont de bons rapports aujourd\u2019hui, ils sont tous les deux heureux dans leur vie et ils ont trois enfants ensemble qu\u2019ils adorent. C\u2019est pr\u00e9cieux\u00bb.<\/p>\n<p>                                    <a class=\"fig-a11y-skip a11y-hidden\" href=\"#fig-a11y-skip-main-inarticle_mtf_pagemag\"><br \/>\n        Passer la publicit\u00e9<br \/>\n    <\/a><\/p>\n<p class=\"fig-paragraph fig-paragraph--dropped\">Marc Lavoine file en effet le parfait amour avec Adriana Karembeu depuis maintenant un an. Quant \u00e0 Sarah Poniatowski, elle est rest\u00e9e tr\u00e8s discr\u00e8te sur sa vie priv\u00e9e et semble s\u2019\u00eatre surtout concentr\u00e9e sur le d\u00e9veloppement de sa marque de design. Elle entretient toujours une relation fusionnelle avec sa fille a\u00een\u00e9e, son \u00absoleil\u00bb, comme elle l\u2019a qualifi\u00e9e en janvier dernier sur Instagram \u00e0 l\u2019occasion du 27e anniversaire de la jeune femme.<\/p>\n","protected":false},"excerpt":{"rendered":"Contrairement \u00e0 de nombreux \u00abnepo babies\u00bb, la jeune femme de 27 ans a choisi de construire sa carri\u00e8re&hellip;\n","protected":false},"author":2,"featured_media":264919,"comment_status":"","ping_status":"","sticky":false,"template":"","format":"standard","meta":{"footnotes":""},"categories":[1355],"tags":[58,59,1011,27,7593,1361,873,15915],"class_list":{"0":"post-264918","1":"post","2":"type-post","3":"status-publish","4":"format-standard","5":"has-post-thumbnail","7":"category-musique","8":"tag-divertissement","9":"tag-entertainment","10":"tag-fr","11":"tag-france","12":"tag-marc-lavoine","13":"tag-music","14":"tag-musique","15":"tag-sarah-lavoine"},"share_on_mastodon":{"url":"https:\/\/pubeurope.com\/@fr\/114895293221652121","error":""},"_links":{"self":[{"href":"https:\/\/www.europesays.com\/fr\/wp-json\/wp\/v2\/posts\/264918","targetHints":{"allow":["GET"]}}],"collection":[{"href":"https:\/\/www.europesays.com\/fr\/wp-json\/wp\/v2\/posts"}],"about":[{"href":"https:\/\/www.europesays.com\/fr\/wp-json\/wp\/v2\/types\/post"}],"author":[{"embeddable":true,"href":"https:\/\/www.europesays.com\/fr\/wp-json\/wp\/v2\/users\/2"}],"replies":[{"embeddable":true,"href":"https:\/\/www.europesays.com\/fr\/wp-json\/wp\/v2\/comments?post=264918"}],"version-history":[{"count":0,"href":"https:\/\/www.europesays.com\/fr\/wp-json\/wp\/v2\/posts\/264918\/revisions"}],"wp:featuredmedia":[{"embeddable":true,"href":"https:\/\/www.europesays.com\/fr\/wp-json\/wp\/v2\/media\/264919"}],"wp:attachment":[{"href":"https:\/\/www.europesays.com\/fr\/wp-json\/wp\/v2\/media?parent=264918"}],"wp:term":[{"taxonomy":"category","embeddable":true,"href":"https:\/\/www.europesays.com\/fr\/wp-json\/wp\/v2\/categories?post=264918"},{"taxonomy":"post_tag","embeddable":true,"href":"https:\/\/www.europesays.com\/fr\/wp-json\/wp\/v2\/tags?post=264918"}],"curies":[{"name":"wp","href":"https:\/\/api.w.org\/{rel}","templated":true}]}}