{"id":264926,"date":"2025-07-22T05:47:10","date_gmt":"2025-07-22T05:47:10","guid":{"rendered":"https:\/\/www.europesays.com\/fr\/264926\/"},"modified":"2025-07-22T05:47:10","modified_gmt":"2025-07-22T05:47:10","slug":"un-enfant-diplome-a-10-ans-un-qi-de-228-et-un-genie-oublie-ces-cerveaux-extremes-depassent-einstein-sans-test-officiel","status":"publish","type":"post","link":"https:\/\/www.europesays.com\/fr\/264926\/","title":{"rendered":"Un enfant dipl\u00f4m\u00e9 \u00e0 10 ans, un QI de 228, et un g\u00e9nie oubli\u00e9 : ces cerveaux extr\u00eames d\u00e9passent Einstein sans test officiel"},"content":{"rendered":"<tr>\n<td><strong>EN BREF<\/strong><\/td>\n<\/tr>\n<tr>\n<td>\n<ul>\n<li>\ud83d\udd0d <strong>Albert Einstein<\/strong> n\u2019a jamais pass\u00e9 de test de QI, mais les experts estiment son score \u00e0 au moins 160.<\/li>\n<li>\ud83d\udcda <strong>Marilyn Vos Savant<\/strong> a obtenu un QI de 228, reconnu par le Guinness des records dans les ann\u00e9es 1980.<\/li>\n<li>\ud83c\udf93 Enfant prodige, <strong>Michael Kearney<\/strong> a obtenu son dipl\u00f4me universitaire \u00e0 seulement dix ans avec un QI estim\u00e9 entre 200 et 325.<\/li>\n<li>\ud83e\udde0 <strong>William James Sidis<\/strong>, avec un QI sp\u00e9cul\u00e9 entre 210 et 250, a choisi une vie discr\u00e8te malgr\u00e9 ses incroyables capacit\u00e9s intellectuelles.<\/li>\n<\/ul>\n<\/td>\n<\/tr>\n<p>Depuis des d\u00e9cennies, le test de Quotient Intellectuel (QI) a captiv\u00e9 l\u2019attention du public, fascin\u00e9 par l\u2019id\u00e9e de quantifier l\u2019intelligence humaine. Si ce test est largement connu et utilis\u00e9, il demeure controvers\u00e9. En effet, <strong>les critiques soulignent ses limites<\/strong>, notamment sa focalisation sur une gamme \u00e9troite de comp\u00e9tences et ses biais culturels. Malgr\u00e9 cela, il reste un outil populaire pour \u00e9valuer certains aspects des capacit\u00e9s cognitives.<\/p>\n<p>L\u2019intelligence exceptionnelle d\u2019Albert Einstein<\/p>\n<p>Albert Einstein est souvent \u00e9voqu\u00e9 comme l\u2019incarnation du g\u00e9nie scientifique. Ses th\u00e9ories r\u00e9volutionnaires, comme la relativit\u00e9, ont red\u00e9fini notre compr\u00e9hension de l\u2019univers. Pourtant, il n\u2019a jamais pris de test de QI. Les experts estiment son QI \u00e0 au moins 160, une hypoth\u00e8se bas\u00e9e sur ses accomplissements scientifiques et ses capacit\u00e9s intellectuelles manifestes.<\/p>\n<p>Bien qu\u2019Einstein soit un symbole de l\u2019intelligence exceptionnelle, il n\u2019est pas le d\u00e9tenteur du QI le plus \u00e9lev\u00e9 jamais enregistr\u00e9. Des figures contemporaines telles qu\u2019Elon Musk et Bill Gates sont \u00e9galement associ\u00e9es \u00e0 des scores de QI autour de 160. Dans cette perspective, il est fascinant de constater que le g\u00e9nie ne se limite pas \u00e0 un seul individu.<\/p>\n<blockquote class=\"wp-embedded-content\" data-secret=\"LBHfy0SfVb\">\n<p><a href=\"https:\/\/www.innovant.fr\/2025\/04\/25\/lhorloge-la-plus-precise-jamais-lancee-aces-de-lesa-sinstalle-sur-liss-pour-redefinir-le-temps-dans-lespace\/\" rel=\"nofollow noopener\" target=\"_blank\">\u00ab L\u2019horloge la plus pr\u00e9cise jamais lanc\u00e9e \u00bb : ACES de l\u2019ESA s\u2019installe sur l\u2019ISS pour red\u00e9finir le temps dans l\u2019espace<\/a><\/p>\n<\/blockquote>\n<p>Les records impressionnants de Marilyn Vos Savant<\/p>\n<p>Marilyn Vos Savant est une figure embl\u00e9matique dans le domaine des tests de QI. Avec un score de 228 sur deux tests diff\u00e9rents, elle a \u00e9t\u00e9 reconnue pour avoir le QI le plus \u00e9lev\u00e9 dans le Guinness des records. Bien que cette cat\u00e9gorie ait \u00e9t\u00e9 supprim\u00e9e en 1990, son nom reste associ\u00e9 \u00e0 des niveaux d\u2019intelligence remarquables.<\/p>\n<p>Vos Savant a su capitaliser sur sa renomm\u00e9e en \u00e9crivant une chronique intitul\u00e9e \u00ab\u00a0Ask Marilyn\u00a0\u00bb, o\u00f9 elle r\u00e9pond \u00e0 des questions complexes pos\u00e9es par ses lecteurs. <strong>Son parcours illustre comment une intelligence mesur\u00e9e peut \u00eatre mise au service de la connaissance et de l\u2019\u00e9ducation du public<\/strong>.<\/p>\n<blockquote class=\"wp-embedded-content\" data-secret=\"TspbJsc1JK\">\n<p><a href=\"https:\/\/www.innovant.fr\/2025\/07\/15\/voici-la-menace-cachee-des-orages-des-rayons-gamma-meurtriers-capables-dendommager-les-avions-perturber-nos-cerveaux-et-muter-nos-cellules\/\" rel=\"nofollow noopener\" target=\"_blank\">Voici la menace cach\u00e9e des orages : des rayons gamma meurtriers capables d\u2019endommager les avions, perturber nos cerveaux et muter nos cellules<\/a><\/p>\n<\/blockquote>\n<p>Michael Kearney, le prodige pr\u00e9coce<\/p>\n<p>Michael Kearney, enfant prodige, a marqu\u00e9 l\u2019histoire par ses accomplissements acad\u00e9miques extraordinaires. Avec un QI estim\u00e9 entre 200 et 325, il est devenu le plus jeune dipl\u00f4m\u00e9 universitaire \u00e0 l\u2019\u00e2ge de dix ans. Ce parcours exceptionnel d\u00e9montre que le potentiel intellectuel peut se manifester tr\u00e8s t\u00f4t.<\/p>\n<p>Kearney a poursuivi ses \u00e9tudes en obtenant une ma\u00eetrise en biochimie \u00e0 14 ans et un doctorat en chimie \u00e0 22 ans. Son histoire met en lumi\u00e8re les d\u00e9fis et les opportunit\u00e9s associ\u00e9s \u00e0 une intelligence hors norme. Il est int\u00e9ressant de noter que, malgr\u00e9 ses accomplissements acad\u00e9miques, Kearney a \u00e9galement trouv\u00e9 du succ\u00e8s dans des domaines vari\u00e9s, notamment en remportant des gains importants dans des jeux t\u00e9l\u00e9vis\u00e9s.<\/p>\n<blockquote class=\"wp-embedded-content\" data-secret=\"ECZbjA30bM\">\n<p><a href=\"https:\/\/www.innovant.fr\/2025\/03\/13\/10-000-influenceurs-boostent-leur-notoriete-avec-cette-methode-acheter-des-fans-com-simpose-pour-exploser-sur-les-reseaux-sociaux\/\" rel=\"nofollow noopener\" target=\"_blank\">\u00ab\u00a010 000 influenceurs boostent leur notori\u00e9t\u00e9 avec cette m\u00e9thode\u00a0\u00bb : Acheter-des-Fans.com s\u2019impose pour exploser sur les r\u00e9seaux sociaux<\/a><\/p>\n<\/blockquote>\n<p>William James Sidis, un g\u00e9nie m\u00e9connu<\/p>\n<p>William James Sidis est souvent cit\u00e9 parmi les personnes les plus intelligentes de tous les temps, avec un QI sp\u00e9cul\u00e9 entre 210 et 250. Cependant, il a choisi de vivre \u00e0 l\u2019\u00e9cart des projecteurs, pr\u00e9f\u00e9rant la discr\u00e9tion \u00e0 la notori\u00e9t\u00e9. Sidis a d\u00e9montr\u00e9 des comp\u00e9tences linguistiques et math\u00e9matiques exceptionnelles d\u00e8s son plus jeune \u00e2ge.<\/p>\n<p>Apr\u00e8s avoir int\u00e9gr\u00e9 l\u2019universit\u00e9 Harvard \u00e0 seulement 11 ans, il a poursuivi une carri\u00e8re acad\u00e9mique avant de se retirer dans une vie plus modeste. <strong>Son choix de se retirer de la vie publique<\/strong> et de publier ses \u0153uvres sous des pseudonymes montre que l\u2019intelligence ne se traduit pas toujours par la recherche de la reconnaissance.<\/p>\n<p>Alors que nous explorons ces r\u00e9cits fascinants de g\u00e9nies aux QI impressionnants, une question demeure : l\u2019intelligence mesur\u00e9e par le QI est-elle vraiment le meilleur indicateur du potentiel humain, ou existe-t-il d\u2019autres dimensions tout aussi cruciales \u00e0 consid\u00e9rer ?<\/p>\n<p>Cet article s\u2019appuie sur des sources v\u00e9rifi\u00e9es et l\u2019assistance de technologies \u00e9ditoriales.<\/p>\n<p id=\"rating\">\u00c7a vous a plu ?\u00a04.4\/5 (28)<\/p>\n","protected":false},"excerpt":{"rendered":"EN BREF \ud83d\udd0d Albert Einstein n\u2019a jamais pass\u00e9 de test de QI, mais les experts estiment son score&hellip;\n","protected":false},"author":2,"featured_media":264927,"comment_status":"","ping_status":"","sticky":false,"template":"","format":"standard","meta":{"footnotes":""},"categories":[7],"tags":[1011,27,43,40,41,39,42,44],"class_list":{"0":"post-264926","1":"post","2":"type-post","3":"status-publish","4":"format-standard","5":"has-post-thumbnail","7":"category-sciences-et-technologies","8":"tag-fr","9":"tag-france","10":"tag-science","11":"tag-science-and-technology","12":"tag-sciences","13":"tag-sciences-et-technologies","14":"tag-technologies","15":"tag-technology"},"share_on_mastodon":{"url":"https:\/\/pubeurope.com\/@fr\/114895312813902136","error":""},"_links":{"self":[{"href":"https:\/\/www.europesays.com\/fr\/wp-json\/wp\/v2\/posts\/264926","targetHints":{"allow":["GET"]}}],"collection":[{"href":"https:\/\/www.europesays.com\/fr\/wp-json\/wp\/v2\/posts"}],"about":[{"href":"https:\/\/www.europesays.com\/fr\/wp-json\/wp\/v2\/types\/post"}],"author":[{"embeddable":true,"href":"https:\/\/www.europesays.com\/fr\/wp-json\/wp\/v2\/users\/2"}],"replies":[{"embeddable":true,"href":"https:\/\/www.europesays.com\/fr\/wp-json\/wp\/v2\/comments?post=264926"}],"version-history":[{"count":0,"href":"https:\/\/www.europesays.com\/fr\/wp-json\/wp\/v2\/posts\/264926\/revisions"}],"wp:featuredmedia":[{"embeddable":true,"href":"https:\/\/www.europesays.com\/fr\/wp-json\/wp\/v2\/media\/264927"}],"wp:attachment":[{"href":"https:\/\/www.europesays.com\/fr\/wp-json\/wp\/v2\/media?parent=264926"}],"wp:term":[{"taxonomy":"category","embeddable":true,"href":"https:\/\/www.europesays.com\/fr\/wp-json\/wp\/v2\/categories?post=264926"},{"taxonomy":"post_tag","embeddable":true,"href":"https:\/\/www.europesays.com\/fr\/wp-json\/wp\/v2\/tags?post=264926"}],"curies":[{"name":"wp","href":"https:\/\/api.w.org\/{rel}","templated":true}]}}