{"id":264944,"date":"2025-07-22T06:06:18","date_gmt":"2025-07-22T06:06:18","guid":{"rendered":"https:\/\/www.europesays.com\/fr\/264944\/"},"modified":"2025-07-22T06:06:18","modified_gmt":"2025-07-22T06:06:18","slug":"trafic-sncf-perturbe-et-une-maison-touchee-par-la-foudre-a-grenoble","status":"publish","type":"post","link":"https:\/\/www.europesays.com\/fr\/264944\/","title":{"rendered":"trafic SNCF perturb\u00e9 et une maison touch\u00e9e par la foudre \u00e0 Grenoble"},"content":{"rendered":"<p>            Par<br \/>\n        <strong><br \/>\n            <a href=\"https:\/\/actu.fr\/auteur\/lisa-rodrigues\" title=\"Consulter tous les articles de Lisa Rodrigues\" rel=\"nofollow noopener\" target=\"_blank\">Lisa Rodrigues<\/a><br \/>\n        <\/strong><\/p>\n<p>        Publi\u00e9 le<\/p>\n<p>            21 juil. 2025 \u00e0 9h13        <\/p>\n<p>Dimanche 20 juillet, l\u2019<a href=\"https:\/\/actu.fr\/auvergne-rhone-alpes\/isere_38\" rel=\"nofollow noopener\" target=\"_blank\">Is\u00e8re<\/a> \u00e9tait \u00e0 nouveau plac\u00e9e en <a href=\"https:\/\/actu.fr\/auvergne-rhone-alpes\/grenoble_38185\/isere-les-orages-vont-frapper-ces-secteurs-voici-les-previsions-de-meteo-france_62925114.html\" rel=\"nofollow noopener\" target=\"_blank\">vigilance orange orages<\/a> et pluie-inondation, de fortes pr\u00e9cipitations \u00e9tant attendues en fin de journ\u00e9e.<\/p>\n<p class=\" wall-content\">Les premi\u00e8res perturbations sont arriv\u00e9es en toute fin d\u2019apr\u00e8s-midi par l\u2019ouest du d\u00e9partement, occasionnant divers d\u00e9g\u00e2ts, en particulier \u00e0 cause <strong>des vents<\/strong>.<\/p>\n<p>    <a href=\"https:\/\/www.facebook.com\/plugins\/post.php?href=https%3A%2F%2Fwww.facebook.com%2Fmeteocentreisere%2Fposts%2Fpfbid0UPqr1d9QtVqLVSvx4WE83iMBYqWKsch7bJ3Z9fn8X4rp7JQqJDNT2ZHuVYxEcq3rl&amp;show_text=true&amp;width=350\" title=\"Ouvrie le lien\" rel=\"nofollow noopener\" target=\"_blank\">Cliquez ici pour visualiser le contenu<\/a><\/p>\n<p>    <a href=\"https:\/\/www.facebook.com\/plugins\/post.php?href=https%3A%2F%2Fwww.facebook.com%2Fmeteocentreisere%2Fposts%2Fpfbid0fArPoVVbwrsk6rYQtchckNegvxxksTHPhyAkvfgG8g7qjdCo1hBkPX6ft1q7pPsql&amp;show_text=true&amp;width=350\" title=\"Ouvrie le lien\" rel=\"nofollow noopener\" target=\"_blank\">Cliquez ici pour visualiser le contenu<\/a><\/p>\n<p>Reprise du trafic ferroviaire le 24 juillet<\/p>\n<p class=\" wall-content\">Ainsi, une partie du r\u00e9seau ferroviaire TER a \u00e9t\u00e9 impact\u00e9e en Is\u00e8re, notamment sur la ligne Lyon-<a href=\"https:\/\/actu.fr\/auvergne-rhone-alpes\/chambery_73065\" rel=\"nofollow noopener\" target=\"_blank\">Chamb\u00e9ry<\/a>.<\/p>\n<p>Vid\u00e9os : en ce moment sur Actu<\/p>\n<blockquote class=\"ac-article-quote wall-content\">\n<p>Les violents orages de ce dimanche 20 juillet ont provoqu\u00e9 la chute de plusieurs arbres sur les c\u00e2bles d&rsquo;alimentation \u00e9lectrique entre Saint-Andr\u00e9-le-Gaz et Chamb\u00e9ry. L&rsquo;importance des d\u00e9g\u00e2ts entra\u00eene plusieurs jours de travaux de remise en \u00e9tat des installations par le gestionnaire du r\u00e9seau.<\/p>\n<p>    <strong>SNCF<\/strong>\n            <\/p><\/blockquote>\n<p class=\" wall-content\">Les trains entre les deux communes sont <strong>supprim\u00e9s<\/strong>, ainsi que ceux entre <a href=\"https:\/\/actu.fr\/auvergne-rhone-alpes\/bourgoin-jallieu_38053\" rel=\"nofollow noopener\" target=\"_blank\">Bourgoin-Jallieu<\/a> et Chamb\u00e9ry. Des autocars de remplacement sont mis en place.<\/p>\n<p class=\" wall-content\">\n<p class=\" wall-content\">Concernant les trains au d\u00e9part de Lyon vers la Savoie, une \u00ab\u00a0majorit\u00e9\u00a0\u00bb sont d\u00e9vi\u00e9s via Amb\u00e9rieu dans l\u2019Ain. Les autres sont supprim\u00e9s.<\/p>\n<p class=\" wall-content\">La reprise normale du trafic n\u2019est pas pr\u00e9vue avant <strong>jeudi 24 juillet<\/strong>.\u00a0<\/p>\n<p>Moins d\u2019une vingtaine d\u2019interventions des pompiers<\/p>\n<p class=\" wall-content\">C\u00f4t\u00e9 pompiers, moins d\u2019une vingtaine d\u2019interventions a \u00e9t\u00e9 comptabilis\u00e9e dans la journ\u00e9e de dimanche, sans gravit\u00e9 particuli\u00e8re.<\/p>\n<p class=\" wall-content\">\u00c0 noter toutefois qu\u2019une maison \u00e0 <a href=\"https:\/\/actu.fr\/auvergne-rhone-alpes\/grenoble_38185\" rel=\"nofollow noopener\" target=\"_blank\">Grenoble<\/a>, rue Nicolas-Boileau, a \u00e9t\u00e9 touch\u00e9e par la foudre, d\u00e9clenchant un <strong>incendie<\/strong>.<\/p>\n<p>    <a href=\"https:\/\/www.google.com\/maps\/embed?pb=!1m18!1m12!1m3!1d2812.9312088094407!2d5.736735076134375!3d45.16824287107056!2m3!1f0!2f0!3f0!3m2!1i1024!2i768!4f13.1!3m3!1m2!1s0x478af4db3758b933%3A0x7aba92847961cd79!2sRue%20Nicolas%20Boileau%2C%2038100%20Grenoble!5e0!3m2!1sfr!2sfr!4v1753081626365!5m2!1sfr!2sfr\" title=\"Ouvrie le lien\" rel=\"nofollow noopener\" target=\"_blank\">Cliquez ici pour visualiser le contenu<\/a><\/p>\n<p class=\" wall-content\">Un seul occupant \u00e9tait pr\u00e9sent au moment des faits, mais a pu sortir seul et <strong>sans \u00eatre bless\u00e9<\/strong> avant l\u2019arriv\u00e9e des secours.<\/p>\n<p class=\" wall-content\">Le feu a \u00e9t\u00e9 \u00e9teint au moyen d\u2019une lance \u00e0 incendie et l\u2019habitant a \u00e9t\u00e9 relog\u00e9.<\/p>\n<p class=\" wall-content\">Suivez toute l\u2019actualit\u00e9 de vos villes et m\u00e9dias favoris en vous inscrivant \u00e0 <a href=\"https:\/\/moncompte.actu.fr\" title=\"D\u00e9couvez Mon Actu\" rel=\"nofollow noopener\" data-trk=\"{&quot;cta&quot;:{&quot;action&quot;:&quot;https:\\\/\\\/moncompte.actu.fr&quot;,&quot;category&quot;:&quot;mon compte&quot;,&quot;from&quot;:&quot;article footer&quot;,&quot;name&quot;:&quot;Mon actu&quot;,&quot;type&quot;:&quot;cta&quot;}}\" target=\"_blank\">Mon Actu<\/a>.<\/p>\n","protected":false},"excerpt":{"rendered":"Par Lisa Rodrigues Publi\u00e9 le 21 juil. 2025 \u00e0 9h13 Dimanche 20 juillet, l\u2019Is\u00e8re \u00e9tait \u00e0 nouveau plac\u00e9e&hellip;\n","protected":false},"author":2,"featured_media":264945,"comment_status":"","ping_status":"","sticky":false,"template":"","format":"standard","meta":{"footnotes":""},"categories":[9566],"tags":[1111,11,2430,1777,674,1011,27,2731,2487,12,4594,1311,25,2215],"class_list":{"0":"post-264944","1":"post","2":"type-post","3":"status-publish","4":"format-standard","5":"has-post-thumbnail","7":"category-grenoble","8":"tag-actu","9":"tag-actualites","10":"tag-auvergne-rhone-alpes","11":"tag-eu","12":"tag-europe","13":"tag-fr","14":"tag-france","15":"tag-grenoble","16":"tag-meteo","17":"tag-news","18":"tag-orages","19":"tag-pompiers","20":"tag-republique-francaise","21":"tag-sncf"},"share_on_mastodon":{"url":"https:\/\/pubeurope.com\/@fr\/114895387549172255","error":""},"_links":{"self":[{"href":"https:\/\/www.europesays.com\/fr\/wp-json\/wp\/v2\/posts\/264944","targetHints":{"allow":["GET"]}}],"collection":[{"href":"https:\/\/www.europesays.com\/fr\/wp-json\/wp\/v2\/posts"}],"about":[{"href":"https:\/\/www.europesays.com\/fr\/wp-json\/wp\/v2\/types\/post"}],"author":[{"embeddable":true,"href":"https:\/\/www.europesays.com\/fr\/wp-json\/wp\/v2\/users\/2"}],"replies":[{"embeddable":true,"href":"https:\/\/www.europesays.com\/fr\/wp-json\/wp\/v2\/comments?post=264944"}],"version-history":[{"count":0,"href":"https:\/\/www.europesays.com\/fr\/wp-json\/wp\/v2\/posts\/264944\/revisions"}],"wp:featuredmedia":[{"embeddable":true,"href":"https:\/\/www.europesays.com\/fr\/wp-json\/wp\/v2\/media\/264945"}],"wp:attachment":[{"href":"https:\/\/www.europesays.com\/fr\/wp-json\/wp\/v2\/media?parent=264944"}],"wp:term":[{"taxonomy":"category","embeddable":true,"href":"https:\/\/www.europesays.com\/fr\/wp-json\/wp\/v2\/categories?post=264944"},{"taxonomy":"post_tag","embeddable":true,"href":"https:\/\/www.europesays.com\/fr\/wp-json\/wp\/v2\/tags?post=264944"}],"curies":[{"name":"wp","href":"https:\/\/api.w.org\/{rel}","templated":true}]}}