{"id":264949,"date":"2025-07-22T06:09:26","date_gmt":"2025-07-22T06:09:26","guid":{"rendered":"https:\/\/www.europesays.com\/fr\/264949\/"},"modified":"2025-07-22T06:09:26","modified_gmt":"2025-07-22T06:09:26","slug":"jaime-trop-rennes-offre-une-chevre-a-valentin-rongier-apres-sa-signature-et-ses-chambrages-2","status":"publish","type":"post","link":"https:\/\/www.europesays.com\/fr\/264949\/","title":{"rendered":"\u00ab\u00a0J\u2019aime trop!\u00a0\u00bb, Rennes offre une ch\u00e8vre \u00e0 Valentin Rongier apr\u00e8s sa signature (et ses chambrages)"},"content":{"rendered":"<p class=\"mb-4 text-lg md:leading-8 break-words\">Une petite blague pour d\u00e9tendre l\u2019atmosph\u00e8re. Le Stade Rennais a offert un petit cadeau \u00e0 <a href=\"https:\/\/fr.news.yahoo.com\/sport\/mercato-accord-entre-rennes-l-084809277.html\" data-ylk=\"slk:sa nouvelle recrue, Valentin Rongier;elm:context_link;itc:0;sec:content-canvas;outcm:mb_qualified_link;_E:mb_qualified_link;ct:story;\" class=\"link  yahoo-link\" rel=\"nofollow noopener\" target=\"_blank\">sa nouvelle recrue, Valentin Rongier<\/a> (30 ans), lundi apr\u00e8s sa pr\u00e9sentation. Le milieu de terrain, qui arrive en provenance de l\u2019OM et s\u2019est engag\u00e9 jusqu\u2019en 2028 avec le club breton, a re\u00e7u une petite ch\u00e8vre en figurine. Une r\u00e9f\u00e9rence \u00e0 <a href=\"https:\/\/fr.news.yahoo.com\/sport\/mercato-valentin-rongier-nenvisageait-signer-193139882.html\" data-ylk=\"slk:ses chambrages pass\u00e9es contre son nouveau club;elm:context_link;itc:0;sec:content-canvas;outcm:mb_qualified_link;_E:mb_qualified_link;ct:story;\" class=\"link  yahoo-link\" rel=\"nofollow noopener\" target=\"_blank\">ses chambrages pass\u00e9es contre son nouveau club<\/a>, alors qu\u2019il \u00e9voluait \u00e0 Nantes, le voisin rival.<\/p>\n<p>\u00ab\u00a0C&rsquo;est \u00e7a le football, c&rsquo;est ce qu&rsquo;on aime\u00a0\u00bb<\/p>\n<p class=\"mb-4 text-lg md:leading-8 break-words\">En 2017, Rongier avait post\u00e9 sur ses r\u00e9seaux sociaux, une photo de ch\u00e8vres en ajoutant \u00ab\u00a0Coucou les Rennais\u00a0\u00bb. Ce petit cadeau comme un clin d\u2019\u0153il huit ans plus tard a beaucoup amus\u00e9 le joueur, qui a mim\u00e9 le bruit du mammif\u00e8re. \u00ab\u00a0J&rsquo;aime trop, je rejoins les Goat (qui signifie en anglais \u00e0 la fois ch\u00e8vre et l\u2019acronyme Greatest of All Time)\u00a0\u00bb, a-t-il r\u00e9agi dans la courte vid\u00e9o mise en ligne sur les r\u00e9seaux sociaux du club. \u00ab\u00a0C&rsquo;est \u00e7a le football, c&rsquo;est ce qu&rsquo;on aime. \u00c7a, c\u2019est la vie. Merci pour ce beau cadeau les gars.\u00a0\u00bb<\/p>\n<p class=\"mb-4 text-lg md:leading-8 break-words\">La signature de Rongier \u00e0 Rennes a provoqu\u00e9 une lev\u00e9e de boucliers chez de nombreux supporters rennais, notamment <a href=\"https:\/\/fr.news.yahoo.com\/sport\/rennes-ne-pourrons-l-accepter-124357535.html\" data-ylk=\"slk:du groupe d&#039;ultras du RCK;elm:context_link;itc:0;sec:content-canvas;outcm:mb_qualified_link;_E:mb_qualified_link;ct:story;\" class=\"link  yahoo-link\" rel=\"nofollow noopener\" target=\"_blank\">du groupe d&rsquo;ultras du RCK<\/a>. Dans un communiqu\u00e9 publi\u00e9 lundi, ils ont rappel\u00e9 le passif du joueur avec leur club en \u00e9pinglant \u00ab\u00a0l\u2019hypocrisie flagrante\u00a0\u00bb de leurs dirigeants. \u00ab\u00a0Nul besoin de rappeler aux supporters Rouge et Noir l\u2019aversion affich\u00e9e de ce joueur envers notre club. Entre ses piques enfantines sur les r\u00e9seaux sociaux et ses d\u00e9clarations dans les m\u00e9dias Valentin Rongier n\u2019a, \u00e0 nos yeux, aucune l\u00e9gitimit\u00e9 pour porter nos couleurs\u00a0\u00bb, avaient-il \u00e9crit.<\/p>\n<p>\u00ab\u00a0\u00c7a a toujours \u00e9t\u00e9 bon enfant\u00a0\u00bb<\/p>\n<p class=\"mb-4 text-lg md:leading-8 break-words\">En 2018, Rongier avait confi\u00e9 \u00e0 Ouest-France qu\u2019il ne pourrait jamais jouer \u00e0 Rennes. \u00ab\u00a0C&rsquo;est un club de la r\u00e9gion qui a beaucoup de supporters. Un rival de Nantes depuis longtemps, avec Bordeaux. Comme je suis Nantais, depuis que je suis petit, c&rsquo;est forc\u00e9ment un club que je vois comme ennemi. C&rsquo;est un club qui ne m&rsquo;attire pas du tout. Et ce n&rsquo;est pas comme si j&rsquo;\u00e9tais de passage \u00e0 Nantes. C&rsquo;est ma 18e saison, j&rsquo;ai le club en moi. Je ne pourrais pas aller l\u00e0-bas. Je ne sais pas non plus si je serais le bienvenu.\u00a0\u00bb<\/p>\n<p class=\"mb-4 text-lg md:leading-8 break-words\">Lors de ses premiers mots comme nouveau joueur de Rennes lundi, Rongier a d\u00e9samorc\u00e9 cette pol\u00e9mique en assumant ces petites piques dans un contexte de rivalit\u00e9 locale. \u00ab\u00a0Quand on est pass\u00e9 par le centre de formation, que ce soit du c\u00f4t\u00e9 de Rennes ou du c\u00f4t\u00e9 de Nantes, je pense qu\u2019on essaye de cultiver un petit peu cette rivalit\u00e9 et ce derby\u00a0\u00bb, a-t-il rappel\u00e9. \u00ab\u00a0Mais pour moi, si vous reprenez mes propos et mes chambrages, \u00e7a a toujours \u00e9t\u00e9 bon enfant. Je n\u2019ai jamais voulu manquer de respect \u00e0 l\u2019institution Rennes ou \u00e0 leurs supporters. S\u2019il y en a qui se sont sentis bless\u00e9s ou offens\u00e9s par mes propos, dans ce cas-l\u00e0 j\u2019en suis navr\u00e9.\u00a0\u00bb<\/p>\n<p class=\"mb-4 text-lg md:leading-8 break-words\"><a href=\"https:\/\/rmcsport.bfmtv.com\/football\/ligue-1\/j-aime-trop-rennes-offre-une-chevre-a-valentin-rongier-apres-sa-signature-et-ses-chambrages_AV-202507220051.html#xtor=AL-68\" rel=\"nofollow noopener\" target=\"_blank\" data-ylk=\"slk:Article original publi\u00e9 sur RMC Sport;elm:context_link;itc:0;sec:content-canvas\" class=\"link \">Article original publi\u00e9 sur RMC Sport<\/a><\/p>\n","protected":false},"excerpt":{"rendered":"Une petite blague pour d\u00e9tendre l\u2019atmosph\u00e8re. Le Stade Rennais a offert un petit cadeau \u00e0 sa nouvelle recrue,&hellip;\n","protected":false},"author":2,"featured_media":264950,"comment_status":"","ping_status":"","sticky":false,"template":"","format":"standard","meta":{"footnotes":""},"categories":[2821],"tags":[1111,11,829,11275,1777,674,1011,27,766,12,13658,584,25,938,40284],"class_list":{"0":"post-264949","1":"post","2":"type-post","3":"status-publish","4":"format-standard","5":"has-post-thumbnail","7":"category-rennes","8":"tag-actu","9":"tag-actualites","10":"tag-bretagne","11":"tag-cest-la-vie","12":"tag-eu","13":"tag-europe","14":"tag-fr","15":"tag-france","16":"tag-nantes","17":"tag-news","18":"tag-rennais","19":"tag-rennes","20":"tag-republique-francaise","21":"tag-reseaux-sociaux","22":"tag-valentin-rongier"},"share_on_mastodon":{"url":"https:\/\/pubeurope.com\/@fr\/114895399307410011","error":""},"_links":{"self":[{"href":"https:\/\/www.europesays.com\/fr\/wp-json\/wp\/v2\/posts\/264949","targetHints":{"allow":["GET"]}}],"collection":[{"href":"https:\/\/www.europesays.com\/fr\/wp-json\/wp\/v2\/posts"}],"about":[{"href":"https:\/\/www.europesays.com\/fr\/wp-json\/wp\/v2\/types\/post"}],"author":[{"embeddable":true,"href":"https:\/\/www.europesays.com\/fr\/wp-json\/wp\/v2\/users\/2"}],"replies":[{"embeddable":true,"href":"https:\/\/www.europesays.com\/fr\/wp-json\/wp\/v2\/comments?post=264949"}],"version-history":[{"count":0,"href":"https:\/\/www.europesays.com\/fr\/wp-json\/wp\/v2\/posts\/264949\/revisions"}],"wp:featuredmedia":[{"embeddable":true,"href":"https:\/\/www.europesays.com\/fr\/wp-json\/wp\/v2\/media\/264950"}],"wp:attachment":[{"href":"https:\/\/www.europesays.com\/fr\/wp-json\/wp\/v2\/media?parent=264949"}],"wp:term":[{"taxonomy":"category","embeddable":true,"href":"https:\/\/www.europesays.com\/fr\/wp-json\/wp\/v2\/categories?post=264949"},{"taxonomy":"post_tag","embeddable":true,"href":"https:\/\/www.europesays.com\/fr\/wp-json\/wp\/v2\/tags?post=264949"}],"curies":[{"name":"wp","href":"https:\/\/api.w.org\/{rel}","templated":true}]}}