{"id":264955,"date":"2025-07-22T06:13:14","date_gmt":"2025-07-22T06:13:14","guid":{"rendered":"https:\/\/www.europesays.com\/fr\/264955\/"},"modified":"2025-07-22T06:13:14","modified_gmt":"2025-07-22T06:13:14","slug":"retards-annulations-perturbations-a-laeroport-de-nice-a-cause-dun-portique-en-panne","status":"publish","type":"post","link":"https:\/\/www.europesays.com\/fr\/264955\/","title":{"rendered":"Retards, annulations\u2026 Perturbations \u00e0 l\u2019a\u00e9roport de Nice \u00e0 cause d\u2019un portique en panne"},"content":{"rendered":"<p class=\"paragraph text_align_left lp-f-body-02\">Il a suffi d\u2019une panne pour p\u00e9naliser de nombreux voyageurs. Lundi soir, vers 20\u00a0heures, une grosse perturbation a touch\u00e9 <a href=\"https:\/\/www.leparisien.fr\/alpes-maritimes-06\/a-laeroport-de-nice-lia-passe-au-crible-les-voitures-de-location-pour-eviter-les-litiges-23-12-2024-BFCA5F6HNBB4TDYSULTSX2CX6I.php\" target=\"_blank\" rel=\"noreferrer nofollow noopener\">l\u2019a\u00e9roport de Nice<\/a> (Alpes-Maritimes). Un portique de s\u00e9curit\u00e9, de ceux qui permettent de d\u00e9tecter la pr\u00e9sence d\u2019objets interdits dans les avions, a cess\u00e9 de fonctionner.<\/p>\n<p class=\"paragraph text_align_left lp-f-body-02\">R\u00e9sultat, comme l\u2019a pr\u00e9cis\u00e9 l\u2019a\u00e9roport aupr\u00e8s de <a href=\"https:\/\/www.nicematin.com\/vie-locale\/-un-enorme-bazar-que-se-passe-t-il-ce-lundi-soir-a-l-aeroport-de-nice--995163\" target=\"_blank\" rel=\"noreferrer nofollow noopener\">Nice-Matin<\/a>, \u00ab\u00a0la police a demand\u00e9, par mesure de s\u00e9curit\u00e9, de faire ressortir les passagers de la salle d\u2019embarquement et de les faire passer de nouveau aux contr\u00f4les\u00a0\u00bb.<\/p>\n<p>Des retards et des vols annul\u00e9s<\/p>\n<p class=\"paragraph text_align_left lp-f-body-02\">Il a donc fallu \u00e9vacuer 2 000 personnes, pour les faire entrer de nouveau. De quoi causer \u00ab\u00a0d\u2019importants retards\u00a0\u00bb sur les vols lundi soir, ainsi que des annulations, a pr\u00e9cis\u00e9 l\u2019a\u00e9roport aupr\u00e8s du journal local. D\u2019apr\u00e8s <a href=\"https:\/\/www.bfmtv.com\/economie\/entreprises\/transports\/video-nice-un-souci-sur-un-portique-de-securite-provoque-d-importants-retards-et-des-annulations-a-l-aeroport_VN-202507220054.html\" target=\"_blank\" rel=\"noreferrer nofollow noopener\">BFMTV<\/a>, en tout, six vols ont \u00e9t\u00e9 annul\u00e9s et 30 retard\u00e9s.<\/p>\n<blockquote class=\"twitter-tweet\">\n<p lang=\"fr\" dir=\"ltr\">En raison d\u2019un incident technique li\u00e9 \u00e0 la s\u00fbret\u00e9 et \u00e0 la demande de la police, les passagers doivent repasser les contr\u00f4les. Retards importants \u00e0 pr\u00e9voir<\/p>\n<p>\u2014 A\u00e9roport de Nice (@AeroportNice) <a href=\"https:\/\/twitter.com\/AeroportNice\/status\/1947378001462890563?ref_src=twsrc%5Etfw\" rel=\"nofollow noopener\" target=\"_blank\">July 21, 2025<\/a><\/p><\/blockquote>\n<p class=\"paragraph text_align_left lp-f-body-02\">Selon <a href=\"https:\/\/rmc.bfmtv.com\/actualites\/societe\/video-vols-annules-avions-retardes-une-panne-de-portique-de-securite-a-seme-la-pagaille-a-l-aeroport-de-nice-hier_VN-202507220092.html\" target=\"_blank\" rel=\"noreferrer nofollow noopener\">RMC<\/a>, certains voyageurs dont le vol a \u00e9t\u00e9 supprim\u00e9 ont m\u00eame d\u00fb <a href=\"https:\/\/www.leparisien.fr\/faits-divers\/a-laeroport-de-nice-un-sdf-se-faufile-sur-le-tapis-a-bagages-pour-sintroduire-sur-la-piste-24-12-2024-IMVZ3UFC2BFE7IYRYHHPSHIVSQ.php\" target=\"_blank\" rel=\"noreferrer nofollow noopener\">repartir sans leur valise<\/a>, qui avait d\u00e9j\u00e0 \u00e9t\u00e9 d\u00e9pos\u00e9e \u00e0 l\u2019embarquement.<\/p>\n<p class=\"paragraph text_align_left lp-f-body-02\">L\u2019a\u00e9roport a assur\u00e9 mener une enqu\u00eate pour \u00e9viter que cette panne ne se reproduise.<\/p>\n<p><script async src=\"https:\/\/platform.twitter.com\/widgets.js\" charset=\"utf-8\"><\/script><\/p>\n","protected":false},"excerpt":{"rendered":"Il a suffi d\u2019une panne pour p\u00e9naliser de nombreux voyageurs. Lundi soir, vers 20\u00a0heures, une grosse perturbation a&hellip;\n","protected":false},"author":2,"featured_media":264956,"comment_status":"","ping_status":"","sticky":false,"template":"","format":"standard","meta":{"footnotes":""},"categories":[2819],"tags":[1111,11,459,33,1777,674,1011,27,12,2401,882,25],"class_list":{"0":"post-264955","1":"post","2":"type-post","3":"status-publish","4":"format-standard","5":"has-post-thumbnail","7":"category-nice","8":"tag-actu","9":"tag-actualites","10":"tag-departements-horsidfo","11":"tag-economie","12":"tag-eu","13":"tag-europe","14":"tag-fr","15":"tag-france","16":"tag-news","17":"tag-nice","18":"tag-provence-alpes-cote-dazur","19":"tag-republique-francaise"},"share_on_mastodon":{"url":"https:\/\/pubeurope.com\/@fr\/114895415156150041","error":""},"_links":{"self":[{"href":"https:\/\/www.europesays.com\/fr\/wp-json\/wp\/v2\/posts\/264955","targetHints":{"allow":["GET"]}}],"collection":[{"href":"https:\/\/www.europesays.com\/fr\/wp-json\/wp\/v2\/posts"}],"about":[{"href":"https:\/\/www.europesays.com\/fr\/wp-json\/wp\/v2\/types\/post"}],"author":[{"embeddable":true,"href":"https:\/\/www.europesays.com\/fr\/wp-json\/wp\/v2\/users\/2"}],"replies":[{"embeddable":true,"href":"https:\/\/www.europesays.com\/fr\/wp-json\/wp\/v2\/comments?post=264955"}],"version-history":[{"count":0,"href":"https:\/\/www.europesays.com\/fr\/wp-json\/wp\/v2\/posts\/264955\/revisions"}],"wp:featuredmedia":[{"embeddable":true,"href":"https:\/\/www.europesays.com\/fr\/wp-json\/wp\/v2\/media\/264956"}],"wp:attachment":[{"href":"https:\/\/www.europesays.com\/fr\/wp-json\/wp\/v2\/media?parent=264955"}],"wp:term":[{"taxonomy":"category","embeddable":true,"href":"https:\/\/www.europesays.com\/fr\/wp-json\/wp\/v2\/categories?post=264955"},{"taxonomy":"post_tag","embeddable":true,"href":"https:\/\/www.europesays.com\/fr\/wp-json\/wp\/v2\/tags?post=264955"}],"curies":[{"name":"wp","href":"https:\/\/api.w.org\/{rel}","templated":true}]}}