{"id":264959,"date":"2025-07-22T06:15:12","date_gmt":"2025-07-22T06:15:12","guid":{"rendered":"https:\/\/www.europesays.com\/fr\/264959\/"},"modified":"2025-07-22T06:15:12","modified_gmt":"2025-07-22T06:15:12","slug":"le-voyage-a-nantes-entre-deux-rives","status":"publish","type":"post","link":"https:\/\/www.europesays.com\/fr\/264959\/","title":{"rendered":"le Voyage \u00e0 Nantes, entre deux rives"},"content":{"rendered":"<p>Con\u00e7ue \u00e0 quatre mains, la 14e\u00a0\u00e9dition de la manifestation culturelle saisonni\u00e8re pr\u00e9sente cette ann\u00e9e une offre de transition.<\/p>\n<p class=\"fig-paragraph\">Vision surr\u00e9aliste au centre-ville\u00a0<a href=\"https:\/\/www.lefigaro.fr\/nantes\" target=\"_blank\" data-fig-type=\"Section\" rel=\"noopener\" data-gtm-custom-categorie=\"navigation\" data-gtm-custom-action=\"crossclick\" data-gtm-custom-label=\"Contextuel\" data-gtm-event=\"customEventSPE\" data-fig-domain=\"LEFIGARO\">de Nantes<\/a>. Un homme en bronze marche \u00e0 la verticale, les pieds \u00e0 l\u2019envers, le long du f\u00fbt cannel\u00e9 d\u2019une colonne. Au sommet du monument, le n\u00e9ant &#8211;\u00a0ou, du moins, son apparence. Intitul\u00e9e Antipodos, l\u2019installation de l\u2019artiste colombien Ivan Argote se joue d\u2019un faux d\u00e9boulonnage. Une statue\u00a0<a href=\"http:\/\/www.lefigaro.fr\/histoire\/les-derniers-jours-du-roi-louis-xvi-20250118\" target=\"_blank\" data-fig-type=\"Article\" rel=\"noopener\" data-gtm-custom-categorie=\"navigation\" data-gtm-custom-action=\"crossclick\" data-gtm-custom-label=\"Contextuel\" data-gtm-event=\"customEventSPE\" data-fig-domain=\"LEFIGARO\">de Louis\u00a0XVI<\/a>\u00a0couronne d\u2019ordinaire le f\u00fbt ainsi escalad\u00e9, place Mar\u00e9chal-Foch\u00a0;\u00a0<a href=\"http:\/\/www.lefigaro.fr\/nantes\/nantes-louis-de-bourbon-regrette-la-disparition-provisoire-de-la-statue-de-son-ancetre-louis-xvi-20250503\" target=\"_blank\" data-fig-type=\"NewsFlash\" rel=\"noopener\" data-gtm-custom-categorie=\"navigation\" data-gtm-custom-action=\"crossclick\" data-gtm-custom-label=\"Contextuel\" data-gtm-event=\"customEventSPE\" data-fig-domain=\"LEFIGARO\">la voici dissimul\u00e9e l\u2019\u00e9t\u00e9 durant<\/a>\u00a0derri\u00e8re des panneaux couverts de film miroir qui r\u00e9fl\u00e9chissent le ciel et l\u2019horizon nantais. Inspir\u00e9e par l\u2019histoire mouvement\u00e9e de la ville et de cette colonne, laiss\u00e9e inachev\u00e9e de la R\u00e9volution\u00a0<a href=\"https:\/\/www.lefigaro.fr\/vox\/politique\/la-restauration-dans-notre-histoire-un-legs-oublie-20200220\" target=\"_blank\" data-fig-type=\"Article\" rel=\"noopener\" data-gtm-custom-categorie=\"navigation\" data-gtm-custom-action=\"crossclick\" data-gtm-custom-label=\"Contextuel\" data-gtm-event=\"customEventSPE\" data-fig-domain=\"LEFIGARO\">\u00e0 la Restauration<\/a>, l\u2019\u0153uvre amirale de la 14e\u00a0\u00e9dition du Voyage \u00e0 Nantes entend rappeler que \u00ab\u00a0l\u2019histoire n\u2019est jamais fig\u00e9e\u00a0\u00bb. Il en est singuli\u00e8rement de m\u00eame pour cette manifestation de plein air, en transition cette ann\u00e9e.<\/p>\n<p class=\"fig-body-link\">\n            \u00c0 lire aussi<br \/>\n        <a class=\"fig-body-link__link fig-premium-mark\" href=\"http:\/\/www.lefigaro.fr\/nantes\/pres-de-nantes-dans-l-antre-de-l-unique-facteur-de-harpes-classiques-en-france-20250714\" data-fig-type=\"NewsFlash\" data-gtm-custom-categorie=\"navigation\" data-gtm-custom-action=\"crossclick\" data-gtm-custom-label=\"Contextuel\" data-gtm-event=\"customEventSPE\" data-fig-domain=\"LEFIGARO\" target=\"_blank\" rel=\"noopener\">Pr\u00e8s de Nantes, dans l\u2019antre de l\u2019unique facteur de harpes classiques en France<br \/>\n    <\/a>\n<\/p>\n<p class=\"fig-paragraph\">Ce mill\u00e9sime est plac\u00e9 sous le signe d\u2019un passage de t\u00e9moin. Le Voyage a fait ses adieux, l\u2019hiver dernier, \u00e0 son fondateur,\u00a0<a href=\"http:\/\/www.lefigaro.fr\/nantes\/nantes-jean-blaise-le-directeur-du-voyage-a-nantes-place-en-garde-a-vue-dans-une-affaire-de-favoritisme-20230612\" target=\"_blank\" data-fig-type=\"NewsFlash\" rel=\"noopener\" data-gtm-custom-categorie=\"navigation\" data-gtm-custom-action=\"crossclick\" data-gtm-custom-label=\"Contextuel\" data-gtm-event=\"customEventSPE\" data-fig-domain=\"LEFIGARO\">Jean Blaise<\/a>\u2026<\/p>\n<p class=\"fig-premium-paywall__infos\">\n        Cet article est r\u00e9serv\u00e9 aux abonn\u00e9s.        Il vous reste 67% \u00e0 d\u00e9couvrir.\n    <\/p>\n<p>                <img  data- alt=\"Le Figaro\" class=\"fig-img--complete fig-img\"\/><\/p>\n<p class=\"fig-premium-paywall__title\">Vous avez envie de lire la suite ?<\/p>\n<p class=\"fig-premium-paywall__subtitle\">D\u00e9bloquez tous les articles imm\u00e9diatement.<\/p>\n<p class=\"fig-premium-paywall__connect\">\n                D\u00e9j\u00e0 abonn\u00e9\u00a0?                <a class=\"fig-premium-paywall__connect-link\" href=\"https:\/\/connect.lefigaro.fr\/login?client=horizon_web&amp;type=main&amp;redirect_uri=https%3A%2F%2Fwww.lefigaro.fr%2Fnantes%2Fl-histoire-n-est-jamais-figee-le-voyage-a-nantes-entre-deux-rives-20250722\" data-js-gtm=\"{&quot;customCategorie&quot;: &quot;conversion&quot;, &quot;customAction&quot;: &quot;before_Landing_Connexion_paywall_auto&quot;, &quot;customLabel&quot;: &quot;bGVmaWdhcm8uZnJfXzFmMDYyNDcxLWY1OWMtNjcxYS1iNTkxLTNiZmZiNGY0YWJmOV9fTmV3c0ZsYXNo_\u00abL\u2019histoire n\u2019est jamais fig\u00e9e\u00bb\u00a0: le Voyage \u00e0 Nantes, entre deux rives_135&quot;, &quot;customIDSPE&quot;: &quot;bGVmaWdhcm8uZnJfXzFmMDYyNDcxLWY1OWMtNjcxYS1iNTkxLTNiZmZiNGY0YWJmOV9fTmV3c0ZsYXNo&quot;, &quot;event&quot;: &quot;customEventSPE&quot;}\" target=\"_blank\" rel=\"noopener\"><br \/>\n                    Connectez-vous<br \/>\n                <\/a>\n            <\/p>\n","protected":false},"excerpt":{"rendered":"Con\u00e7ue \u00e0 quatre mains, la 14e\u00a0\u00e9dition de la manifestation culturelle saisonni\u00e8re pr\u00e9sente cette ann\u00e9e une offre de transition.&hellip;\n","protected":false},"author":2,"featured_media":264960,"comment_status":"","ping_status":"","sticky":false,"template":"","format":"standard","meta":{"footnotes":""},"categories":[2818],"tags":[1111,11,1396,1777,674,1011,27,766,12,2636,25],"class_list":{"0":"post-264959","1":"post","2":"type-post","3":"status-publish","4":"format-standard","5":"has-post-thumbnail","7":"category-nantes","8":"tag-actu","9":"tag-actualites","10":"tag-art-contemporain","11":"tag-eu","12":"tag-europe","13":"tag-fr","14":"tag-france","15":"tag-nantes","16":"tag-news","17":"tag-pays-de-la-loire","18":"tag-republique-francaise"},"share_on_mastodon":{"url":"https:\/\/pubeurope.com\/@fr\/114895423166414894","error":""},"_links":{"self":[{"href":"https:\/\/www.europesays.com\/fr\/wp-json\/wp\/v2\/posts\/264959","targetHints":{"allow":["GET"]}}],"collection":[{"href":"https:\/\/www.europesays.com\/fr\/wp-json\/wp\/v2\/posts"}],"about":[{"href":"https:\/\/www.europesays.com\/fr\/wp-json\/wp\/v2\/types\/post"}],"author":[{"embeddable":true,"href":"https:\/\/www.europesays.com\/fr\/wp-json\/wp\/v2\/users\/2"}],"replies":[{"embeddable":true,"href":"https:\/\/www.europesays.com\/fr\/wp-json\/wp\/v2\/comments?post=264959"}],"version-history":[{"count":0,"href":"https:\/\/www.europesays.com\/fr\/wp-json\/wp\/v2\/posts\/264959\/revisions"}],"wp:featuredmedia":[{"embeddable":true,"href":"https:\/\/www.europesays.com\/fr\/wp-json\/wp\/v2\/media\/264960"}],"wp:attachment":[{"href":"https:\/\/www.europesays.com\/fr\/wp-json\/wp\/v2\/media?parent=264959"}],"wp:term":[{"taxonomy":"category","embeddable":true,"href":"https:\/\/www.europesays.com\/fr\/wp-json\/wp\/v2\/categories?post=264959"},{"taxonomy":"post_tag","embeddable":true,"href":"https:\/\/www.europesays.com\/fr\/wp-json\/wp\/v2\/tags?post=264959"}],"curies":[{"name":"wp","href":"https:\/\/api.w.org\/{rel}","templated":true}]}}