{"id":26496,"date":"2025-04-15T12:23:07","date_gmt":"2025-04-15T12:23:07","guid":{"rendered":"https:\/\/www.europesays.com\/fr\/26496\/"},"modified":"2025-04-15T12:23:07","modified_gmt":"2025-04-15T12:23:07","slug":"les-ventes-de-voitures-electriques-au-royaume-uni-atteignent-le-chiffre-record-de-100-000-unites-mensuelles-en-mars-2025","status":"publish","type":"post","link":"https:\/\/www.europesays.com\/fr\/26496\/","title":{"rendered":"Les ventes de voitures \u00e9lectriques au Royaume-Uni atteignent le chiffre record de 100 000 unit\u00e9s mensuelles en mars 2025"},"content":{"rendered":"<p class=\"bodytext\">Le Royaume-Uni conna\u00eet un boom de la mobilit\u00e9 sans \u00e9mission de gaz d&rsquo;\u00e9chappement, les ventes de VE ayant atteint 100 000 unit\u00e9s en mars 2025, un record. Selon les chiffres publi\u00e9s par Rho Motion, la croissance a \u00e9t\u00e9 nettement sup\u00e9rieure \u00e0 celle du reste de l&rsquo;Europe.&#13;<\/p>\n<p class=\"bodytext\">Les v\u00e9hicules purement \u00e9lectriques ont vu leurs ventes bondir de 41 % au premier trimestre 2025 au Royaume-Uni, contre 22 % en Europe et 29 % au niveau mondial. En France, les concessionnaires automobiles ont vendu 18 % de VE en moins au cours du premier trimestre, apr\u00e8s que le pays a r\u00e9duit ses incitations. L&rsquo;Allemagne et l&rsquo;Italie, en revanche, ont enregistr\u00e9 une croissance de 37 % et 64 %, respectivement.&#13;<\/p>\n<p class=\"bodytext\">Charles Lester, responsable des donn\u00e9es chez Rho Motion, r\u00e9sume le rapport en ces termes : \u00ab\u00a0Ce trimestre, bien que turbulent, a \u00e9t\u00e9 marqu\u00e9 par un fort taux de croissance du march\u00e9 des VE \u00e0 l&rsquo;\u00e9chelle mondiale. Certains pays, comme le Royaume-Uni, ont connu un mois de mars record, les automobilistes continuant \u00e0 se tourner vers l&rsquo;\u00e9lectrique.&#13;<\/p>\n<p class=\"bodytext\">\u00ab\u00a0La suppression des subventions en France a eu un effet r\u00e9ducteur sur les ventes, qui ont baiss\u00e9 de 18 %. Pendant ce temps, en Am\u00e9rique du Nord, les pr\u00e9visions peinent \u00e0 suivre le rythme des annonces politiques de l&rsquo;actuelle administration de la Maison Blanche\u00a0\u00bb&#13;<\/p>\n<p class=\"bodytext\">M. Lester a expliqu\u00e9 l&rsquo;effet de la suppression des subventions sur les ventes de v\u00e9hicules \u00e9lectriques : \u00ab\u00a0Ce qui est s\u00fbr, c&rsquo;est que le march\u00e9 des v\u00e9hicules \u00e9lectriques a d\u00e9j\u00e0 du mal \u00e0 concurrencer les v\u00e9hicules \u00e0 moteur \u00e0 combustion interne en termes de co\u00fbts, de sorte que la r\u00e9duction des subventions et l&rsquo;application de tarifs douaniers \u00e9lev\u00e9s \u00e0 une cha\u00eene d&rsquo;approvisionnement tr\u00e8s internationale ne manqueront pas d&rsquo;avoir un effet de refroidissement sur l&rsquo;industrie&#13;<\/p>\n<p class=\"bodytext\">La Chine, quant \u00e0 elle, a enregistr\u00e9 une augmentation de 36 % au cours du premier trimestre, les ventes de v\u00e9hicules \u00e9lectriques ayant presque atteint un million d&rsquo;unit\u00e9s en mars. Rho Motion pr\u00e9voit que les guerres commerciales en cours entre la Chine et les \u00c9tats-Unis n&rsquo;auront qu&rsquo;un impact minime sur les ventes de v\u00e9hicules \u00e9lectriques de ce pays.<\/p>\n","protected":false},"excerpt":{"rendered":"Le Royaume-Uni conna\u00eet un boom de la mobilit\u00e9 sans \u00e9mission de gaz d&rsquo;\u00e9chappement, les ventes de VE ayant&hellip;\n","protected":false},"author":2,"featured_media":26497,"comment_status":"","ping_status":"","sticky":false,"template":"","format":"standard","meta":{"footnotes":""},"categories":[1588],"tags":[11,1777,674,9412,9407,12,1113,5747,9411,9409,473,1853,9408,374,1851,1850,1852,9406,9410,3889],"class_list":{"0":"post-26496","1":"post","2":"type-post","3":"status-publish","4":"format-standard","5":"has-post-thumbnail","7":"category-royaume-uni","8":"tag-actualites","9":"tag-eu","10":"tag-europe","11":"tag-informations-sur-des-ordinateurs-portatifs","12":"tag-mars-2025","13":"tag-news","14":"tag-nouvelles","15":"tag-rapport","16":"tag-revues","17":"tag-rho-motion","18":"tag-royaume-uni","19":"tag-royaume-uni-de-grande-bretagne-et-dirlande-du-nord","20":"tag-t1-2025","21":"tag-test","22":"tag-uk","23":"tag-united-kingdom","24":"tag-united-kingdom-of-great-britain-and-northern-ireland","25":"tag-ve","26":"tag-ventes-dautomobiles","27":"tag-voitures-electriques"},"share_on_mastodon":{"url":"https:\/\/pubeurope.com\/@fr\/114341963615931237","error":""},"_links":{"self":[{"href":"https:\/\/www.europesays.com\/fr\/wp-json\/wp\/v2\/posts\/26496","targetHints":{"allow":["GET"]}}],"collection":[{"href":"https:\/\/www.europesays.com\/fr\/wp-json\/wp\/v2\/posts"}],"about":[{"href":"https:\/\/www.europesays.com\/fr\/wp-json\/wp\/v2\/types\/post"}],"author":[{"embeddable":true,"href":"https:\/\/www.europesays.com\/fr\/wp-json\/wp\/v2\/users\/2"}],"replies":[{"embeddable":true,"href":"https:\/\/www.europesays.com\/fr\/wp-json\/wp\/v2\/comments?post=26496"}],"version-history":[{"count":0,"href":"https:\/\/www.europesays.com\/fr\/wp-json\/wp\/v2\/posts\/26496\/revisions"}],"wp:featuredmedia":[{"embeddable":true,"href":"https:\/\/www.europesays.com\/fr\/wp-json\/wp\/v2\/media\/26497"}],"wp:attachment":[{"href":"https:\/\/www.europesays.com\/fr\/wp-json\/wp\/v2\/media?parent=26496"}],"wp:term":[{"taxonomy":"category","embeddable":true,"href":"https:\/\/www.europesays.com\/fr\/wp-json\/wp\/v2\/categories?post=26496"},{"taxonomy":"post_tag","embeddable":true,"href":"https:\/\/www.europesays.com\/fr\/wp-json\/wp\/v2\/tags?post=26496"}],"curies":[{"name":"wp","href":"https:\/\/api.w.org\/{rel}","templated":true}]}}