{"id":264969,"date":"2025-07-22T06:20:15","date_gmt":"2025-07-22T06:20:15","guid":{"rendered":"https:\/\/www.europesays.com\/fr\/264969\/"},"modified":"2025-07-22T06:20:15","modified_gmt":"2025-07-22T06:20:15","slug":"limmense-chantier-avance-dans-les-temps","status":"publish","type":"post","link":"https:\/\/www.europesays.com\/fr\/264969\/","title":{"rendered":"l\u2019immense chantier avance, dans les temps"},"content":{"rendered":"<p>            Par<br \/>\n        <strong><br \/>\n            <a href=\"https:\/\/actu.fr\/auteur\/amandine-vachez\" title=\"Consulter tous les articles de Amandine Vachez\" target=\"_blank\" rel=\"noopener\">Amandine Vachez<\/a><br \/>\n        <\/strong><\/p>\n<p>        Publi\u00e9 le<\/p>\n<p>            22 juil. 2025 \u00e0 8h04        <\/p>\n<p>\u00ab\u2009Le chantier avance bien\u2009\u00bb, assure-t-on du c\u00f4t\u00e9 de la Dir Nord, lundi 21\u00a0juillet 2025. Depuis quelques jours et jusqu\u2019au 19\u00a0ao\u00fbt 2025, une<b> partie de l\u2019autoroute A1<\/b> est <a href=\"https:\/\/actu.fr\/hauts-de-france\/ronchin_59507\/au-sud-de-lille-lautoroute-a1-va-etre-totalement-fermee-durant-plusieurs-semaines-attention-aux-bouchons_62762022.html\" target=\"_blank\" rel=\"noopener\">ferm\u00e9e \u00e0 la circulation<\/a>. Un <b>gros chantier est en cours<\/b> au sud de <a href=\"https:\/\/actu.fr\/lille\/\" target=\"_blank\" rel=\"noopener\">Lille<\/a> (Nord) pour r\u00e9nover ce <b>tron\u00e7on tr\u00e8s emprunt\u00e9<\/b>, notamment par les <b>poids lourds.<\/b><\/p>\n<p>13\u00a0millions d\u2019euros pour un chantier de 6 ouvrages<\/p>\n<p class=\" wall-content\">C\u2019est au niveau de Ronchin et Lezennes, dans le sens Lille vers Paris, que l\u2019<a href=\"https:\/\/actu.fr\/tag\/autoroute-1-a1\" target=\"_blank\" rel=\"noopener\">autoroute A1<\/a> est ferm\u00e9e cet \u00e9t\u00e9. Un chantier d\u2019envergure fait suite \u00e0 <a href=\"https:\/\/actu.fr\/hauts-de-france\/ronchin_59507\/lautoroute-a1-vers-lille-totalement-fermee-pour-de-gros-travaux-cet-ete_59751254.html\" target=\"_blank\" rel=\"noopener\">celui de 2023, dans l\u2019autre sens<\/a>, et concerne la jonction de l\u2019A1 et de l\u2019A25.<\/p>\n<p class=\" wall-content\"><b>Pendant 6 semaines, des ouvriers sont mobilis\u00e9s jour et nuit<\/b>, 7 jours sur 7 et quasiment 24\u2009h sur 24, pour travailler sur plusieurs parcelles de la route et des ouvrages divers. 6, au total, \u00ab\u2009pour assurer la s\u00e9curit\u00e9 sur ces routes et leur p\u00e9rennit\u00e9\u2009\u00bb, r\u00e9sume Marie Calio, cheffe de projet pour la Dir Nord.<\/p>\n<p>    <img   decoding=\"async\" loading=\"lazy\" class=\"size-large\" src=\"https:\/\/www.europesays.com\/fr\/wp-content\/uploads\/2025\/07\/2e101e966e78622201e966e7806201v-960x640.jpeg\" alt=\"L'\u00e9t\u00e9 2025, des travaux sont r\u00e9alis\u00e9s au sud de Lille (Nord) sur l'A1 vers Paris. Pendant plusieurs semaines, l'axe est ferm\u00e9 \u00e0 la circulation.\" width=\"960\" height=\"640\"\/><br \/>\n    L\u2019\u00e9t\u00e9 2025, des travaux sont r\u00e9alis\u00e9s au sud de Lille (Nord) sur l\u2019A1 vers Paris. Pendant plusieurs semaines, l\u2019axe est ferm\u00e9 \u00e0 la circulation. \u00a9Amandine Vachez<\/p>\n<p class=\" wall-content\">\u00ab<b>\u200970\u00a0personnes sont sur le chantier chaque jour<\/b>\u2009\u00bb, ajoute Nathalie Degryse, directrice de la Dir Nord, satisfaite de pouvoir dire que, pour l\u2019heure, le chantier dont <b>l\u2019investissement s\u2019\u00e9l\u00e8ve \u00e0 13\u00a0millions d\u2019euros<\/b>, est dans les temps. \u00ab\u2009Nous n\u2019avons pas eu de mauvaises surprises. Nous avons aussi l\u2019exp\u00e9rience du premier chantier qui est un atout\u2009\u00bb, appuie la repr\u00e9sentante de la structure. La Dir Nord m\u00e8ne ce chantier, r\u00e9alis\u00e9 avec l\u2019appui d\u2019entreprises sp\u00e9cialis\u00e9es. Les m\u00eames qu\u2019en 2023, annonce Marie Calio.<\/p>\n<p>Vid\u00e9os : en ce moment sur ActuRenforcer les voies lentes, s\u00e9curiser le r\u00e9seau dynamique<\/p>\n<p class=\" wall-content\">La chauss\u00e9e de <b>cette autoroute emprunt\u00e9e par 200\u2009000 v\u00e9hicules chaque jour (dans les deux sens) <\/b>est refaite, sur cette parcelle ferm\u00e9e \u00e0 la circulation. Parcelle <b>qui s\u2019\u00e9tend sur 5,2\u00a0km.<\/b>\u00a0<\/p>\n<p>    <img   decoding=\"async\" loading=\"lazy\" class=\"size-large\" src=\"https:\/\/www.europesays.com\/fr\/wp-content\/uploads\/2025\/07\/68391e966e7865c391e966e7830491v-960x640.jpeg\" alt=\"La chauss\u00e9e de l'A1 est renforc\u00e9e, pendant ces gros travaux. Parfois, il faut creuser jusqu'\u00e0 une vingtaine de centim\u00e8tres pour solidifier les portions.\" width=\"960\" height=\"640\"\/><br \/>\n    La chauss\u00e9e de l\u2019A1 est renforc\u00e9e, pendant ces gros travaux. Parfois, il faut creuser jusqu\u2019\u00e0 une vingtaine de centim\u00e8tres pour solidifier les portions. \u00a9Amandine Vachez<\/p>\n<p class=\" wall-content\">Concr\u00e8tement, sur le chantier, il est question de r\u00e9nover les voies, ab\u00eem\u00e9es \u00e0 cause du passage des v\u00e9hicules, plus pr\u00e9cis\u00e9ment des poids lourds (13\u2009% du trafic). Les voies lentes sont renforc\u00e9es. Parfois, cela n\u00e9cessite d\u2019aller jusqu\u2019\u00e0 22\u00a0cm de profondeur. \u00ab\u2009Des outils nous permettent de mesurer de combien il faut creuser \u00e0 chaque endroit pour s\u00e9curiser la zone\u2009\u00bb, pr\u00e9cise-t-on \u00e0 la Dir Nord.<\/p>\n<p class=\" wall-content\">Selon les zones,<b> les \u00e9quipes bouchent les trous, renforcent l\u2019\u00e9tanch\u00e9it\u00e9 ou coulent du b\u00e9ton. <\/b>Sur un pont, une \u00ab\u2009mise \u00e0 nu\u2009\u00bb permet de renforcer la structure, avant de placer les <b>glissi\u00e8res de s\u00e9curit\u00e9.<\/b><\/p>\n<p>    <img   decoding=\"async\" loading=\"lazy\" class=\"size-large\" src=\"https:\/\/www.europesays.com\/fr\/wp-content\/uploads\/2025\/07\/b6c393676e786cbc393676e78afc39v-960x640.jpeg\" alt=\"La chauss\u00e9e et des ponts sont en travaux, pendant la fermeture de l'A1 au sud de Lille (Nord), en juillet 2025.\" width=\"960\" height=\"640\"\/><br \/>\n    La chauss\u00e9e et des ponts sont en travaux, pendant la fermeture de l\u2019A1 au sud de Lille (Nord), en juillet 2025. \u00a9Amandine Vachez<\/p>\n<p class=\" wall-content\">\u00c0 c\u00f4t\u00e9 des travaux de la chauss\u00e9e, une <b>s\u00e9curisation du \u00ab\u2009r\u00e9seau dynamique\u2009\u00bb<\/b> (i. e. les affichages en temps r\u00e9el sur les panneaux lumineux) est faite, avec un passage des \u00e9quipements en souterrain. \u00ab\u2009C\u2019est la solution que nous avons trouv\u00e9e pour \u00e9viter les actes de vandalisme\u2009\u00bb, indique-t-on \u00e0 la Dir Nord, qui surveille l\u2019avanc\u00e9e du chantier depuis Villeneuve-d\u2019Ascq, avec un renfort du service d\u2019ing\u00e9nierie de Reims.<\/p>\n<blockquote class=\"ac-article-quote wall-content\">\n<p>\u00ab\u2009On a r\u00e9uni un maximum de travaux sur ce temps de fermeture, pour g\u00eaner le moins possible les usagers.\u2009\u00bb<\/p>\n<p>Marie Calio, cheffe de projet pour la Dir Nord.<\/p><\/blockquote>\n<p>Expliquer ce qui est fait pour que les usagers comprennent<\/p>\n<p class=\" wall-content\">Les travaux, cette portion \u00ab\u2009en avait bien besoin\u2009\u00bb, pr\u00e9cise Nathalie Degryse. \u00ab\u2009Cette chauss\u00e9e a 17\u00a0ans d\u2019\u00e2ge\u2009\u00bb. La visite du pr\u00e9fet ce lundi, \u00e0 qui ont \u00e9t\u00e9 pr\u00e9sent\u00e9s les ouvrages en cours, a \u00e9t\u00e9 l\u2019occasion d\u2019inviter la presse. \u00ab\u2009\u00c7a nous permet de <b>toucher les usagers, qu\u2019ils comprennent pourquoi les routes sont ferm\u00e9es<\/b>\u2009\u00bb, appuie Nathalie Degryse. Elle rappelle \u00e0 cette occasion que la Dir Nord est charg\u00e9e de surveiller et entretenir<b> 1\u2009000\u00a0km de routes et plus de 700 ponts. <\/b>Le d\u00e9fi\u2009: engager les travaux sur les zones n\u00e9cessaires, d\u00e8s le d\u00e9but des d\u00e9gradations pour limiter tout risque.<\/p>\n<p class=\" wall-content\">Suivez toute l\u2019actualit\u00e9 de vos villes et m\u00e9dias favoris en vous inscrivant \u00e0 <a href=\"https:\/\/moncompte.actu.fr\" title=\"D\u00e9couvez Mon Actu\" rel=\"nofollow noopener\" data-trk=\"{&quot;cta&quot;:{&quot;action&quot;:&quot;https:\\\/\\\/moncompte.actu.fr&quot;,&quot;category&quot;:&quot;mon compte&quot;,&quot;from&quot;:&quot;article footer&quot;,&quot;name&quot;:&quot;Mon actu&quot;,&quot;type&quot;:&quot;cta&quot;}}\" target=\"_blank\">Mon Actu<\/a>.<\/p>\n","protected":false},"excerpt":{"rendered":"Par Amandine Vachez Publi\u00e9 le 22 juil. 2025 \u00e0 8h04 \u00ab\u2009Le chantier avance bien\u2009\u00bb, assure-t-on du c\u00f4t\u00e9 de&hellip;\n","protected":false},"author":2,"featured_media":264970,"comment_status":"","ping_status":"","sticky":false,"template":"","format":"standard","meta":{"footnotes":""},"categories":[2815],"tags":[1111,11,9904,3542,1777,674,1011,27,811,1307,12,25,104,2086],"class_list":{"0":"post-264969","1":"post","2":"type-post","3":"status-publish","4":"format-standard","5":"has-post-thumbnail","7":"category-lille","8":"tag-actu","9":"tag-actualites","10":"tag-autoroute-1-a1","11":"tag-circulation","12":"tag-eu","13":"tag-europe","14":"tag-fr","15":"tag-france","16":"tag-hauts-de-france","17":"tag-lille","18":"tag-news","19":"tag-republique-francaise","20":"tag-societe","21":"tag-travaux"},"share_on_mastodon":{"url":"https:\/\/pubeurope.com\/@fr\/114895442754703279","error":""},"_links":{"self":[{"href":"https:\/\/www.europesays.com\/fr\/wp-json\/wp\/v2\/posts\/264969","targetHints":{"allow":["GET"]}}],"collection":[{"href":"https:\/\/www.europesays.com\/fr\/wp-json\/wp\/v2\/posts"}],"about":[{"href":"https:\/\/www.europesays.com\/fr\/wp-json\/wp\/v2\/types\/post"}],"author":[{"embeddable":true,"href":"https:\/\/www.europesays.com\/fr\/wp-json\/wp\/v2\/users\/2"}],"replies":[{"embeddable":true,"href":"https:\/\/www.europesays.com\/fr\/wp-json\/wp\/v2\/comments?post=264969"}],"version-history":[{"count":0,"href":"https:\/\/www.europesays.com\/fr\/wp-json\/wp\/v2\/posts\/264969\/revisions"}],"wp:featuredmedia":[{"embeddable":true,"href":"https:\/\/www.europesays.com\/fr\/wp-json\/wp\/v2\/media\/264970"}],"wp:attachment":[{"href":"https:\/\/www.europesays.com\/fr\/wp-json\/wp\/v2\/media?parent=264969"}],"wp:term":[{"taxonomy":"category","embeddable":true,"href":"https:\/\/www.europesays.com\/fr\/wp-json\/wp\/v2\/categories?post=264969"},{"taxonomy":"post_tag","embeddable":true,"href":"https:\/\/www.europesays.com\/fr\/wp-json\/wp\/v2\/tags?post=264969"}],"curies":[{"name":"wp","href":"https:\/\/api.w.org\/{rel}","templated":true}]}}