{"id":264973,"date":"2025-07-22T06:22:11","date_gmt":"2025-07-22T06:22:11","guid":{"rendered":"https:\/\/www.europesays.com\/fr\/264973\/"},"modified":"2025-07-22T06:22:11","modified_gmt":"2025-07-22T06:22:11","slug":"pendant-lete-lfi-continue-de-creuser-son-sillon-dans-les-quartiers-populaires-de-marseille","status":"publish","type":"post","link":"https:\/\/www.europesays.com\/fr\/264973\/","title":{"rendered":"Pendant l&rsquo;\u00e9t\u00e9, LFI continue de creuser son sillon dans les quartiers populaires de Marseille"},"content":{"rendered":"<p>Quelque 12\u00a0millions de personnes mal ou pas inscrites sur les <a href=\"https:\/\/www.laprovence.com\/article\/france-monde\/4962955195424515\/legislatives-les-listes-electorales-arretees-au-9-juin-aucun-delai-accorde\" target=\"_blank\" rel=\"nofollow noopener\">listes \u00e9lectorales<\/a> en France. Et 40% des m\u00e9nages qui ne partent pas en vacances. Les chiffres \u00e9grain\u00e9s devant la petite foule de militants suffisent \u00e0 justifier l\u2019\u00e9tape de la \u00ab\u00a0caravane populaire\u00a0\u00bb de La France insoumise \u00e0 <a href=\"https:\/\/www.laprovence.com\/article\/region\/30795507697400\/urbanisme-a-air-bel-a-marseille-les-demolitions-au-coeur-des-inquietudes\" target=\"_blank\" rel=\"nofollow noopener\">Air-Bel, \u00e0 Marseille<\/a> (11e), ce lundi 21\u00a0juillet.<\/p>\n<p>Deux d\u2019entre elles sillonnent ainsi la France pendant quinze jours avec un premier objectif\u00a0: encourager l\u2019inscription sur les listes \u00e9lectorales dans les quartiers populaires. \u00ab\u00a0Les riches et les racistes iront voter\u00a0\u00bb, argue un jeune Insoumis. \u00ab\u00a0Ici, nous faisons des r\u00e9sultats importants, mais avec une participation bien plus faible que sur le reste du territoire\u00a0\u00bb, explique <a href=\"https:\/\/www.laprovence.com\/article\/politique\/24704755855769\/a-marseille-linsoumis-manuel-bompard-en-terrain-conquis-dans-le-quartier-de-noailles\" target=\"_blank\" rel=\"nofollow noopener\">Manuel Bompard<\/a>, dans des termes moins clivants.<\/p>\n<p>Pour le d\u00e9put\u00e9 (LFI) marseillais, qui m\u00e8ne cette campagne de porte-\u00e0-porte suivie d\u2019une rencontre au c\u0153ur du quartier, il faut donc faire grossir l\u2019\u00e9lectorat \u00ab\u00a0m\u00eame s\u2019il n\u2019y a pas d\u2019\u00e9ch\u00e9ance \u00e9lectorale imm\u00e9diate\u00a0\u00bb. Pour lui, les <a href=\"https:\/\/www.laprovence.com\/article\/elections\/2274092016311114\/municipales-2026-comment-la-nouvelle-loi-plm-rebat-deja-les-cartes-de-la-campagne-a-marseille\" target=\"_blank\" rel=\"nofollow noopener\">municipales de\u00a02026<\/a> sont donc encore loin. Mais l\u2019op\u00e9ration reste l\u2019occasion de faire passer des questionnaires pour \u00ab\u00a0l\u2019\u00e9laboration du programme municipal\u00a0\u00bb et de constituer une petite base de donn\u00e9es d\u2019\u00e9lecteurs et de militants potentiels en vue de la campagne.<\/p>\n<p>\u00ab\u00a0J\u2019ai vot\u00e9 pour untel et il ne m\u2019a pas donn\u00e9 de logement\u00a0\u00bb<\/p>\n<p>Air-Bel n\u2019est pas tout \u00e0 fait choisi au hasard. \u00ab\u00a0C\u2019est un quartier de lutte, contre la l\u00e9gionellose ou pour <a href=\"https:\/\/www.laprovence.com\/article\/edition-martigues-istres\/6707220\/a-air-bel-les-habitants-veulent-compter-dans-la-renovation.html\" target=\"_blank\" rel=\"nofollow noopener\">les politiques de r\u00e9novation urbaine<\/a>, et Jean-Luc M\u00e9lenchon \u00e9tait venu ici en 2018&Prime;, rappelle Mohamed Bensaada, l\u2019un des quatre chefs de file insoumis pour les municipales marseillaises. Brief\u00e9e, la petite \u00e9quipe s\u2019\u00e9lance vers les tours qui attendent une r\u00e9novation depuis plus de 20\u00a0ans.<\/p>\n","protected":false},"excerpt":{"rendered":"Quelque 12\u00a0millions de personnes mal ou pas inscrites sur les listes \u00e9lectorales en France. Et 40% des m\u00e9nages&hellip;\n","protected":false},"author":2,"featured_media":264974,"comment_status":"","ping_status":"","sticky":false,"template":"","format":"standard","meta":{"footnotes":""},"categories":[2814],"tags":[17,1111,11,33487,40454,1777,674,1011,27,20839,780,884,12,6202,882,16,25,11646,3711],"class_list":{"0":"post-264973","1":"post","2":"type-post","3":"status-publish","4":"format-standard","5":"has-post-thumbnail","7":"category-marseille","8":"tag-17","9":"tag-actu","10":"tag-actualites","11":"tag-continue","12":"tag-creuser","13":"tag-eu","14":"tag-europe","15":"tag-fr","16":"tag-france","17":"tag-lete","18":"tag-lfi","19":"tag-marseille","20":"tag-news","21":"tag-pendant","22":"tag-provence-alpes-cote-dazur","23":"tag-region","24":"tag-republique-francaise","25":"tag-sillon","26":"tag-son"},"share_on_mastodon":{"url":"https:\/\/pubeurope.com\/@fr\/114895450465170464","error":""},"_links":{"self":[{"href":"https:\/\/www.europesays.com\/fr\/wp-json\/wp\/v2\/posts\/264973","targetHints":{"allow":["GET"]}}],"collection":[{"href":"https:\/\/www.europesays.com\/fr\/wp-json\/wp\/v2\/posts"}],"about":[{"href":"https:\/\/www.europesays.com\/fr\/wp-json\/wp\/v2\/types\/post"}],"author":[{"embeddable":true,"href":"https:\/\/www.europesays.com\/fr\/wp-json\/wp\/v2\/users\/2"}],"replies":[{"embeddable":true,"href":"https:\/\/www.europesays.com\/fr\/wp-json\/wp\/v2\/comments?post=264973"}],"version-history":[{"count":0,"href":"https:\/\/www.europesays.com\/fr\/wp-json\/wp\/v2\/posts\/264973\/revisions"}],"wp:featuredmedia":[{"embeddable":true,"href":"https:\/\/www.europesays.com\/fr\/wp-json\/wp\/v2\/media\/264974"}],"wp:attachment":[{"href":"https:\/\/www.europesays.com\/fr\/wp-json\/wp\/v2\/media?parent=264973"}],"wp:term":[{"taxonomy":"category","embeddable":true,"href":"https:\/\/www.europesays.com\/fr\/wp-json\/wp\/v2\/categories?post=264973"},{"taxonomy":"post_tag","embeddable":true,"href":"https:\/\/www.europesays.com\/fr\/wp-json\/wp\/v2\/tags?post=264973"}],"curies":[{"name":"wp","href":"https:\/\/api.w.org\/{rel}","templated":true}]}}