{"id":264985,"date":"2025-07-22T06:29:19","date_gmt":"2025-07-22T06:29:19","guid":{"rendered":"https:\/\/www.europesays.com\/fr\/264985\/"},"modified":"2025-07-22T06:29:19","modified_gmt":"2025-07-22T06:29:19","slug":"cest-quoi-ce-superette-gate-qui-dechaine-le-6e-arrondissement-et-bientot-toute-la-france-2","status":"publish","type":"post","link":"https:\/\/www.europesays.com\/fr\/264985\/","title":{"rendered":"C\u2019est quoi ce \u00ab\u00a0sup\u00e9rette-gate\u00a0\u00bb qui d\u00e9cha\u00eene le 6e\u00a0arrondissement (et bient\u00f4t toute la France)\u00a0?"},"content":{"rendered":"<p>Quand une simple affaire de quartier tourne \u00e0 la <a href=\"https:\/\/www.20minutes.fr\/societe\/1836551-20160429-lutte-classes-realite-toujours-actualite-69-francais\" class=\"color-ultramarine c-link\" rel=\"nofollow noopener\" target=\"_blank\">lutte des classes<\/a>. Depuis plusieurs jours, l\u2019installation d\u2019un <a href=\"https:\/\/www.20minutes.fr\/economie\/carrefour\/\" class=\"color-ultramarine c-link\" rel=\"nofollow noopener\" target=\"_blank\">Carrefour city<\/a> dans le 6e\u00a0arrondissement de <a href=\"https:\/\/www.20minutes.fr\/paris\/\" class=\"color-ultramarine c-link\" rel=\"nofollow noopener\" target=\"_blank\">Paris <\/a>d\u00e9cha\u00eene les passions dans un feuilleton de l\u2019\u00e9t\u00e9 digne de \u00ab\u00a0<a href=\"https:\/\/www.tf1.fr\/tf1\/dolmen\" rel=\"nofollow noopener\" target=\"_blank\" class=\"color-ultramarine c-link\">Dolmen\u00a0<\/a>\u00bb ou \u00ab\u00a0C\u0153ur Cara\u00efbes\u00a0\u00bb tant par son sujet que par l\u2019identit\u00e9 des protagonistes.<\/p>\n<p>Depuis plusieurs semaines, une rumeur agite le quartier de Notre-Dame-Des-Champs, dans le 6e\u00a0arrondissement de Paris. A quelques encablures du <a href=\"https:\/\/www.20minutes.fr\/tempo\/escapade\/4164246-20250719-meilleurs-endroits-pique-niquer-paris\" target=\"_blank\" class=\"color-ultramarine c-link\" rel=\"nofollow noopener\">jardin du Luxembourg<\/a>, situ\u00e9e entre la rue Br\u00e9a et la rue Vavin, la petite place pav\u00e9e \u00ab\u00a0Laurent Terzieff et Pascale de Boysson\u00a0\u00bb, pourrait changer de visage.<\/p>\n<p>Un petit march\u00e9 vu comme une \u00ab\u00a0nuisance\u00a0\u00bb par 3.000 signataires<\/p>\n<p>Il se dit que le local commercial situ\u00e9 \u00e0 l\u2019angle des deux rues pourrait accueillir au courant de l\u2019\u00e9t\u00e9 (l\u2019installation serait pr\u00e9vue le 21\u00a0ao\u00fbt) un Carrefour City, l\u00e0 o\u00f9, il y a quelques mois encore, tr\u00f4nait un magasin de jouets Oxybul. Une h\u00e9r\u00e9sie pour les habitants du quartier qui voient cette installation d\u2019un tr\u00e8s mauvais \u0153il.<\/p>\n<\/p>\n<p>D\u2019abord parce qu\u2019elle jurerait avec les caf\u00e9s, la fontaine Wallace et l\u2019immeuble class\u00e9 d\u2019Henri Sauvage. Mais surtout parce que les riverains craignent pour \u00ab\u00a0les nuisances\u00a0\u00bb, \u00ab\u00a0les risques pour leur s\u00e9curit\u00e9\u00a0\u00bb ou \u00ab\u00a0la peur de voir les d\u00e9chets s\u2019accumuler\u00a0\u00bb, citant p\u00eale-m\u00eale la mendicit\u00e9, une nouvelle population tent\u00e9e de venir se fournir en alcool le soir,\u00a0etc.<\/p>\n<p>Aussi, pour sauver leur quotidien en p\u00e9ril, nombre d\u2019entre eux (environ 3.000 selon les diff\u00e9rentes sources), ont sign\u00e9 la p\u00e9tition lanc\u00e9e par l\u2019ancien journaliste, devenu consultant, Bruno Segr\u00e9 qui expliquait en juin \u00e0 nos confr\u00e8res du <a href=\"https:\/\/www.leparisien.fr\/paris-75\/paris-apres-avoir-fait-plier-un-mcdo-il-y-a-30-ans-des-riverains-bloquent-larrivee-dun-carrefour-city-24-06-2025-CWLZVPXWFBD5FBKGC5JYGIXMXI.php\" rel=\"nofollow noopener\" target=\"_blank\" class=\"color-ultramarine c-link\">Parisien <\/a>qu\u2019il existe \u00ab\u00a0des familles qui s\u2019inqui\u00e8tent que les enfants d\u00e9sertent les cantines pour se retrouver sur la place \u00e0 midi\u00a0\u00bb ou que \u00ab\u00a0si la vente d\u2019alcool est encadr\u00e9e, la tentation existe pour les mineurs\u00a0\u00bb. Des craintes l\u00e9gitimes puisque la place est d\u00e9j\u00e0 le lieu de rendez-vous des pensionnaires d\u2019\u00e9tablissements tr\u00e8s hupp\u00e9s\u00a0: Facult\u00e9 de droit Assas, lyc\u00e9e Montaigne, Ecole alsacienne, groupe scolaire Notre-Dame de Sion, ou un peu plus loin, l\u2019<a href=\"https:\/\/www.20minutes.fr\/paris\/4071085-20240117-ecole-privee-stanislas-justice-saisie-car-etablissement-pietine-republique\" class=\"color-ultramarine c-link\" rel=\"nofollow noopener\" target=\"_blank\">\u00e9cole Stanislas<\/a>.<\/p>\n<p>Qui a vraiment sign\u00e9\u00a0? Et surtout pour quoi\u00a0?<\/p>\n<p>Une p\u00e9tition qui a pris une tournure m\u00e9diatique (et dramatique) depuis un article publi\u00e9 par nos confr\u00e8res du <a href=\"https:\/\/www.lemonde.fr\/m-le-mag\/article\/2025\/07\/19\/a-paris-les-tres-chics-opposants-a-une-superette-pres-du-jardin-du-luxembourg_6622120_4500055.html?random=699138428\" target=\"_blank\" class=\"color-ultramarine c-link\" rel=\"nofollow noopener\">Monde <\/a>et qui donne les noms de quelques riverains signataires prestigieux, confirmant des informations du m\u00e9dia La Lettre. Jugez un peu\u00a0: l\u2019ancien ministre Jacques Toubon, le chanteur Alain Souchon et ses deux fils, l\u2019essayiste Alain Finkielkraut, l\u2019avocate Sylvie Topaloff, l\u2019\u00e9ditorialiste Ruth Elkrief, l\u2019acteur Pierre Richard ou encore l\u2019actrice Catherine Frot.<\/p>\n<p>Plusieurs d\u2019entre eux ont depuis r\u00e9fut\u00e9, de mani\u00e8re partielle, comme <a href=\"https:\/\/x.com\/ruthelkrief\/status\/1946676915869229427?ref_src=twsrc%5Etfw%7Ctwcamp%5Etweetembed%7Ctwterm%5E1946676915869229427%7Ctwgr%5E3363a0950d70cb895bc8766e990f94c64da8625c%7Ctwcon%5Es1_&amp;ref_url=https%3A%2F%2Fwww.leparisien.fr%2Fparis-75%2Fpetition-contre-limplantation-dune-superette-a-paris-ces-celebrites-en-veulent-elles-vraiment-a-carrefour-city-20-07-2025-TC6GMIGJNZH6DHQNPDR6PJTXWQ.php\" rel=\"nofollow\" target=\"_blank\" class=\"color-ultramarine c-link\">Ruth Elkrief<\/a> qui dit avoir attest\u00e9 de son opposition au nouveau Carrefour, mais pas avoir sign\u00e9, ou Pierre Richard, qui, \u00e0 travers une vid\u00e9o, d\u00e9ment m\u00eame habiter dans l\u2019arrondissement (Il s\u2019agissait en r\u00e9alit\u00e9 de son homonyme, le banquier et fondateur de Dexia).<\/p>\n<p>L\u2019homme d\u2019affaires Denis Olivennes avance que la p\u00e9tition n\u2019\u00e9tait pas tr\u00e8s pr\u00e9cise sur son objectif, quand d\u2019autres affirment que leur signature aurait \u00e9t\u00e9 \u00ab\u00a0pirat\u00e9e\u00a0\u00bb ou \u00ab\u00a0imit\u00e9e\u00a0\u00bb.<\/p>\n<p>Entre m\u00e9pris et lutte des classes, les justifications agacent<\/p>\n<p>Mais ce qui a surtout soulev\u00e9 les commentaires, ce sont certaines justifications donn\u00e9es \u00e0 cet \u00e9lan de voisinage\u00a0: plaintes sur la fermeture des lieux culturels, multiplication des <a href=\"https:\/\/www.20minutes.fr\/dossier\/airbnb\" class=\"color-ultramarine c-link\" rel=\"nofollow noopener\" target=\"_blank\">Airbnb<\/a>, remplacement des petites enseignes par des grandes cha\u00eenes\u2026 ce que vit le reste de la capitale en somme.<\/p>\n<p>Oui, mais ce quartier n\u2019est pas le reste de la capitale comme le confie au Monde une riveraine qui garde l\u2019anonymat\u00a0: \u00ab\u00a0C\u2019est un quartier r\u00e9sidentiel, pas un quartier ouvrier. Il faut tenir compte du biotope, c\u2019est de la sociologie\u00a0!\u00a0\u00bb Des propos qui rel\u00e8vent d\u2019un entre-soi, v\u00e9cu sur les r\u00e9seaux sociaux comme une marque de m\u00e9pris, de rejet m\u00eame, de classes ais\u00e9es envers le reste de la population.<\/p>\n<p>M\u00eame la d\u00e9put\u00e9e socialiste de la 11e circonscription, C\u00e9line Hervieu, est prise \u00e0 partie pour ses mots rapport\u00e9s dans l\u2019article\u00a0: \u00ab\u00a0Dans le 6e, on est diff\u00e9rent, on a envie de garder nos sp\u00e9cificit\u00e9s, l\u2019aspect culturel de Montparnasse, l\u2019acc\u00e8s au beau, une qualit\u00e9 de vie\u2026 Ne pas \u00eatre dans cette marche forc\u00e9e\u00a0\u00bb, explique-t-elle pour rejeter \u00ab\u00a0une forme d\u2019uniformisation\u00a0\u00bb.<\/p>\n<p>\u00ab\u00a0Tout ce beau monde a surv\u00e9cu\u00a0\u00bb aux logements sociaux<\/p>\n<p>Si un grand nombre d\u2019internautes a choisi la voie de la moquerie pour commenter l\u2019affaire, beaucoup s\u2019indignent d\u2019une vision de classe des riverains\u00a0: \u00ab\u00a0Illustration de la cassure [\u2026] entre une \u00e9lite englu\u00e9e dans l\u2019entre-soi satisfait et pr\u00e9tentieux, et une classe moyenne m\u00e9pris\u00e9e\u00a0\u00bb, \u00ab\u00a0\u00c7a fait la le\u00e7on aux Fran\u00e7ais qui ne veulent pas des centres pour migrants dans leur village\u2026 Mais \u00e7a soutient des bobos qui refusent un Carrefour City\u2026\u00a0\u00bb, \u00ab\u00a0La d\u00e9connexion totale des \u00e9lites parisiennes qui consid\u00e8rent qu\u2019un Carrefour City va attirer des nuisances li\u00e9es \u00e0 une client\u00e8le populaire\u2026\u00a0\u00bb, disent m\u00eame certains qui raillent le c\u00f4t\u00e9 \u00ab\u00a0populaire\u00a0\u00bb relatif de l\u2019enseigne d\u00e9di\u00e9e au commerce de proximit\u00e9 de Carrefour.<\/p>\n<p class=\"mb-xxl@xs color-ultramarine font-weight-semi-bold@xs font-source-serif-pro heading-s@xs\">L\u2019acc\u00e8s \u00e0 ce contenu a \u00e9t\u00e9 bloqu\u00e9 afin de respecter votre choix de consentement<\/p>\n<p class=\"mb-m@xs text-l@xs\">En cliquant sur\u00ab J\u2019accepte \u00bb, vous acceptez le d\u00e9p\u00f4t de cookies par des services externes et aurez ainsi acc\u00e8s aux contenus de nos partenaires.<\/p>\n<p class=\"mb-xl@xs text-s@xs\">Plus d\u2019informations sur la page<a href=\"https:\/\/www.20minutes.fr\/gestion-cookies\" class=\"mx-xxs@xs color-ultramarine\" rel=\"nofollow noopener\" target=\"_blank\">Politique de gestion des cookies<\/a><\/p>\n<p>J\u2019accepte<\/p>\n<p>M\u00eame Ian Brossat, s\u00e9nateur communiste de Paris, y va de sa raillerie en soulignant la cr\u00e9ation r\u00e9cente de logements sociaux dans le quartier \u00e0 laquelle \u00ab\u00a0tout ce beau monde a surv\u00e9cu\u00a0\u00bb.<\/p>\n<p>Le maire du 6e estime avoir sauv\u00e9 les meubles<\/p>\n<p>Accus\u00e9 de trahison par les riverains qui attendaient de lui qu\u2019il fasse front commun, le maire LR du 6e\u00a0arrondissement, Jean-Pierre Lecoq r\u00e9pond et relativise. \u00ab\u00a0D\u2019abord, je dois encore pr\u00e9ciser que je n\u2019ai pas de pouvoir sur cette d\u00e9cision. Comme \u00e0 <a href=\"https:\/\/www.20minutes.fr\/lyon\/\" class=\"color-ultramarine c-link\" rel=\"nofollow noopener\" target=\"_blank\">Lyon <\/a>ou Marseille, \u00e0 Paris, le maire d\u2019arrondissement ne peut qu\u2019\u00e9mettre un avis. La d\u00e9cision finale revient \u00e0 la Mairie de Paris\u00a0\u00bb, pr\u00e9cise-t-il \u00e0 20 Minutes. Cet avis, il l\u2019a d\u00e9clar\u00e9 favorable, \u00e0 la stup\u00e9faction des habitants du quartier\u00a0: \u00ab\u00a0En\u00a01996, je m\u2019\u00e9tais oppos\u00e9 \u00e0 l\u2019implantation d\u2019un McDo, et c\u2019est pour cette m\u00eame raison que j\u2019ai accord\u00e9 mon avis ici. Pour \u00e9viter qu\u2019une marque de Fast-food ne vienne, avec tous les d\u00e9sagr\u00e9ments qui vont avec. J\u2019ai m\u00eame obtenu de Carrefour qu\u2019ils ferment \u00e0 22 heures, ce qui n\u2019est pas une mince affaire. J\u2019ai jug\u00e9 que Carrefour \u00e9tait moins dangereux pour le secteur qu\u2019un fast-food.\u00a0\u00bb<\/p>\n<p>\u00ab\u00a0C\u2019est le produit d\u2019une \u00e9volution soci\u00e9tale et \u00e9conomique. Des \u00e9piciers avec le b\u00e9ret et le tablier, \u00e7a n\u2019existe plus. Des enseignes comme Oxybul ont fait le choix du tout Internet, \u00e7a non plus je n\u2019y peux rien\u00a0\u00bb, justifie l\u2019\u00e9dile qui tient tout de m\u00eame \u00e0 positiver. \u00ab\u00a0Oui, il y a une sp\u00e9cificit\u00e9. Oui le 6e\u00a0arrondissement est un endroit b\u00e9ni des dieux, et ses habitants paient 30.000 euros le m2 pour cela et veulent garder cette vie un peu sp\u00e9ciale. Mais il le reste, m\u00eame avec un Carrefour City en bas de chez vous.\u00a0\u00bb<\/p>\n<p>\u00ab\u00a0On a tous le droit de d\u00e9fendre l\u2019endroit qu\u2019on aime et o\u00f9 on vit\u00a0\u00bb<\/p>\n<p>Une id\u00e9e \u00e9galement d\u00e9fendue par C\u00e9line Hervieu qui, aupr\u00e8s de 20 Minutes, regrette que ses propos aient \u00e9t\u00e9 isol\u00e9s (et parfois confondus avec ceux de la riveraine anonyme) et pointe un article \u00ab\u00a0\u00e0 charge\u00a0\u00bb\u00a0: \u00ab\u00a0Mes propos ont en effet \u00e9t\u00e9 sortis de leur contexte, mais sur le fond je suis et reste oppos\u00e9e \u00e0 l\u2019ouverture de ce nouveau supermarch\u00e9 dans un quartier qui en comprend d\u00e9j\u00e0 cinq dans les 200\u00a0m alentour. [\u2026]. C\u2019est la d\u00e9fense de nos commerces de proximit\u00e9 qui est en jeu. Qu\u2019on soit du 6e ou d\u2019ailleurs, on a le droit de vouloir pr\u00e9server un tissu \u00e9conomique de proximit\u00e9, des immeubles sp\u00e9cifiques et leur urbanisme, j\u2019aurais pu dire la m\u00eame chose de n\u2019importe quels villes ou villages de France. On a tous le droit de d\u00e9fendre l\u2019endroit qu\u2019on aime et o\u00f9 on vit, peu importe que ce soit en plein Paris ou ailleurs.\u00a0\u00bb<\/p>\n","protected":false},"excerpt":{"rendered":"Quand une simple affaire de quartier tourne \u00e0 la lutte des classes. Depuis plusieurs jours, l\u2019installation d\u2019un Carrefour&hellip;\n","protected":false},"author":2,"featured_media":264986,"comment_status":"","ping_status":"","sticky":false,"template":"","format":"standard","meta":{"footnotes":""},"categories":[1888],"tags":[1111,1928,11,1927,7345,40259,36362,2430,885,4304,215,1777,674,16827,1011,27,35698,662,39936,40455,2428,884,12,1926,883,626,1925,882,1306,25,2429,2431,1352],"class_list":{"0":"post-264985","1":"post","2":"type-post","3":"status-publish","4":"format-standard","5":"has-post-thumbnail","7":"category-paris","8":"tag-actu","9":"tag-actu-paris","10":"tag-actualites","11":"tag-actualites-paris","12":"tag-airbnb","13":"tag-alain-finkielkraut","14":"tag-alain-souchon","15":"tag-auvergne-rhone-alpes","16":"tag-bouches-du-rhone","17":"tag-carrefour","18":"tag-commerce","19":"tag-eu","20":"tag-europe","21":"tag-fast-food","22":"tag-fr","23":"tag-france","24":"tag-ian-brossat","25":"tag-ile-de-france","26":"tag-jacques-toubon","27":"tag-lutte-sociale","28":"tag-lyon","29":"tag-marseille","30":"tag-news","31":"tag-news-paris","32":"tag-paca","33":"tag-paris","34":"tag-paris-news","35":"tag-provence-alpes-cote-dazur","36":"tag-regions","37":"tag-republique-francaise","38":"tag-rhone","39":"tag-rhone-alpes","40":"tag-urbanisme"},"share_on_mastodon":{"url":"https:\/\/pubeurope.com\/@fr\/114895478037062534","error":""},"_links":{"self":[{"href":"https:\/\/www.europesays.com\/fr\/wp-json\/wp\/v2\/posts\/264985","targetHints":{"allow":["GET"]}}],"collection":[{"href":"https:\/\/www.europesays.com\/fr\/wp-json\/wp\/v2\/posts"}],"about":[{"href":"https:\/\/www.europesays.com\/fr\/wp-json\/wp\/v2\/types\/post"}],"author":[{"embeddable":true,"href":"https:\/\/www.europesays.com\/fr\/wp-json\/wp\/v2\/users\/2"}],"replies":[{"embeddable":true,"href":"https:\/\/www.europesays.com\/fr\/wp-json\/wp\/v2\/comments?post=264985"}],"version-history":[{"count":0,"href":"https:\/\/www.europesays.com\/fr\/wp-json\/wp\/v2\/posts\/264985\/revisions"}],"wp:featuredmedia":[{"embeddable":true,"href":"https:\/\/www.europesays.com\/fr\/wp-json\/wp\/v2\/media\/264986"}],"wp:attachment":[{"href":"https:\/\/www.europesays.com\/fr\/wp-json\/wp\/v2\/media?parent=264985"}],"wp:term":[{"taxonomy":"category","embeddable":true,"href":"https:\/\/www.europesays.com\/fr\/wp-json\/wp\/v2\/categories?post=264985"},{"taxonomy":"post_tag","embeddable":true,"href":"https:\/\/www.europesays.com\/fr\/wp-json\/wp\/v2\/tags?post=264985"}],"curies":[{"name":"wp","href":"https:\/\/api.w.org\/{rel}","templated":true}]}}