{"id":264987,"date":"2025-07-22T06:30:13","date_gmt":"2025-07-22T06:30:13","guid":{"rendered":"https:\/\/www.europesays.com\/fr\/264987\/"},"modified":"2025-07-22T06:30:13","modified_gmt":"2025-07-22T06:30:13","slug":"une-partie-de-la14-fermee-pour-travaux-durant-trois-semaines-et-demi-cet-ete-comment-rejoindre-paris","status":"publish","type":"post","link":"https:\/\/www.europesays.com\/fr\/264987\/","title":{"rendered":"Une partie de l&rsquo;A14 ferm\u00e9e pour travaux durant trois semaines et demi cet \u00e9t\u00e9 : comment rejoindre Paris"},"content":{"rendered":"<p>            Par<br \/>\n        <strong><br \/>\n            <a href=\"https:\/\/actu.fr\/auteur\/redaction-paris\" title=\"Consulter tous les articles de R\u00e9daction Paris\" rel=\"nofollow noopener\" target=\"_blank\">R\u00e9daction Paris<\/a><br \/>\n        <\/strong><\/p>\n<p>        Publi\u00e9 le<\/p>\n<p>            22 juil. 2025 \u00e0 7h50        <\/p>\n<p>Du lundi 4 ao\u00fbt en fin de soir\u00e9e (\u00e0 partir de 22 heures) au mercredi 27 ao\u00fbt matin (d\u00e8s 6 heures), plusieurs tron\u00e7ons de l\u2019autoroute A14, dans le <strong>sens Province-Paris<\/strong>, dont la voie des B\u00e2tisseurs et les acc\u00e8s c\u00f4t\u00e9 <a href=\"https:\/\/actu.fr\/ile-de-france\/puteaux_92062\" rel=\"nofollow noopener\" target=\"_blank\">Puteaux<\/a> et <a href=\"https:\/\/actu.fr\/ile-de-france\/la-garenne-colombes_92035\" rel=\"nofollow noopener\" target=\"_blank\">La Garenne-Colombes<\/a>, vont \u00eatre ferm\u00e9s \u00e0 la circulation. Alors que l\u2019\u00e9tablissement public <a href=\"https:\/\/actu.fr\/tag\/la-defense\" rel=\"nofollow noopener\" target=\"_blank\">Paris La D\u00e9fense<\/a> entreprend des travaux de modernisation des voies couvertes passant sous la dalle du quartier d\u2019affaires afin d\u2019installer un <strong>nouveau syst\u00e8me de d\u00e9senfumage<\/strong>, les travaux d\u2019ao\u00fbt portent sur l\u2019installation de celui-ci dans la voie des B\u00e2tisseurs.\u00a0<\/p>\n<p class=\" wall-content\">Une \u00e9tape qui viendra clore un important chantier de modernisation d\u00e9but\u00e9 en juillet 2023. Durant la fermeture la fermeture de l\u2019axe, plusieurs d\u00e9viations sont pr\u00e9vues et sont list\u00e9es ci-dessous.<\/p>\n<p>Quelles d\u00e9viations\u00a0?<\/p>\n<p class=\" wall-content\"><strong>Itin\u00e9raire de d\u00e9viation depuis\u00a0l\u2019A14\u00a0sens\u00a0Province-Paris\u00a0:<\/strong><\/p>\n<ul class=\" wall-content\">\n<li>poursuivre sur l\u2019A14 puis prendre la sortie 4 en direction de : La D\u00e9fense \u2013 Centre<\/li>\n<li>continuer ensuite sur la D914 et prendre la direction de : Paris \u2013 Neuilly-sur-Seine<\/li>\n<li>rejoindre la N13 direction : Paris<\/li>\n<\/ul>\n<p class=\" wall-content\"><strong>Itin\u00e9raire de d\u00e9viation depuis Puteaux (c\u00f4t\u00e9\u00a0Rose de Cherbourg)\u00a0:<\/strong><\/p>\n<ul class=\" wall-content\">\n<li>continuer puis prendre la D9A en direction de : La D\u00e9fense -Centre<\/li>\n<li>poursuivre sur D9 en direction de : Paris \u2013\u00a0Boulogne-Billancourt\u00a0<\/li>\n<li>au feu, prendre \u00e0 gauche en direction de : Paris \u2013\u00a0Boulogne-Billancourt\u00a0<\/li>\n<li>rejoindre ensuite la D914 et prendre la direction : Pais \u2013 Neuilly-sur-Seine<\/li>\n<li>rejoindre la N13 en direction de : Paris<\/li>\n<\/ul>\n<p class=\" wall-content\"><strong>Itin\u00e9raire de d\u00e9viation depuis La\u00a0Garenne-Colombes \/ Courbevoie (c\u00f4t\u00e9 Trinity)\u00a0:<\/strong><\/p>\n<ul class=\" wall-content\">\n<li>rouler tout droit en direction de : La D\u00e9fense -Centre<\/li>\n<li>poursuivre sur la D9 en suivant : Autres directions<\/li>\n<li>continuer ensuite sur la D9 en direction de : Paris \u2013 Boulogne-Billancourt\u00a0<\/li>\n<li>au feu, prendre \u00e0 gauche en direction de : Paris \u2013\u00a0Boulogne-Billancourt\u00a0<\/li>\n<li>rejoindre ensuite la D914 et prendre la direction : Paris \u2013 Neuilly-sur-Seine<\/li>\n<li>rejoindre la N13 en direction de : Paris<\/li>\n<\/ul>\n<p>Vid\u00e9os : en ce moment sur Actu<\/p>\n<p class=\" wall-content\">Suivez toute l\u2019actualit\u00e9 de vos villes et m\u00e9dias favoris en vous inscrivant \u00e0 <a href=\"https:\/\/moncompte.actu.fr\" title=\"D\u00e9couvez Mon Actu\" rel=\"nofollow noopener\" data-trk=\"{&quot;cta&quot;:{&quot;action&quot;:&quot;https:\\\/\\\/moncompte.actu.fr&quot;,&quot;category&quot;:&quot;mon compte&quot;,&quot;from&quot;:&quot;article footer&quot;,&quot;name&quot;:&quot;Mon actu&quot;,&quot;type&quot;:&quot;cta&quot;}}\" target=\"_blank\">Mon Actu<\/a>.<\/p>\n","protected":false},"excerpt":{"rendered":"Par R\u00e9daction Paris Publi\u00e9 le 22 juil. 2025 \u00e0 7h50 Du lundi 4 ao\u00fbt en fin de soir\u00e9e&hellip;\n","protected":false},"author":2,"featured_media":264988,"comment_status":"","ping_status":"","sticky":false,"template":"","format":"standard","meta":{"footnotes":""},"categories":[1888],"tags":[11,3542,1777,674,1011,27,12,626,25,104,2086],"class_list":{"0":"post-264987","1":"post","2":"type-post","3":"status-publish","4":"format-standard","5":"has-post-thumbnail","7":"category-paris","8":"tag-actualites","9":"tag-circulation","10":"tag-eu","11":"tag-europe","12":"tag-fr","13":"tag-france","14":"tag-news","15":"tag-paris","16":"tag-republique-francaise","17":"tag-societe","18":"tag-travaux"},"share_on_mastodon":{"url":"https:\/\/pubeurope.com\/@fr\/114895481944194987","error":""},"_links":{"self":[{"href":"https:\/\/www.europesays.com\/fr\/wp-json\/wp\/v2\/posts\/264987","targetHints":{"allow":["GET"]}}],"collection":[{"href":"https:\/\/www.europesays.com\/fr\/wp-json\/wp\/v2\/posts"}],"about":[{"href":"https:\/\/www.europesays.com\/fr\/wp-json\/wp\/v2\/types\/post"}],"author":[{"embeddable":true,"href":"https:\/\/www.europesays.com\/fr\/wp-json\/wp\/v2\/users\/2"}],"replies":[{"embeddable":true,"href":"https:\/\/www.europesays.com\/fr\/wp-json\/wp\/v2\/comments?post=264987"}],"version-history":[{"count":0,"href":"https:\/\/www.europesays.com\/fr\/wp-json\/wp\/v2\/posts\/264987\/revisions"}],"wp:featuredmedia":[{"embeddable":true,"href":"https:\/\/www.europesays.com\/fr\/wp-json\/wp\/v2\/media\/264988"}],"wp:attachment":[{"href":"https:\/\/www.europesays.com\/fr\/wp-json\/wp\/v2\/media?parent=264987"}],"wp:term":[{"taxonomy":"category","embeddable":true,"href":"https:\/\/www.europesays.com\/fr\/wp-json\/wp\/v2\/categories?post=264987"},{"taxonomy":"post_tag","embeddable":true,"href":"https:\/\/www.europesays.com\/fr\/wp-json\/wp\/v2\/tags?post=264987"}],"curies":[{"name":"wp","href":"https:\/\/api.w.org\/{rel}","templated":true}]}}