{"id":264991,"date":"2025-07-22T06:32:11","date_gmt":"2025-07-22T06:32:11","guid":{"rendered":"https:\/\/www.europesays.com\/fr\/264991\/"},"modified":"2025-07-22T06:32:11","modified_gmt":"2025-07-22T06:32:11","slug":"microsoft-va-offrir-a-la-france-un-jumeau-numerique-de-notre-dame-de-paris","status":"publish","type":"post","link":"https:\/\/www.europesays.com\/fr\/264991\/","title":{"rendered":"Microsoft va offrir \u00e0 la France un \u00ab\u00a0jumeau num\u00e9rique\u00a0\u00bb de Notre-Dame de Paris"},"content":{"rendered":"<p>  Par&amp;nbsp<a href=\"https:\/\/fr.euronews.com\/profils\/3487\" target=\"_blank\" rel=\"noopener\">Pascale Davies<\/a>&amp;nbsp&amp;&amp;nbsp<b>Jean Philippe LIABOT<\/b><\/p>\n<p>\n         Publi\u00e9 le<br \/>\n            22\/07\/2025 &#8211; 8:24 UTC+2\n            <\/p>\n<p>            <img decoding=\"async\" class=\"c-ad__placeholder__logo\" src=\"https:\/\/static.euronews.com\/website\/images\/logos\/logo-euronews-grey-6-180x22.svg\" width=\"180\" height=\"22\" alt=\"\" loading=\"lazy\"\/><br \/>\n            PUBLICIT\u00c9<\/p>\n<p>La cath\u00e9drale Notre-Dame de Paris a mis cinq ans \u00e0 \u00eatre reconstruite apr\u00e8s l&rsquo;incendie d\u00e9vastateur qui l&rsquo;a frapp\u00e9, mais un double num\u00e9rique aurait \u00e9t\u00e9 beaucoup plus simple et moins couteux, a fait remarquer <strong>Brad Smith<\/strong>, pr\u00e9sident de Microsoft, en novembre dernier.<\/p>\n<p>Lundi, le g\u00e9ant am\u00e9ricain a annonc\u00e9 que cette th\u00e9orie allait \u00eatre mise \u00e0 l&rsquo;\u00e9preuve et que la cath\u00e9drale, construite en 1345, aurait bient\u00f4t son \u00ab\u00a0jumeau num\u00e9rique\u00a0\u00bb.<\/p>\n<p>La r\u00e9plique num\u00e9rique de Notre-Dame est cr\u00e9\u00e9e avec l&rsquo;Institut du patrimoine du minist\u00e8re fran\u00e7ais de la Culture et la start-up <a href=\"https:\/\/iconem.fr\/\" target=\"_blank\" rel=\"noreferrer noopener\"><strong>Iconem<\/strong><\/a>. Elle associe l&rsquo;imagerie de pointe \u00e0 l&rsquo;intelligence artificielle (IA) pour produire le jumeau num\u00e9rique.<\/p>\n<p>L&rsquo;objectif est de \u00ab\u00a0pr\u00e9server de mani\u00e8re permanente sous forme num\u00e9rique chaque d\u00e9tail de Notre-Dame, en veillant \u00e0 ce que sa structure, son histoire et son symbolisme soient prot\u00e9g\u00e9s et accessibles pour les g\u00e9n\u00e9rations \u00e0 venir\u00a0\u00bb, a d\u00e9clar\u00e9 Brad Smith, le pr\u00e9sident de Microsoft, dans un billet de blog.<\/p>\n<p>Ce jumeau num\u00e9rique sera donn\u00e9 \u00e0 l&rsquo;\u00c9tat fran\u00e7ais et \u00ab\u00a0pourra \u00eatre utilis\u00e9 par les conservateurs et expos\u00e9 dans le futur mus\u00e9e Notre-Dame de Paris\u00a0\u00bb, a-t-il ajout\u00e9.<\/p>\n<p>Le projet permettra \u00e9galement de num\u00e9riser des d\u00e9cors d&rsquo;op\u00e9ra historiques et des millions d&rsquo;objets appartenant \u00e0 des institutions culturelles fran\u00e7aises de premier plan, tels que 15 000 maquettes ou d\u00e9cors provenant de spectacles pr\u00e9sent\u00e9s \u00e0 l&rsquo;Op\u00e9ra national de Paris entre 1800 et 1914.<\/p>\n<p>L&rsquo;objectif de Microsoft est de rendre ces collections accessibles au plus grand nombre, par le biais d&rsquo;exp\u00e9riences interactives sur sa plateforme.<\/p>\n<p>Le budget pr\u00e9cis et la date d&rsquo;ach\u00e8vement du projet ne sont pas encore connus, mais M. Smith a d\u00e9clar\u00e9 aux m\u00e9dias fran\u00e7ais que l&rsquo;op\u00e9ration prendrait au moins un an et co\u00fbterait probablement plusieurs millions de dollars.<\/p>\n<p>Ce projet fait suite \u00e0 un partenariat avec le Vatican pour la num\u00e9risation de la basilique Saint-Pierre.<\/p>\n<p>Microsoft a \u00e9galement annonc\u00e9 lundi qu&rsquo;elle agrandirait ses centres d&rsquo;innovation \u00e0 Strasbourg afin de stimuler le d\u00e9veloppement des langues europ\u00e9ennes dans les mod\u00e8les d&rsquo;IA, en particulier les langues europ\u00e9ennes sous-repr\u00e9sent\u00e9es.<\/p>\n<p>Windows de Microsoft comprend actuellement 90 langues, dont les 24 langues officielles europ\u00e9ennes, ainsi que le basque, le catalan, ou le galicien. <\/p>\n<p>L&rsquo;entreprise am\u00e9ricaine souhaite d\u00e9velopper ses langues et enrichir son stock de donn\u00e9es multilingues en collectant des donn\u00e9es \u00e0 partir d&rsquo;enregistrements sonores laiss\u00e9s sur la plateforme GitHub.<\/p>\n<p>Microsoft a indiqu\u00e9 qu&rsquo;elle h\u00e9bergerait et rendrait ensuite ces donn\u00e9es \u00ab\u00a0largement accessibles\u00a0\u00bb sur la plateforme <a href=\"https:\/\/huggingface.co\/\" target=\"_blank\" rel=\"noreferrer noopener\"><strong>Hugging Face<\/strong><\/a>.<\/p>\n<p><strong>Le projet europ\u00e9en<\/strong><\/p>\n<p>Microsoft tente de d\u00e9velopper sa marque en Europe et a annonc\u00e9 au d\u00e9but de l&rsquo;ann\u00e9e un plan intitul\u00e9 <a href=\"https:\/\/blogs.microsoft.com\/on-the-issues\/2025\/04\/30\/european-digital-commitments\/\" target=\"_blank\" rel=\"noreferrer noopener\"><strong>Engagements num\u00e9riques europ\u00e9ens<\/strong><\/a>. <\/p>\n<p>L&rsquo;entreprise a d\u00e9clar\u00e9 que son objectif \u00e9tait de d\u00e9velopper l&rsquo;IA et l&rsquo;infrastructure cloud, de renforcer la r\u00e9silience num\u00e9rique et les protections de la confidentialit\u00e9 des donn\u00e9es, d&rsquo;am\u00e9liorer la cybers\u00e9curit\u00e9 et de soutenir la souverainet\u00e9 num\u00e9rique et l&rsquo;\u00e9conomie plus large de l&rsquo;Europe.<\/p>\n<p>Toutefois, l&rsquo;Europe tente \u00e9galement de promouvoir sa propre infrastructure cloud souveraine et d\u00e9fend ses propres mod\u00e8les de langage \u00e0 grande \u00e9chelle (LLM) pour devenir moins d\u00e9pendante des entreprises de la Big Tech.<\/p>\n<p>Cela inclut, par exemple, les donn\u00e9es textuelles multilingues de GitHub et les ensembles de donn\u00e9es vocales. Le MOIC et GitHub s&rsquo;associeront \u00e0 Hugging Face, une plateforme de collaboration populaire pour le d\u00e9veloppement de mod\u00e8les d&rsquo;IA, afin d&rsquo;h\u00e9berger et de rendre les donn\u00e9es largement accessibles.<\/p>\n","protected":false},"excerpt":{"rendered":"Par&amp;nbspPascale Davies&amp;nbsp&amp;&amp;nbspJean Philippe LIABOT Publi\u00e9 le 22\/07\/2025 &#8211; 8:24 UTC+2 PUBLICIT\u00c9 La cath\u00e9drale Notre-Dame de Paris a mis&hellip;\n","protected":false},"author":2,"featured_media":264992,"comment_status":"","ping_status":"","sticky":false,"template":"","format":"standard","meta":{"footnotes":""},"categories":[1591],"tags":[11,1887,223,1855,5533,12,1885,1886,132,717],"class_list":{"0":"post-264991","1":"post","2":"type-post","3":"status-publish","4":"format-standard","5":"has-post-thumbnail","7":"category-russie","8":"tag-actualites","9":"tag-federation-de-russie","10":"tag-intelligence-artificielle","11":"tag-langues","12":"tag-microsoft","13":"tag-news","14":"tag-russia","15":"tag-russian-federation","16":"tag-russie","17":"tag-technologie"},"share_on_mastodon":{"url":"https:\/\/pubeurope.com\/@fr\/114895489861922994","error":""},"_links":{"self":[{"href":"https:\/\/www.europesays.com\/fr\/wp-json\/wp\/v2\/posts\/264991","targetHints":{"allow":["GET"]}}],"collection":[{"href":"https:\/\/www.europesays.com\/fr\/wp-json\/wp\/v2\/posts"}],"about":[{"href":"https:\/\/www.europesays.com\/fr\/wp-json\/wp\/v2\/types\/post"}],"author":[{"embeddable":true,"href":"https:\/\/www.europesays.com\/fr\/wp-json\/wp\/v2\/users\/2"}],"replies":[{"embeddable":true,"href":"https:\/\/www.europesays.com\/fr\/wp-json\/wp\/v2\/comments?post=264991"}],"version-history":[{"count":0,"href":"https:\/\/www.europesays.com\/fr\/wp-json\/wp\/v2\/posts\/264991\/revisions"}],"wp:featuredmedia":[{"embeddable":true,"href":"https:\/\/www.europesays.com\/fr\/wp-json\/wp\/v2\/media\/264992"}],"wp:attachment":[{"href":"https:\/\/www.europesays.com\/fr\/wp-json\/wp\/v2\/media?parent=264991"}],"wp:term":[{"taxonomy":"category","embeddable":true,"href":"https:\/\/www.europesays.com\/fr\/wp-json\/wp\/v2\/categories?post=264991"},{"taxonomy":"post_tag","embeddable":true,"href":"https:\/\/www.europesays.com\/fr\/wp-json\/wp\/v2\/tags?post=264991"}],"curies":[{"name":"wp","href":"https:\/\/api.w.org\/{rel}","templated":true}]}}