{"id":265001,"date":"2025-07-22T06:37:09","date_gmt":"2025-07-22T06:37:09","guid":{"rendered":"https:\/\/www.europesays.com\/fr\/265001\/"},"modified":"2025-07-22T06:37:09","modified_gmt":"2025-07-22T06:37:09","slug":"comment-la-russie-influence-les-flux-migratoires-depuis-la-libye-pour-destabiliser-leurope","status":"publish","type":"post","link":"https:\/\/www.europesays.com\/fr\/265001\/","title":{"rendered":"Comment la Russie influence les flux migratoires depuis la Libye pour d\u00e9stabiliser l\u2019Europe"},"content":{"rendered":"<p>La Gr\u00e8ce et l\u2019Italie tirent la sonnette d\u2019alarme. La pression migratoire venant de Libye est \u00e0 nouveau forte. A tel point que le premier ministre grec Kyriakos Mitsotakis vient d\u2019annoncer que son pays n\u2019acceptera plus de migrants pendant au moins trois mois, une d\u00e9cision vot\u00e9e par le parlement. Pr\u00e8s de 9000 migrants en provenance de Libye ont d\u00e9j\u00e0 d\u00e9barqu\u00e9 sur l\u2019\u00eele de Cr\u00e8te depuis janvier, plus du double de l\u2019an dernier. Ath\u00e8nes a envoy\u00e9 deux navires de guerre patrouiller au large de la Libye pour tenter de freiner des d\u00e9parts. En parall\u00e8le, une d\u00e9l\u00e9gation de l\u2019UE, compos\u00e9e du commissaire europ\u00e9en aux Migrations Magnus Brunner et de ministres italien, grec et maltais, soucieuse de faire baisser les tensions, a r\u00e9cemment \u00e9t\u00e9 d\u00e9clar\u00e9e non grata \u00e0 Benghazi par le gouvernement de l\u2019est de la Libye sous l\u2019\u00e9gide du mar\u00e9chal Khalifa Haftar, rival du gouvernement d\u2019unit\u00e9 nationale reconnu par l\u2019ONU bas\u00e9 \u00e0 Tripoli. Et a d\u00fb rebrousser chemin.<\/p>\n<p>Dans ce chaos, un acteur en particulier est montr\u00e9 du doigt: la Russie. Le Kremlin \u00e9tend son influence en Afrique du Nord. Et cela passe par l\u2019utilisation des migrants comme moyen de pression. De quoi inqui\u00e9ter l\u2019UE.<\/p>\n","protected":false},"excerpt":{"rendered":"La Gr\u00e8ce et l\u2019Italie tirent la sonnette d\u2019alarme. La pression migratoire venant de Libye est \u00e0 nouveau forte.&hellip;\n","protected":false},"author":2,"featured_media":265002,"comment_status":"","ping_status":"","sticky":false,"template":"","format":"standard","meta":{"footnotes":""},"categories":[1586],"tags":[11,1777,674,1011,27,10090,12,301,25,132,656,364,135],"class_list":{"0":"post-265001","1":"post","2":"type-post","3":"status-publish","4":"format-standard","5":"has-post-thumbnail","7":"category-europe","8":"tag-actualites","9":"tag-eu","10":"tag-europe","11":"tag-fr","12":"tag-france","13":"tag-migrations","14":"tag-news","15":"tag-premium","16":"tag-republique-francaise","17":"tag-russie","18":"tag-securite","19":"tag-union-europeenne","20":"tag-vladimir-poutine"},"share_on_mastodon":{"url":"https:\/\/pubeurope.com\/@fr\/114895509488995658","error":""},"_links":{"self":[{"href":"https:\/\/www.europesays.com\/fr\/wp-json\/wp\/v2\/posts\/265001","targetHints":{"allow":["GET"]}}],"collection":[{"href":"https:\/\/www.europesays.com\/fr\/wp-json\/wp\/v2\/posts"}],"about":[{"href":"https:\/\/www.europesays.com\/fr\/wp-json\/wp\/v2\/types\/post"}],"author":[{"embeddable":true,"href":"https:\/\/www.europesays.com\/fr\/wp-json\/wp\/v2\/users\/2"}],"replies":[{"embeddable":true,"href":"https:\/\/www.europesays.com\/fr\/wp-json\/wp\/v2\/comments?post=265001"}],"version-history":[{"count":0,"href":"https:\/\/www.europesays.com\/fr\/wp-json\/wp\/v2\/posts\/265001\/revisions"}],"wp:featuredmedia":[{"embeddable":true,"href":"https:\/\/www.europesays.com\/fr\/wp-json\/wp\/v2\/media\/265002"}],"wp:attachment":[{"href":"https:\/\/www.europesays.com\/fr\/wp-json\/wp\/v2\/media?parent=265001"}],"wp:term":[{"taxonomy":"category","embeddable":true,"href":"https:\/\/www.europesays.com\/fr\/wp-json\/wp\/v2\/categories?post=265001"},{"taxonomy":"post_tag","embeddable":true,"href":"https:\/\/www.europesays.com\/fr\/wp-json\/wp\/v2\/tags?post=265001"}],"curies":[{"name":"wp","href":"https:\/\/api.w.org\/{rel}","templated":true}]}}