{"id":265007,"date":"2025-07-22T06:40:16","date_gmt":"2025-07-22T06:40:16","guid":{"rendered":"https:\/\/www.europesays.com\/fr\/265007\/"},"modified":"2025-07-22T06:40:16","modified_gmt":"2025-07-22T06:40:16","slug":"mort-de-malcolm-jamal-warner-acteur-star-du-cosby-show-noye-au-costa-rica-a-54-ans","status":"publish","type":"post","link":"https:\/\/www.europesays.com\/fr\/265007\/","title":{"rendered":"Mort de Malcolm-Jamal Warner, acteur star du \u00ab\u00a0Cosby Show\u00a0\u00bb, noy\u00e9 au Costa Rica \u00e0 54\u00a0ans"},"content":{"rendered":"<p>        <img decoding=\"async\" loading=\"lazy\" src=\"https:\/\/www.europesays.com\/fr\/wp-content\/uploads\/2025\/07\/7af0382_upload-1-zpmno114dbhz-000-338l3h9.jpg\"  width=\"728\" height=\"409\" alt=\"L\u2019acteur am\u00e9ricain Malcolm-Jamal Warner, ici \u00e0 la 65e c\u00e9r\u00e9monie des Grammy Awards en 2023, est d\u00e9c\u00e9d\u00e9 ce lundi 21\u00a0juillet.\"\/>  <\/p>\n<p>ROBYN BECK \/ AFP<\/p>\n<p>L\u2019acteur am\u00e9ricain Malcolm-Jamal Warner, ici \u00e0 la 65e c\u00e9r\u00e9monie des Grammy Awards en 2023, est d\u00e9c\u00e9d\u00e9 ce lundi 21\u00a0juillet.<\/p>\n<p class=\"asset asset-text\">CULTURE &#8211; Une star du petit \u00e9cran pour des milliers d\u2019Am\u00e9ricains s\u2019en est all\u00e9e. L\u2019<a href=\"https:\/\/www.huffingtonpost.fr\/international\/article\/george-clooney-responsable-du-retrait-de-joe-biden-de-la-presidentielle-son-fils-hunter-l-accuse_252839.html\" rel=\"nofollow noopener\" target=\"_blank\">acteur am\u00e9ricain <\/a>Malcolm-Jamal Warner, connu pour son second r\u00f4le dans le Cosby\u00a0Show, est mort apr\u00e8s s\u2019\u00eatre noy\u00e9 accidentellement au <a href=\"https:\/\/www.huffingtonpost.fr\/environnement\/video\/le-costa-rica-est-en-guerre-contre-des-larves-de-mouches-carnivores_232451.html\" rel=\"nofollow noopener\" target=\"_blank\">Costa Rica<\/a>, a annonc\u00e9 ce lundi 21\u00a0juillet la police de ce pays.<\/p>\n<p class=\"asset asset-text\">Le com\u00e9dien de 54\u00a0ans avait incarn\u00e9 Theo, le cadet de la famille Huxtable, dans la c\u00e9l\u00e8bre s\u00e9rie des ann\u00e9es 80. Il avait \u00e9t\u00e9 nomm\u00e9 aux Emmy Awards, \u00e9quivalent des Oscars de la t\u00e9l\u00e9 am\u00e9ricaine, pour ce r\u00f4le.<\/p>\n<p class=\"asset asset-text\">L\u2019acteur est d\u00e9c\u00e9d\u00e9 dimanche \u00ab\u00a0par asphyxie\u00a0\u00bb apr\u00e8s s\u2019\u00eatre noy\u00e9 sur la plage de Coles de Cahuita (sud-est), selon un rapport de la police judiciaire costaricaine.<\/p>\n<p>    Une s\u00e9rie qui a marqu\u00e9 toute une g\u00e9n\u00e9ration aux \u00c9tats-Unis    <\/p>\n<p class=\"asset asset-text\">\u00ab\u00a0Un courant l\u2019aurait apparemment pouss\u00e9 au large\u00a0\u00bb pendant sa baignade, selon le rapport. Le com\u00e9dien a \u00e9t\u00e9 secouru par des personnes se trouvant sur la plage, mais des membres de la Croix-Rouge ont ensuite constat\u00e9 qu\u2019il \u00e9tait \u00ab\u00a0sans signes vitaux\u00a0\u00bb.<\/p>\n<p class=\"asset asset-text\">Selon la presse people am\u00e9ricaine, Malcolm-Jamal Warner \u00e9tait en vacances au Costa Rica. Contact\u00e9s par l\u2019AFP, ses repr\u00e9sentants n\u2019ont pas imm\u00e9diatement r\u00e9pondu.<\/p>\n<p class=\"asset asset-text\">Le\u00a0Cosby\u00a0Show a marqu\u00e9 toute une g\u00e9n\u00e9ration aux \u00c9tats-Unis, en chroniquant le destin d\u2019une famille afro-am\u00e9ricaine de la classe moyenne sup\u00e9rieure.<\/p>\n<p class=\"asset asset-text\">Apr\u00e8s la s\u00e9rie, Malcolm-Jamal Warner a poursuivi sa carri\u00e8re d\u2019acteur. Il a notamment eu son propre feuilleton, intitul\u00e9 Malcolm &amp;\u00a0Eddie, et est apparu dans la s\u00e9rie\u00a0Sons of Anarchy.<\/p>\n","protected":false},"excerpt":{"rendered":"ROBYN BECK \/ AFP L\u2019acteur am\u00e9ricain Malcolm-Jamal Warner, ici \u00e0 la 65e c\u00e9r\u00e9monie des Grammy Awards en 2023,&hellip;\n","protected":false},"author":2,"featured_media":265008,"comment_status":"","ping_status":"","sticky":false,"template":"","format":"standard","meta":{"footnotes":""},"categories":[2],"tags":[253,11,251,73,1011,27,4849,12,7781,25],"class_list":{"0":"post-265007","1":"post","2":"type-post","3":"status-publish","4":"format-standard","5":"has-post-thumbnail","7":"category-actualites","8":"tag-acteur","9":"tag-actualites","10":"tag-culture","11":"tag-etats-unis","12":"tag-fr","13":"tag-france","14":"tag-morts-en-2025","15":"tag-news","16":"tag-noyade","17":"tag-republique-francaise"},"share_on_mastodon":{"url":"https:\/\/pubeurope.com\/@fr\/114895521343564316","error":""},"_links":{"self":[{"href":"https:\/\/www.europesays.com\/fr\/wp-json\/wp\/v2\/posts\/265007","targetHints":{"allow":["GET"]}}],"collection":[{"href":"https:\/\/www.europesays.com\/fr\/wp-json\/wp\/v2\/posts"}],"about":[{"href":"https:\/\/www.europesays.com\/fr\/wp-json\/wp\/v2\/types\/post"}],"author":[{"embeddable":true,"href":"https:\/\/www.europesays.com\/fr\/wp-json\/wp\/v2\/users\/2"}],"replies":[{"embeddable":true,"href":"https:\/\/www.europesays.com\/fr\/wp-json\/wp\/v2\/comments?post=265007"}],"version-history":[{"count":0,"href":"https:\/\/www.europesays.com\/fr\/wp-json\/wp\/v2\/posts\/265007\/revisions"}],"wp:featuredmedia":[{"embeddable":true,"href":"https:\/\/www.europesays.com\/fr\/wp-json\/wp\/v2\/media\/265008"}],"wp:attachment":[{"href":"https:\/\/www.europesays.com\/fr\/wp-json\/wp\/v2\/media?parent=265007"}],"wp:term":[{"taxonomy":"category","embeddable":true,"href":"https:\/\/www.europesays.com\/fr\/wp-json\/wp\/v2\/categories?post=265007"},{"taxonomy":"post_tag","embeddable":true,"href":"https:\/\/www.europesays.com\/fr\/wp-json\/wp\/v2\/tags?post=265007"}],"curies":[{"name":"wp","href":"https:\/\/api.w.org\/{rel}","templated":true}]}}