{"id":265011,"date":"2025-07-22T06:42:14","date_gmt":"2025-07-22T06:42:14","guid":{"rendered":"https:\/\/www.europesays.com\/fr\/265011\/"},"modified":"2025-07-22T06:42:14","modified_gmt":"2025-07-22T06:42:14","slug":"haotong-li-de-lenfer-au-paradis","status":"publish","type":"post","link":"https:\/\/www.europesays.com\/fr\/265011\/","title":{"rendered":"Haotong Li, de l\u2019enfer au paradis"},"content":{"rendered":"<p>\t\t\t\t\t\t<img width=\"770\" height=\"557\" src=\"data:image\/svg+xml,%3Csvg%20xmlns=\" http:=\"\" class=\"img-responsive wp-post-image\" alt=\"\" decoding=\"async\" fetchpriority=\"high\" data-lazy- data-lazy- data-lazy-src=\"https:\/\/www.europesays.com\/fr\/wp-content\/uploads\/2025\/07\/litheopen2025-770x557.jpg\"\/>\t\t\t\t\t<\/p>\n<p>\t\t\t\t\t\t Partager cet article <\/p>\n<p class=\"screen-reader-text juiz_sps_maybe_hidden_text\">Partager la publication \u00ab\u00a0Haotong Li, de l\u2019enfer au paradis\u00a0\u00bb<\/p>\n<p><strong>Quatri\u00e8me ex aequo de The Open \u00e0 Portrush apr\u00e8s avoir partag\u00e9 la derni\u00e8re partie avec Scottie Scheffler, Haotong Li s\u2019est d\u2019ores et d\u00e9j\u00e0 assur\u00e9 un ticket pour le prochain Masters. D\u00e9sormais troisi\u00e8me de la Race to Duba\u00ef, il est aussi tr\u00e8s bien parti pour s\u2019offrir un droit de jeu sur le PGA Tour en 2026. Et dire qu\u2019\u00e0 la fin de l\u2019ann\u00e9e 2023, il voulait arr\u00eater le golf de haut niveau\u00a0!<\/strong><\/p>\n<p>\t\t\t\t\t<a id=\"180479\" href=\"https:\/\/www.swing.fr\/voyage\/35-14eme-edition-des-doubles-gosset-by-beachcomber\" target=\"_blank\" rel=\"sponsorised nofollow noopener\"><img decoding=\"async\" src=\"data:image\/svg+xml,%3Csvg%20xmlns=\" http:=\"\" class=\"img-responsive\" alt=\"\" data-lazy-src=\"https:\/\/www.europesays.com\/fr\/wp-content\/uploads\/2025\/07\/beachcomber-e01-doubles-gosset-26-1170x275-1.jpg\"\/><\/a><\/p>\n<p>En finissant dans le top 4 de <strong>The Open<\/strong> au <strong>Royal Portrush<\/strong> (avec <strong>Wyndham Clark<\/strong> et <strong>Matthew Fitzpatrick<\/strong>) gr\u00e2ce \u00e0 une derni\u00e8re carte de 70 (-1), <strong>Haotong Li<\/strong> s\u2019est assur\u00e9 un ticket pour le <strong>Masters 2026<\/strong>. Ce sera son troisi\u00e8me voyage \u00e0 <strong>Augusta<\/strong> apr\u00e8s 2018 (32e) et 2019 (43e).<\/p>\n<p>Il a \u00e9galement fait un pas tr\u00e8s important vers le <strong>PGA Tour<\/strong> l\u2019an prochain. Le Chinois \u00e2g\u00e9 de 29 ans pointe en effet \u00e0 <a href=\"https:\/\/www.europeantour.com\/dpworld-tour\/rankings\/overview\/rankings\/\" target=\"_blank\" rel=\"noopener nofollow\">la 3e place de la Race to Duba\u00ef avec 1 895,72 points<\/a>. Un v\u00e9ritable conte de f\u00e9e apr\u00e8s avoir v\u00e9cu l\u2019enfer.<\/p>\n<p>Haotong Li, vainqueur pr\u00e9coce du <strong>Volvo China Open<\/strong> \u00e0 20 ans puis du <strong>Duba\u00ef Desert Classic<\/strong> le 28 janvier 2018, a ainsi travers\u00e9 des p\u00e9riodes tr\u00e8s difficiles dans sa vie de golfeur professionnel. En manque total de r\u00e9sultats, victime de crises de nerfs \u00e0 r\u00e9p\u00e9titions, il finit la saison 2021 sur le <strong>DP World Tour<\/strong> \u00e0 la 460e place mondiale, gagne pourtant \u00e0 Munich le <strong>BMW International Open<\/strong> le 26 mai 2022 en play-off face au Belge <strong>Thomas Pieters<\/strong> avant de plonger fin 2023 \u00e0 la 498e place mondiale, manquant 18 cuts en 22 d\u00e9parts.<\/p>\n<p>\t\t\t\t\t<a id=\"180473\" href=\"https:\/\/eu.ping.com\/fr-fr\/clubs\/irons\/idi\" target=\"_blank\" rel=\"sponsorised nofollow noopener\"><img decoding=\"async\" src=\"data:image\/svg+xml,%3Csvg%20xmlns=\" http:=\"\" class=\"img-responsive\" alt=\"\" data-lazy-src=\"https:\/\/www.europesays.com\/fr\/wp-content\/uploads\/2025\/07\/ping-e07-fers-idi-1170x275-1.jpg\"\/><\/a><br \/>\nUn nouvel ami nomm\u00e9\u2026 Scottie Scheffler<\/p>\n<p>Apr\u00e8s avoir s\u00e9rieusement envisag\u00e9 d\u2019arr\u00eater sa carri\u00e8re au plus haut niveau, il s\u2019impose le 9 f\u00e9vrier dernier au <strong>Qatar Masters<\/strong>, relan\u00e7ant du m\u00eame coup sa destin\u00e9e apr\u00e8s avoir achev\u00e9 sa saison 2024 \u00e0 la\u2026 308e place mondiale\u00a0! Le voil\u00e0 aujourd\u2019hui aux portes du Circuit US avec l\u2019assurance de pouvoir s\u2019entra\u00eener avec\u2026 <strong>Scottie Scheffler<\/strong>\u00a0!<\/p>\n<p>\u00ab Je lui ai juste demand\u00e9 s\u2019il y avait un moment o\u00f9 je pourrais m\u2019entra\u00eener avec lui quand j\u2019irai au PGA Tour, et il a dit oui \u00bb, a-t-il d\u00e9clar\u00e9 \u00e0 la sortie du recording ce dimanche en Irlande du Nord. \u00ab\u00a0Mais je t\u2019ai dit que si je t\u2019\u00e9crivais, tu ferais mieux de me r\u00e9pondre, et il a r\u00e9pondu : \u00ab\u00a0Haotong, qui ?\u00a0\u00bb C\u2019\u00e9tait vraiment dr\u00f4le.\u00a0\u00bb<\/p>\n<p>Photo : Oisin Keniry\/R&amp;A\/R&amp;A via Getty Images<\/p>\n","protected":false},"excerpt":{"rendered":"Partager cet article Partager la publication \u00ab\u00a0Haotong Li, de l\u2019enfer au paradis\u00a0\u00bb Quatri\u00e8me ex aequo de The Open&hellip;\n","protected":false},"author":2,"featured_media":265012,"comment_status":"","ping_status":"","sticky":false,"template":"","format":"standard","meta":{"footnotes":""},"categories":[1418],"tags":[1011,27,1472,60],"class_list":{"0":"post-265011","1":"post","2":"type-post","3":"status-publish","4":"format-standard","5":"has-post-thumbnail","7":"category-golf","8":"tag-fr","9":"tag-france","10":"tag-golf","11":"tag-sports"},"share_on_mastodon":{"url":"https:\/\/pubeurope.com\/@fr\/114895529062488402","error":""},"_links":{"self":[{"href":"https:\/\/www.europesays.com\/fr\/wp-json\/wp\/v2\/posts\/265011","targetHints":{"allow":["GET"]}}],"collection":[{"href":"https:\/\/www.europesays.com\/fr\/wp-json\/wp\/v2\/posts"}],"about":[{"href":"https:\/\/www.europesays.com\/fr\/wp-json\/wp\/v2\/types\/post"}],"author":[{"embeddable":true,"href":"https:\/\/www.europesays.com\/fr\/wp-json\/wp\/v2\/users\/2"}],"replies":[{"embeddable":true,"href":"https:\/\/www.europesays.com\/fr\/wp-json\/wp\/v2\/comments?post=265011"}],"version-history":[{"count":0,"href":"https:\/\/www.europesays.com\/fr\/wp-json\/wp\/v2\/posts\/265011\/revisions"}],"wp:featuredmedia":[{"embeddable":true,"href":"https:\/\/www.europesays.com\/fr\/wp-json\/wp\/v2\/media\/265012"}],"wp:attachment":[{"href":"https:\/\/www.europesays.com\/fr\/wp-json\/wp\/v2\/media?parent=265011"}],"wp:term":[{"taxonomy":"category","embeddable":true,"href":"https:\/\/www.europesays.com\/fr\/wp-json\/wp\/v2\/categories?post=265011"},{"taxonomy":"post_tag","embeddable":true,"href":"https:\/\/www.europesays.com\/fr\/wp-json\/wp\/v2\/tags?post=265011"}],"curies":[{"name":"wp","href":"https:\/\/api.w.org\/{rel}","templated":true}]}}